{"id":14267,"date":"2021-04-08T09:52:39","date_gmt":"2021-04-08T07:52:39","guid":{"rendered":"http:\/\/agora.xtec.cat\/ceip-torrojaimiret\/?p=14267"},"modified":"2021-04-08T09:55:22","modified_gmt":"2021-04-08T07:55:22","slug":"beisbol-5-a-lescola","status":"publish","type":"post","link":"https:\/\/agora.xtec.cat\/ceip-torrojaimiret\/general\/beisbol-5-a-lescola\/","title":{"rendered":"Beisbol 5 a l\u2019escola!"},"content":{"rendered":"<p>Durant l&#8217;\u00faltima setmana de mar\u00e7 els cursos de 3r, 4t, 5\u00e8 i 6\u00e8 de prim\u00e0ria de la nostra escola van poder rebre una visita molt especial durant les classes d&#8217;Educaci\u00f3 F\u00edsica. Es van realitzar formacions d&#8217;iniciaci\u00f3 al beisbol de la m\u00e0 del Club de Beisbol Wolves i del Consell Esportiu del Tarragon\u00e8s. Totes les activitats van ser dirigides per l&#8217;entrenador Marc Sang\u00fcesa Vidal i supervisades pels professors habituals, sempre, cumplint amb les mesures de prevenci\u00f3 al contagi, desinfecci\u00f3, mascareta i dist\u00e0nciament. La pr\u00e0ctica es va centrar en la modalitat &#8220;Beisbol 5&#8221; utilitzant el nou camp pintat de vermell al pati de l&#8217;escola. Aquesta modalitat t\u00e9 com a particularitat que la pilota es bateja amb la m\u00e0 mantenint l&#8217;esc\u00e8ncia i la din\u00e0mica del beisbol original.<\/p>\n<p>El Club de Beisbol Wolves desitja que tot l&#8217;alumnat pugui con\u00e8ixer esports i din\u00e0miques diferents a les que estan habituats. Veient l&#8217;entusiasme i la motivaci\u00f3 que han mostrat, Wolves proposar\u00e0, a trav\u00e9s del Consell Esportiu, activitats Extraescolars de Beisbol original i de Beisbol 5 un cop es permetin i els alumnes puguin tornar a recuperar la normalitat escolar i esportiva. Actualment, Wolves competeix en Beisbol en les competicions Oficials organitzades per la Federaci\u00f3 Catalana de Beisbol i Softbol, s&#8217;anima a qui pugui jugar i batejar a con\u00e8ixer el Club i con\u00e8ixer la resta de jugadors\/es.<\/p>\n<p>Contacte<br \/>\nEmail: info@beisboltarragona.com<br \/>\nWhatsapp: 644021903<br \/>\nEspai web: www.beisboltarragona.com<\/p>\n<p><a href=\"https:\/\/photos.app.goo.gl\/BdFFi4d1P2s2ARuf6\">Fotos<\/a><\/p>\n","protected":false},"excerpt":{"rendered":"<p>Durant l&#8217;\u00faltima setmana de mar\u00e7 els cursos de 3r, 4t, 5\u00e8 i 6\u00e8 de prim\u00e0ria de la nostra escola van poder rebre una visita molt especial durant les classes d&#8217;Educaci\u00f3 F\u00edsica. Es van realitzar formacions d&#8217;iniciaci\u00f3 al beisbol de la m\u00e0 del Club de Beisbol Wolves i del Consell Esportiu del Tarragon\u00e8s. Totes les activitats [&hellip;]<\/p>\n","protected":false},"author":37,"featured_media":14268,"comment_status":"closed","ping_status":"closed","sticky":false,"template":"","format":"standard","meta":{"_bbp_topic_count":0,"_bbp_reply_count":0,"_bbp_total_topic_count":0,"_bbp_total_reply_count":0,"_bbp_voice_count":0,"_bbp_anonymous_reply_count":0,"_bbp_topic_count_hidden":0,"_bbp_reply_count_hidden":0,"_bbp_forum_subforum_count":0,"site-sidebar-layout":"default","site-content-layout":"","ast-site-content-layout":"","site-content-style":"default","site-sidebar-style":"default","ast-global-header-display":"","ast-banner-title-visibility":"","ast-main-header-display":"","ast-hfb-above-header-display":"","ast-hfb-below-header-display":"","ast-hfb-mobile-header-display":"","site-post-title":"","ast-breadcrumbs-content":"","ast-featured-img":"","footer-sml-layout":"","theme-transparent-header-meta":"","adv-header-id-meta":"","stick-header-meta":"","header-above-stick-meta":"","header-main-stick-meta":"","header-below-stick-meta":"","astra-migrate-meta-layouts":"default","ast-page-background-enabled":"default","ast-page-background-meta":{"desktop":{"background-color":"var(--ast-global-color-4)","background-image":"","background-repeat":"repeat","background-position":"center center","background-size":"auto","background-attachment":"scroll","background-type":"","background-media":"","overlay-type":"","overlay-color":"","overlay-opacity":"","overlay-gradient":""},"tablet":{"background-color":"","background-image":"","background-repeat":"repeat","background-position":"center center","background-size":"auto","background-attachment":"scroll","background-type":"","background-media":"","overlay-type":"","overlay-color":"","overlay-opacity":"","overlay-gradient":""},"mobile":{"background-color":"","background-image":"","background-repeat":"repeat","background-position":"center center","background-size":"auto","background-attachment":"scroll","background-type":"","background-media":"","overlay-type":"","overlay-color":"","overlay-opacity":"","overlay-gradient":""}},"ast-content-background-meta":{"desktop":{"background-color":"var(--ast-global-color-5)","background-image":"","background-repeat":"repeat","background-position":"center center","background-size":"auto","background-attachment":"scroll","background-type":"","background-media":"","overlay-type":"","overlay-color":"","overlay-opacity":"","overlay-gradient":""},"tablet":{"background-color":"var(--ast-global-color-5)","background-image":"","background-repeat":"repeat","background-position":"center center","background-size":"auto","background-attachment":"scroll","background-type":"","background-media":"","overlay-type":"","overlay-color":"","overlay-opacity":"","overlay-gradient":""},"mobile":{"background-color":"var(--ast-global-color-5)","background-image":"","background-repeat":"repeat","background-position":"center center","background-size":"auto","background-attachment":"scroll","background-type":"","background-media":"","overlay-type":"","overlay-color":"","overlay-opacity":"","overlay-gradient":""}},"footnotes":""},"categories":[12,13,14,15,1,69,4,5],"tags":[],"class_list":["post-14267","post","type-post","status-publish","format-standard","has-post-thumbnail","hentry","category-3r","category-4t","category-5e","category-6e","category-general","category-laula-ded-fisica","category-portada","category-primaria"],"post_mailing_queue_ids":[],"_links":{"self":[{"href":"https:\/\/agora.xtec.cat\/ceip-torrojaimiret\/wp-json\/wp\/v2\/posts\/14267","targetHints":{"allow":["GET"]}}],"collection":[{"href":"https:\/\/agora.xtec.cat\/ceip-torrojaimiret\/wp-json\/wp\/v2\/posts"}],"about":[{"href":"https:\/\/agora.xtec.cat\/ceip-torrojaimiret\/wp-json\/wp\/v2\/types\/post"}],"author":[{"embeddable":true,"href":"https:\/\/agora.xtec.cat\/ceip-torrojaimiret\/wp-json\/wp\/v2\/users\/37"}],"replies":[{"embeddable":true,"href":"https:\/\/agora.xtec.cat\/ceip-torrojaimiret\/wp-json\/wp\/v2\/comments?post=14267"}],"version-history":[{"count":2,"href":"https:\/\/agora.xtec.cat\/ceip-torrojaimiret\/wp-json\/wp\/v2\/posts\/14267\/revisions"}],"predecessor-version":[{"id":14270,"href":"https:\/\/agora.xtec.cat\/ceip-torrojaimiret\/wp-json\/wp\/v2\/posts\/14267\/revisions\/14270"}],"wp:featuredmedia":[{"embeddable":true,"href":"https:\/\/agora.xtec.cat\/ceip-torrojaimiret\/wp-json\/wp\/v2\/media\/14268"}],"wp:attachment":[{"href":"https:\/\/agora.xtec.cat\/ceip-torrojaimiret\/wp-json\/wp\/v2\/media?parent=14267"}],"wp:term":[{"taxonomy":"category","embeddable":true,"href":"https:\/\/agora.xtec.cat\/ceip-torrojaimiret\/wp-json\/wp\/v2\/categories?post=14267"},{"taxonomy":"post_tag","embeddable":true,"href":"https:\/\/agora.xtec.cat\/ceip-torrojaimiret\/wp-json\/wp\/v2\/tags?post=14267"}],"curies":[{"name":"wp","href":"https:\/\/api.w.org\/{rel}","templated":true}]}}