{"id":14249,"date":"2021-03-27T08:13:49","date_gmt":"2021-03-27T07:13:49","guid":{"rendered":"http:\/\/agora.xtec.cat\/ceip-torrojaimiret\/?p=14249"},"modified":"2021-03-27T08:35:08","modified_gmt":"2021-03-27T07:35:08","slug":"a-cicle-mitja-celebrem-el-dia-de-la-poesia","status":"publish","type":"post","link":"https:\/\/agora.xtec.cat\/ceip-torrojaimiret\/general\/a-cicle-mitja-celebrem-el-dia-de-la-poesia\/","title":{"rendered":"A Cicle Mitj\u00e0 celebrem el Dia de la Poesia"},"content":{"rendered":"<p style=\"text-align: justify;\"><a href=\"https:\/\/agora.xtec.cat\/ceip-torrojaimiret\/wp-content\/uploads\/usu1688\/2021\/03\/16.jpg\"><img loading=\"lazy\" decoding=\"async\" class=\" wp-image-14250 alignright\" src=\"https:\/\/agora.xtec.cat\/ceip-torrojaimiret\/wp-content\/uploads\/usu1688\/2021\/03\/16.jpg\" alt=\"\" width=\"424\" height=\"226\" srcset=\"https:\/\/agora.xtec.cat\/ceip-torrojaimiret\/wp-content\/uploads\/usu1688\/2021\/03\/16.jpg 640w, https:\/\/agora.xtec.cat\/ceip-torrojaimiret\/wp-content\/uploads\/usu1688\/2021\/03\/16-300x160.jpg 300w\" sizes=\"auto, (max-width: 424px) 100vw, 424px\" \/><\/a> L\u2019alumnat de 3r i 4t, per commemorar el Dia Mundial de la Poesia, hem treballat a l\u2019aula fent diferents activitats: recitant poemes, creant cal\u00b7ligrames, il\u00b7lustrant poemes i, fins i tot, cantant rap.<\/p>\n<p style=\"text-align: justify;\">L\u2019alumnat de 3r hem treballat la lectura i comprensi\u00f3 d\u2019un poema i tamb\u00e9 l\u2019estudi i recitat individual i grupal. Hem realitzat diferents cal\u00b7ligrames amb els seus poemes com han estat: \u201cLa papallona\u201d de Joana Raspall; \u201cLa tempesta\u201d de Lola Casas; \u201cL\u2019estrella de mar\u201d de l\u2019Olga Xirinacs; \u201cLa Marina\u201d de Josep M\u00aa Sala i \u201cBombolles\u201d de Joana Raspall. Tamb\u00e9 hem recitat poemes en castell\u00e0 i fins tot n\u2019hem cantat un a ritme de rap.<\/p>\n<p style=\"text-align: justify;\">Per acabar, hem realitzar un mural entre tots els grups. Hem gaudit tant amb els cal\u00b7ligrames que durant les vacances en prepararem un!<\/p>\n<p style=\"text-align: justify;\">I l\u2019alumnat de 4 hem treballat diferents activitats en relaci\u00f3 amb el poema \u201cLa ginesta\u201d de Joan Maragall. Hem llegit i recitat el poema tant a nivel grupal com individual ressaltant la import\u00e0ncia de la rima a cada vers. Tamb\u00e9 hem fet un treball de dibuix col\u00b7laboratiu a on cada alumne dibuixava el que per ell representava el vers i\/o l\u2019estrofa que l\u2019havia tocat treballar.<\/p>\n<p style=\"text-align: justify;\">A m\u00e9s, hem treballat el cal\u00b7ligrama com a poema visual i cadasc\u00fa ha crear el seu propi, creant a m\u00e9s un en format mural tot deixant anar la imaginaci\u00f3 i la creativitat. I per finalitzar hem acabat fent una petita figura de papiroflexia d\u2019un dels poemes treballats.<\/p>\n<p style=\"text-align: justify;\">Podeu veure en el seg\u00fcent <a href=\"https:\/\/drive.google.com\/drive\/folders\/1-JrYc-RD8Rz-xNUR0ofpFXF6WLmivwnJ?usp=sharing\" target=\"_blank\" rel=\"noopener noreferrer\"><em><strong>ENLLA\u00c7<\/strong> <\/em><\/a>totes les fotos d\u2019aquestes activitats.<\/p>\n","protected":false},"excerpt":{"rendered":"<p>L\u2019alumnat de 3r i 4t, per commemorar el Dia Mundial de la Poesia, hem treballat a l\u2019aula fent diferents activitats: recitant poemes, creant cal\u00b7ligrames, il\u00b7lustrant poemes i, fins i tot, cantant rap. L\u2019alumnat de 3r hem treballat la lectura i comprensi\u00f3 d\u2019un poema i tamb\u00e9 l\u2019estudi i recitat individual i grupal. Hem realitzat diferents cal\u00b7ligrames [&hellip;]<\/p>\n","protected":false},"author":37,"featured_media":14250,"comment_status":"closed","ping_status":"closed","sticky":false,"template":"","format":"standard","meta":{"_bbp_topic_count":0,"_bbp_reply_count":0,"_bbp_total_topic_count":0,"_bbp_total_reply_count":0,"_bbp_voice_count":0,"_bbp_anonymous_reply_count":0,"_bbp_topic_count_hidden":0,"_bbp_reply_count_hidden":0,"_bbp_forum_subforum_count":0,"site-sidebar-layout":"default","site-content-layout":"","ast-site-content-layout":"","site-content-style":"default","site-sidebar-style":"default","ast-global-header-display":"","ast-banner-title-visibility":"","ast-main-header-display":"","ast-hfb-above-header-display":"","ast-hfb-below-header-display":"","ast-hfb-mobile-header-display":"","site-post-title":"","ast-breadcrumbs-content":"","ast-featured-img":"","footer-sml-layout":"","theme-transparent-header-meta":"","adv-header-id-meta":"","stick-header-meta":"","header-above-stick-meta":"","header-main-stick-meta":"","header-below-stick-meta":"","astra-migrate-meta-layouts":"default","ast-page-background-enabled":"default","ast-page-background-meta":{"desktop":{"background-color":"var(--ast-global-color-4)","background-image":"","background-repeat":"repeat","background-position":"center center","background-size":"auto","background-attachment":"scroll","background-type":"","background-media":"","overlay-type":"","overlay-color":"","overlay-opacity":"","overlay-gradient":""},"tablet":{"background-color":"","background-image":"","background-repeat":"repeat","background-position":"center center","background-size":"auto","background-attachment":"scroll","background-type":"","background-media":"","overlay-type":"","overlay-color":"","overlay-opacity":"","overlay-gradient":""},"mobile":{"background-color":"","background-image":"","background-repeat":"repeat","background-position":"center center","background-size":"auto","background-attachment":"scroll","background-type":"","background-media":"","overlay-type":"","overlay-color":"","overlay-opacity":"","overlay-gradient":""}},"ast-content-background-meta":{"desktop":{"background-color":"var(--ast-global-color-5)","background-image":"","background-repeat":"repeat","background-position":"center center","background-size":"auto","background-attachment":"scroll","background-type":"","background-media":"","overlay-type":"","overlay-color":"","overlay-opacity":"","overlay-gradient":""},"tablet":{"background-color":"var(--ast-global-color-5)","background-image":"","background-repeat":"repeat","background-position":"center center","background-size":"auto","background-attachment":"scroll","background-type":"","background-media":"","overlay-type":"","overlay-color":"","overlay-opacity":"","overlay-gradient":""},"mobile":{"background-color":"var(--ast-global-color-5)","background-image":"","background-repeat":"repeat","background-position":"center center","background-size":"auto","background-attachment":"scroll","background-type":"","background-media":"","overlay-type":"","overlay-color":"","overlay-opacity":"","overlay-gradient":""}},"footnotes":""},"categories":[12,13,1,72,4,5],"tags":[107,281,133,93],"class_list":["post-14249","post","type-post","status-publish","format-standard","has-post-thumbnail","hentry","category-3r","category-4t","category-general","category-noticies","category-portada","category-primaria","tag-cicle-mitja","tag-dia-de-la-poesia","tag-quart","tag-tercer"],"post_mailing_queue_ids":[],"_links":{"self":[{"href":"https:\/\/agora.xtec.cat\/ceip-torrojaimiret\/wp-json\/wp\/v2\/posts\/14249","targetHints":{"allow":["GET"]}}],"collection":[{"href":"https:\/\/agora.xtec.cat\/ceip-torrojaimiret\/wp-json\/wp\/v2\/posts"}],"about":[{"href":"https:\/\/agora.xtec.cat\/ceip-torrojaimiret\/wp-json\/wp\/v2\/types\/post"}],"author":[{"embeddable":true,"href":"https:\/\/agora.xtec.cat\/ceip-torrojaimiret\/wp-json\/wp\/v2\/users\/37"}],"replies":[{"embeddable":true,"href":"https:\/\/agora.xtec.cat\/ceip-torrojaimiret\/wp-json\/wp\/v2\/comments?post=14249"}],"version-history":[{"count":3,"href":"https:\/\/agora.xtec.cat\/ceip-torrojaimiret\/wp-json\/wp\/v2\/posts\/14249\/revisions"}],"predecessor-version":[{"id":14254,"href":"https:\/\/agora.xtec.cat\/ceip-torrojaimiret\/wp-json\/wp\/v2\/posts\/14249\/revisions\/14254"}],"wp:featuredmedia":[{"embeddable":true,"href":"https:\/\/agora.xtec.cat\/ceip-torrojaimiret\/wp-json\/wp\/v2\/media\/14250"}],"wp:attachment":[{"href":"https:\/\/agora.xtec.cat\/ceip-torrojaimiret\/wp-json\/wp\/v2\/media?parent=14249"}],"wp:term":[{"taxonomy":"category","embeddable":true,"href":"https:\/\/agora.xtec.cat\/ceip-torrojaimiret\/wp-json\/wp\/v2\/categories?post=14249"},{"taxonomy":"post_tag","embeddable":true,"href":"https:\/\/agora.xtec.cat\/ceip-torrojaimiret\/wp-json\/wp\/v2\/tags?post=14249"}],"curies":[{"name":"wp","href":"https:\/\/api.w.org\/{rel}","templated":true}]}}