{"id":14080,"date":"2021-02-18T13:55:14","date_gmt":"2021-02-18T12:55:14","guid":{"rendered":"http:\/\/agora.xtec.cat\/ceip-torrojaimiret\/?p=14080"},"modified":"2021-02-19T19:12:00","modified_gmt":"2021-02-19T18:12:00","slug":"millorem-la-lectura-i-lexpressio-oral","status":"publish","type":"post","link":"https:\/\/agora.xtec.cat\/ceip-torrojaimiret\/general\/millorem-la-lectura-i-lexpressio-oral\/","title":{"rendered":"MILLOREM LA LECTURA I L\u2019EXPRESSI\u00d3 ORAL"},"content":{"rendered":"<p style=\"text-align: justify;\"><a href=\"https:\/\/agora.xtec.cat\/ceip-torrojaimiret\/wp-content\/uploads\/usu1688\/2021\/02\/IMG-20210211-WA0006.jpg\"><img loading=\"lazy\" decoding=\"async\" class=\"alignright  wp-image-14144\" src=\"https:\/\/agora.xtec.cat\/ceip-torrojaimiret\/wp-content\/uploads\/usu1688\/2021\/02\/IMG-20210211-WA0006.jpg\" alt=\"\" width=\"302\" height=\"360\" srcset=\"https:\/\/agora.xtec.cat\/ceip-torrojaimiret\/wp-content\/uploads\/usu1688\/2021\/02\/IMG-20210211-WA0006.jpg 531w, https:\/\/agora.xtec.cat\/ceip-torrojaimiret\/wp-content\/uploads\/usu1688\/2021\/02\/IMG-20210211-WA0006-252x300.jpg 252w\" sizes=\"auto, (max-width: 302px) 100vw, 302px\" \/><\/a>L&#8217;alumnat de 3r hem iniciat una activitat setmanal on cadascun de nosaltres es prepara una lectura per llegir en veu alta a la resta de companys.<\/p>\n<p style=\"text-align: justify;\">Aquesta preparaci\u00f3 consisteix a llegir, subratllar, entonar, tenir en compte els signes de puntuaci\u00f3 i buscar aquelles paraules que desconeixem. Pot ser molt divertit!<\/p>\n<p style=\"text-align: justify;\">Tamb\u00e9, cada alumne\/a es prepara una exposici\u00f3 oral amb una planificaci\u00f3. Tot seguit, s\u2019autoavaluen. A poc a poc anem aprenent a parlar en p\u00fablic i a entendre qu\u00e8 \u00e9s all\u00f2 qu\u00e8 volem dir i transmetre.<\/p>\n<p style=\"text-align: justify;\">En aquest <a href=\"https:\/\/drive.google.com\/drive\/folders\/1NHS3rTRk5rlvn8j7lQbZNMWIWz3MoEMp?usp=sharing\">enlla\u00e7<\/a> anirem afegint les fotos de cada setmana.<\/p>\n<p>&nbsp;<\/p>\n","protected":false},"excerpt":{"rendered":"<p>L&#8217;alumnat de 3r hem iniciat una activitat setmanal on cadascun de nosaltres es prepara una lectura per llegir en veu alta a la resta de companys. Aquesta preparaci\u00f3 consisteix a llegir, subratllar, entonar, tenir en compte els signes de puntuaci\u00f3 i buscar aquelles paraules que desconeixem. Pot ser molt divertit! Tamb\u00e9, cada alumne\/a es prepara [&hellip;]<\/p>\n","protected":false},"author":37,"featured_media":14144,"comment_status":"closed","ping_status":"closed","sticky":false,"template":"","format":"standard","meta":{"_bbp_topic_count":0,"_bbp_reply_count":0,"_bbp_total_topic_count":0,"_bbp_total_reply_count":0,"_bbp_voice_count":0,"_bbp_anonymous_reply_count":0,"_bbp_topic_count_hidden":0,"_bbp_reply_count_hidden":0,"_bbp_forum_subforum_count":0,"site-sidebar-layout":"default","site-content-layout":"","ast-site-content-layout":"","site-content-style":"default","site-sidebar-style":"default","ast-global-header-display":"","ast-banner-title-visibility":"","ast-main-header-display":"","ast-hfb-above-header-display":"","ast-hfb-below-header-display":"","ast-hfb-mobile-header-display":"","site-post-title":"","ast-breadcrumbs-content":"","ast-featured-img":"","footer-sml-layout":"","theme-transparent-header-meta":"","adv-header-id-meta":"","stick-header-meta":"","header-above-stick-meta":"","header-main-stick-meta":"","header-below-stick-meta":"","astra-migrate-meta-layouts":"default","ast-page-background-enabled":"default","ast-page-background-meta":{"desktop":{"background-color":"var(--ast-global-color-4)","background-image":"","background-repeat":"repeat","background-position":"center center","background-size":"auto","background-attachment":"scroll","background-type":"","background-media":"","overlay-type":"","overlay-color":"","overlay-opacity":"","overlay-gradient":""},"tablet":{"background-color":"","background-image":"","background-repeat":"repeat","background-position":"center center","background-size":"auto","background-attachment":"scroll","background-type":"","background-media":"","overlay-type":"","overlay-color":"","overlay-opacity":"","overlay-gradient":""},"mobile":{"background-color":"","background-image":"","background-repeat":"repeat","background-position":"center center","background-size":"auto","background-attachment":"scroll","background-type":"","background-media":"","overlay-type":"","overlay-color":"","overlay-opacity":"","overlay-gradient":""}},"ast-content-background-meta":{"desktop":{"background-color":"var(--ast-global-color-5)","background-image":"","background-repeat":"repeat","background-position":"center center","background-size":"auto","background-attachment":"scroll","background-type":"","background-media":"","overlay-type":"","overlay-color":"","overlay-opacity":"","overlay-gradient":""},"tablet":{"background-color":"var(--ast-global-color-5)","background-image":"","background-repeat":"repeat","background-position":"center center","background-size":"auto","background-attachment":"scroll","background-type":"","background-media":"","overlay-type":"","overlay-color":"","overlay-opacity":"","overlay-gradient":""},"mobile":{"background-color":"var(--ast-global-color-5)","background-image":"","background-repeat":"repeat","background-position":"center center","background-size":"auto","background-attachment":"scroll","background-type":"","background-media":"","overlay-type":"","overlay-color":"","overlay-opacity":"","overlay-gradient":""}},"footnotes":""},"categories":[12,1,72,4,5],"tags":[107,137,93],"class_list":["post-14080","post","type-post","status-publish","format-standard","has-post-thumbnail","hentry","category-3r","category-general","category-noticies","category-portada","category-primaria","tag-cicle-mitja","tag-lectura","tag-tercer"],"post_mailing_queue_ids":[],"_links":{"self":[{"href":"https:\/\/agora.xtec.cat\/ceip-torrojaimiret\/wp-json\/wp\/v2\/posts\/14080","targetHints":{"allow":["GET"]}}],"collection":[{"href":"https:\/\/agora.xtec.cat\/ceip-torrojaimiret\/wp-json\/wp\/v2\/posts"}],"about":[{"href":"https:\/\/agora.xtec.cat\/ceip-torrojaimiret\/wp-json\/wp\/v2\/types\/post"}],"author":[{"embeddable":true,"href":"https:\/\/agora.xtec.cat\/ceip-torrojaimiret\/wp-json\/wp\/v2\/users\/37"}],"replies":[{"embeddable":true,"href":"https:\/\/agora.xtec.cat\/ceip-torrojaimiret\/wp-json\/wp\/v2\/comments?post=14080"}],"version-history":[{"count":3,"href":"https:\/\/agora.xtec.cat\/ceip-torrojaimiret\/wp-json\/wp\/v2\/posts\/14080\/revisions"}],"predecessor-version":[{"id":14145,"href":"https:\/\/agora.xtec.cat\/ceip-torrojaimiret\/wp-json\/wp\/v2\/posts\/14080\/revisions\/14145"}],"wp:featuredmedia":[{"embeddable":true,"href":"https:\/\/agora.xtec.cat\/ceip-torrojaimiret\/wp-json\/wp\/v2\/media\/14144"}],"wp:attachment":[{"href":"https:\/\/agora.xtec.cat\/ceip-torrojaimiret\/wp-json\/wp\/v2\/media?parent=14080"}],"wp:term":[{"taxonomy":"category","embeddable":true,"href":"https:\/\/agora.xtec.cat\/ceip-torrojaimiret\/wp-json\/wp\/v2\/categories?post=14080"},{"taxonomy":"post_tag","embeddable":true,"href":"https:\/\/agora.xtec.cat\/ceip-torrojaimiret\/wp-json\/wp\/v2\/tags?post=14080"}],"curies":[{"name":"wp","href":"https:\/\/api.w.org\/{rel}","templated":true}]}}