{"id":13961,"date":"2021-02-15T03:09:15","date_gmt":"2021-02-15T02:09:15","guid":{"rendered":"http:\/\/agora.xtec.cat\/ceip-torrojaimiret\/?p=13961"},"modified":"2021-02-15T03:12:44","modified_gmt":"2021-02-15T02:12:44","slug":"molt-amics-del-carnaval","status":"publish","type":"post","link":"https:\/\/agora.xtec.cat\/ceip-torrojaimiret\/general\/molt-amics-del-carnaval\/","title":{"rendered":"Molt amics del Carnaval!"},"content":{"rendered":"<p style=\"text-align: justify;\"><a href=\"https:\/\/agora.xtec.cat\/ceip-torrojaimiret\/wp-content\/uploads\/usu1688\/2021\/02\/20210212_150024.jpg\"><img loading=\"lazy\" decoding=\"async\" class=\"alignright wp-image-13962\" src=\"https:\/\/agora.xtec.cat\/ceip-torrojaimiret\/wp-content\/uploads\/usu1688\/2021\/02\/20210212_150024-1024x576.jpg\" alt=\"\" width=\"587\" height=\"330\" srcset=\"https:\/\/agora.xtec.cat\/ceip-torrojaimiret\/wp-content\/uploads\/usu1688\/2021\/02\/20210212_150024-1024x576.jpg 1024w, https:\/\/agora.xtec.cat\/ceip-torrojaimiret\/wp-content\/uploads\/usu1688\/2021\/02\/20210212_150024-300x169.jpg 300w, https:\/\/agora.xtec.cat\/ceip-torrojaimiret\/wp-content\/uploads\/usu1688\/2021\/02\/20210212_150024-768x432.jpg 768w, https:\/\/agora.xtec.cat\/ceip-torrojaimiret\/wp-content\/uploads\/usu1688\/2021\/02\/20210212_150024.jpg 1600w\" sizes=\"auto, (max-width: 587px) 100vw, 587px\" \/><\/a>L\u2019alumnat de Tercer i Quart ha celebrat el Carnaval amb l\u2019alegria pr\u00f2pia d\u2019aquesta festa i, tot i que enguany no s\u2019ha pogut celebrar la tradicional rua de llu\u00efment davant de les fam\u00edlies degut a l\u2019actual situaci\u00f3 sanit\u00e0ria, s\u00ed que ho ha fet amb disfresses, divertint-se amb les ordres decretades per sa majestat el rei Carnestoltes i molta gresca.<\/p>\n<p style=\"text-align: justify;\">Durant tota la setmana, s\u2019ha posat un al\u00b7lucinant pentinat, ha llu\u00eft un vist\u00f3s barret, ha agafat emprestat del seus pares i mares una pe\u00e7a de roba, s\u2019ha guarnit la cara amb una bona pintada i ha acabat el darrer dia de classe disfressant-se del que cadasc\u00fa ha volgut. A m\u00e9s, tots els nens i nenes de Cicle Mitj\u00e0 han confeccionat una m\u00e0scara de Carnaval ben esbojarrada!<\/p>\n<p style=\"text-align: justify;\">En el seg\u00fcent <a href=\"https:\/\/drive.google.com\/drive\/folders\/1NRlDsAnJQq0tMZT1X3WhpTQ3ElrvgNET?usp=sharing\" target=\"_blank\" rel=\"noopener noreferrer\"><em><strong>ENLLA\u00c7<\/strong> <\/em><\/a>podreu veure totes les fotos de la nostra celebraci\u00f3.<\/p>\n","protected":false},"excerpt":{"rendered":"<p>L\u2019alumnat de Tercer i Quart ha celebrat el Carnaval amb l\u2019alegria pr\u00f2pia d\u2019aquesta festa i, tot i que enguany no s\u2019ha pogut celebrar la tradicional rua de llu\u00efment davant de les fam\u00edlies degut a l\u2019actual situaci\u00f3 sanit\u00e0ria, s\u00ed que ho ha fet amb disfresses, divertint-se amb les ordres decretades per sa majestat el rei Carnestoltes i molta gresca. <\/p>\n","protected":false},"author":37,"featured_media":13962,"comment_status":"closed","ping_status":"closed","sticky":false,"template":"","format":"standard","meta":{"_bbp_topic_count":0,"_bbp_reply_count":0,"_bbp_total_topic_count":0,"_bbp_total_reply_count":0,"_bbp_voice_count":0,"_bbp_anonymous_reply_count":0,"_bbp_topic_count_hidden":0,"_bbp_reply_count_hidden":0,"_bbp_forum_subforum_count":0,"site-sidebar-layout":"default","site-content-layout":"","ast-site-content-layout":"","site-content-style":"default","site-sidebar-style":"default","ast-global-header-display":"","ast-banner-title-visibility":"","ast-main-header-display":"","ast-hfb-above-header-display":"","ast-hfb-below-header-display":"","ast-hfb-mobile-header-display":"","site-post-title":"","ast-breadcrumbs-content":"","ast-featured-img":"","footer-sml-layout":"","theme-transparent-header-meta":"","adv-header-id-meta":"","stick-header-meta":"","header-above-stick-meta":"","header-main-stick-meta":"","header-below-stick-meta":"","astra-migrate-meta-layouts":"default","ast-page-background-enabled":"default","ast-page-background-meta":{"desktop":{"background-color":"var(--ast-global-color-4)","background-image":"","background-repeat":"repeat","background-position":"center center","background-size":"auto","background-attachment":"scroll","background-type":"","background-media":"","overlay-type":"","overlay-color":"","overlay-opacity":"","overlay-gradient":""},"tablet":{"background-color":"","background-image":"","background-repeat":"repeat","background-position":"center center","background-size":"auto","background-attachment":"scroll","background-type":"","background-media":"","overlay-type":"","overlay-color":"","overlay-opacity":"","overlay-gradient":""},"mobile":{"background-color":"","background-image":"","background-repeat":"repeat","background-position":"center center","background-size":"auto","background-attachment":"scroll","background-type":"","background-media":"","overlay-type":"","overlay-color":"","overlay-opacity":"","overlay-gradient":""}},"ast-content-background-meta":{"desktop":{"background-color":"var(--ast-global-color-5)","background-image":"","background-repeat":"repeat","background-position":"center center","background-size":"auto","background-attachment":"scroll","background-type":"","background-media":"","overlay-type":"","overlay-color":"","overlay-opacity":"","overlay-gradient":""},"tablet":{"background-color":"var(--ast-global-color-5)","background-image":"","background-repeat":"repeat","background-position":"center center","background-size":"auto","background-attachment":"scroll","background-type":"","background-media":"","overlay-type":"","overlay-color":"","overlay-opacity":"","overlay-gradient":""},"mobile":{"background-color":"var(--ast-global-color-5)","background-image":"","background-repeat":"repeat","background-position":"center center","background-size":"auto","background-attachment":"scroll","background-type":"","background-media":"","overlay-type":"","overlay-color":"","overlay-opacity":"","overlay-gradient":""}},"footnotes":""},"categories":[12,13,1,72,4,5],"tags":[165,166,107],"class_list":["post-13961","post","type-post","status-publish","format-standard","has-post-thumbnail","hentry","category-3r","category-4t","category-general","category-noticies","category-portada","category-primaria","tag-carnaval","tag-carnestoltes","tag-cicle-mitja"],"post_mailing_queue_ids":[],"_links":{"self":[{"href":"https:\/\/agora.xtec.cat\/ceip-torrojaimiret\/wp-json\/wp\/v2\/posts\/13961","targetHints":{"allow":["GET"]}}],"collection":[{"href":"https:\/\/agora.xtec.cat\/ceip-torrojaimiret\/wp-json\/wp\/v2\/posts"}],"about":[{"href":"https:\/\/agora.xtec.cat\/ceip-torrojaimiret\/wp-json\/wp\/v2\/types\/post"}],"author":[{"embeddable":true,"href":"https:\/\/agora.xtec.cat\/ceip-torrojaimiret\/wp-json\/wp\/v2\/users\/37"}],"replies":[{"embeddable":true,"href":"https:\/\/agora.xtec.cat\/ceip-torrojaimiret\/wp-json\/wp\/v2\/comments?post=13961"}],"version-history":[{"count":3,"href":"https:\/\/agora.xtec.cat\/ceip-torrojaimiret\/wp-json\/wp\/v2\/posts\/13961\/revisions"}],"predecessor-version":[{"id":13965,"href":"https:\/\/agora.xtec.cat\/ceip-torrojaimiret\/wp-json\/wp\/v2\/posts\/13961\/revisions\/13965"}],"wp:featuredmedia":[{"embeddable":true,"href":"https:\/\/agora.xtec.cat\/ceip-torrojaimiret\/wp-json\/wp\/v2\/media\/13962"}],"wp:attachment":[{"href":"https:\/\/agora.xtec.cat\/ceip-torrojaimiret\/wp-json\/wp\/v2\/media?parent=13961"}],"wp:term":[{"taxonomy":"category","embeddable":true,"href":"https:\/\/agora.xtec.cat\/ceip-torrojaimiret\/wp-json\/wp\/v2\/categories?post=13961"},{"taxonomy":"post_tag","embeddable":true,"href":"https:\/\/agora.xtec.cat\/ceip-torrojaimiret\/wp-json\/wp\/v2\/tags?post=13961"}],"curies":[{"name":"wp","href":"https:\/\/api.w.org\/{rel}","templated":true}]}}