{"id":13926,"date":"2021-02-11T13:01:28","date_gmt":"2021-02-11T12:01:28","guid":{"rendered":"http:\/\/agora.xtec.cat\/ceip-torrojaimiret\/?p=13926"},"modified":"2021-02-18T15:45:37","modified_gmt":"2021-02-18T14:45:37","slug":"ens-agraden-les-matematiques","status":"publish","type":"post","link":"https:\/\/agora.xtec.cat\/ceip-torrojaimiret\/general\/ens-agraden-les-matematiques\/","title":{"rendered":"Ens agraden les matem\u00e0tiques!"},"content":{"rendered":"<p><span style=\"font-weight: 400;\">Hem treballat les matem\u00e0tiques amb diferents materials perqu\u00e8 tocant i experimentant s\u2019apr\u00e8n millor.\u00a0\u00a0<\/span><\/p>\n<p><span style=\"font-weight: 400;\">Hem treballat la mesura i hem mesurat objectes amb el regle per treballar el cent\u00edmetre i ens hem mesurat amb un metre i aix\u00ed hem descobert com s\u00f3n d&#8217;alts i altes! Ens ha agradat saber quina al\u00e7ada fem!<\/span><\/p>\n<p><span style=\"font-weight: 400;\">Tamb\u00e9, hem treballat el pes i entre d&#8217;altres coses ens hem pesat amb la b\u00e0scula.\u00a0 Hem manipulat diferents objectes per entendre quant \u00e9s un quilo i quines coses pesen m\u00e9s i quines menys d&#8217;un quilo.<\/span><\/p>\n<p><span style=\"font-weight: 400;\">Per \u00faltim, hem treballat la capacitat i hem experimentat amb ampolles d&#8217;aigua algunes d&#8217;un litre, d&#8217;altres de 1\/2 litre, de litre i 1\/2 i de dos litres, d&#8217;aquesta forma hem ent\u00e8s molt millor conceptes que s\u00f3n molt importants i \u00fatils per la nostra vida di\u00e0ria.<\/span><\/p>\n<p>Les matem\u00e0tiques manipulatives ens agraden mooooolt!<\/p>\n<p><a href=\"https:\/\/agora.xtec.cat\/ceip-torrojaimiret\/wp-content\/uploads\/usu1688\/2021\/02\/20210210_120619-1.jpg\"><img loading=\"lazy\" decoding=\"async\" class=\"wp-image-14098 aligncenter\" src=\"https:\/\/agora.xtec.cat\/ceip-torrojaimiret\/wp-content\/uploads\/usu1688\/2021\/02\/20210210_120619-1.jpg\" alt=\"\" width=\"111\" height=\"246\" \/><\/a><\/p>\n<p>Per veure m\u00e9s fotos, seguiu <a href=\"https:\/\/drive.google.com\/drive\/folders\/1sfBiCPNI-sQ8fftc36aQoup0LQMQZpmU?usp=sharing\">l&#8217;enlla\u00e7!<\/a><\/p>\n","protected":false},"excerpt":{"rendered":"<p>Hem treballat les matem\u00e0tiques amb diferents materials perqu\u00e8 tocant i experimentant s\u2019apr\u00e8n millor.\u00a0\u00a0 Hem treballat la mesura i hem mesurat objectes amb el regle per treballar el cent\u00edmetre i ens hem mesurat amb un metre i aix\u00ed hem descobert com s\u00f3n d&#8217;alts i altes! Ens ha agradat saber quina al\u00e7ada fem! Tamb\u00e9, hem treballat el [&hellip;]<\/p>\n","protected":false},"author":11,"featured_media":13928,"comment_status":"closed","ping_status":"closed","sticky":false,"template":"","format":"standard","meta":{"_bbp_topic_count":0,"_bbp_reply_count":0,"_bbp_total_topic_count":0,"_bbp_total_reply_count":0,"_bbp_voice_count":0,"_bbp_anonymous_reply_count":0,"_bbp_topic_count_hidden":0,"_bbp_reply_count_hidden":0,"_bbp_forum_subforum_count":0,"site-sidebar-layout":"default","site-content-layout":"","ast-site-content-layout":"","site-content-style":"default","site-sidebar-style":"default","ast-global-header-display":"","ast-banner-title-visibility":"","ast-main-header-display":"","ast-hfb-above-header-display":"","ast-hfb-below-header-display":"","ast-hfb-mobile-header-display":"","site-post-title":"","ast-breadcrumbs-content":"","ast-featured-img":"","footer-sml-layout":"","theme-transparent-header-meta":"","adv-header-id-meta":"","stick-header-meta":"","header-above-stick-meta":"","header-main-stick-meta":"","header-below-stick-meta":"","astra-migrate-meta-layouts":"default","ast-page-background-enabled":"default","ast-page-background-meta":{"desktop":{"background-color":"var(--ast-global-color-4)","background-image":"","background-repeat":"repeat","background-position":"center center","background-size":"auto","background-attachment":"scroll","background-type":"","background-media":"","overlay-type":"","overlay-color":"","overlay-opacity":"","overlay-gradient":""},"tablet":{"background-color":"","background-image":"","background-repeat":"repeat","background-position":"center center","background-size":"auto","background-attachment":"scroll","background-type":"","background-media":"","overlay-type":"","overlay-color":"","overlay-opacity":"","overlay-gradient":""},"mobile":{"background-color":"","background-image":"","background-repeat":"repeat","background-position":"center center","background-size":"auto","background-attachment":"scroll","background-type":"","background-media":"","overlay-type":"","overlay-color":"","overlay-opacity":"","overlay-gradient":""}},"ast-content-background-meta":{"desktop":{"background-color":"var(--ast-global-color-5)","background-image":"","background-repeat":"repeat","background-position":"center center","background-size":"auto","background-attachment":"scroll","background-type":"","background-media":"","overlay-type":"","overlay-color":"","overlay-opacity":"","overlay-gradient":""},"tablet":{"background-color":"var(--ast-global-color-5)","background-image":"","background-repeat":"repeat","background-position":"center center","background-size":"auto","background-attachment":"scroll","background-type":"","background-media":"","overlay-type":"","overlay-color":"","overlay-opacity":"","overlay-gradient":""},"mobile":{"background-color":"var(--ast-global-color-5)","background-image":"","background-repeat":"repeat","background-position":"center center","background-size":"auto","background-attachment":"scroll","background-type":"","background-media":"","overlay-type":"","overlay-color":"","overlay-opacity":"","overlay-gradient":""}},"footnotes":""},"categories":[11,1,72,4,5],"tags":[],"class_list":["post-13926","post","type-post","status-publish","format-standard","has-post-thumbnail","hentry","category-2n","category-general","category-noticies","category-portada","category-primaria"],"post_mailing_queue_ids":[],"_links":{"self":[{"href":"https:\/\/agora.xtec.cat\/ceip-torrojaimiret\/wp-json\/wp\/v2\/posts\/13926","targetHints":{"allow":["GET"]}}],"collection":[{"href":"https:\/\/agora.xtec.cat\/ceip-torrojaimiret\/wp-json\/wp\/v2\/posts"}],"about":[{"href":"https:\/\/agora.xtec.cat\/ceip-torrojaimiret\/wp-json\/wp\/v2\/types\/post"}],"author":[{"embeddable":true,"href":"https:\/\/agora.xtec.cat\/ceip-torrojaimiret\/wp-json\/wp\/v2\/users\/11"}],"replies":[{"embeddable":true,"href":"https:\/\/agora.xtec.cat\/ceip-torrojaimiret\/wp-json\/wp\/v2\/comments?post=13926"}],"version-history":[{"count":3,"href":"https:\/\/agora.xtec.cat\/ceip-torrojaimiret\/wp-json\/wp\/v2\/posts\/13926\/revisions"}],"predecessor-version":[{"id":14099,"href":"https:\/\/agora.xtec.cat\/ceip-torrojaimiret\/wp-json\/wp\/v2\/posts\/13926\/revisions\/14099"}],"wp:featuredmedia":[{"embeddable":true,"href":"https:\/\/agora.xtec.cat\/ceip-torrojaimiret\/wp-json\/wp\/v2\/media\/13928"}],"wp:attachment":[{"href":"https:\/\/agora.xtec.cat\/ceip-torrojaimiret\/wp-json\/wp\/v2\/media?parent=13926"}],"wp:term":[{"taxonomy":"category","embeddable":true,"href":"https:\/\/agora.xtec.cat\/ceip-torrojaimiret\/wp-json\/wp\/v2\/categories?post=13926"},{"taxonomy":"post_tag","embeddable":true,"href":"https:\/\/agora.xtec.cat\/ceip-torrojaimiret\/wp-json\/wp\/v2\/tags?post=13926"}],"curies":[{"name":"wp","href":"https:\/\/api.w.org\/{rel}","templated":true}]}}