{"id":13854,"date":"2021-01-29T22:06:45","date_gmt":"2021-01-29T21:06:45","guid":{"rendered":"http:\/\/agora.xtec.cat\/ceip-torrojaimiret\/?p=13854"},"modified":"2021-01-29T22:06:45","modified_gmt":"2021-01-29T21:06:45","slug":"el-dia-de-la-pau-a-cicle-mitja","status":"publish","type":"post","link":"https:\/\/agora.xtec.cat\/ceip-torrojaimiret\/general\/el-dia-de-la-pau-a-cicle-mitja\/","title":{"rendered":"El Dia de la Pau a Cicle Mitj\u00e0"},"content":{"rendered":"<p><span style=\"font-weight: 400;\">Els alumnes de 3r i 4t hem realitzat durant aquesta setmana diferents activitats per celebrar el dia de la Pau, que es commemora aquest 30 de ge<\/span><span style=\"font-weight: 400;\">ner.<\/span><\/p>\n<p><a href=\"https:\/\/agora.xtec.cat\/ceip-torrojaimiret\/wp-content\/uploads\/usu1688\/2021\/01\/20210129_160723.jpg\" target=\"_blank\" rel=\"noopener noreferrer\"><img loading=\"lazy\" decoding=\"async\" class=\"alignright wp-image-13855\" src=\"https:\/\/agora.xtec.cat\/ceip-torrojaimiret\/wp-content\/uploads\/usu1688\/2021\/01\/20210129_160723-1024x576.jpg\" alt=\"\" width=\"469\" height=\"264\" srcset=\"https:\/\/agora.xtec.cat\/ceip-torrojaimiret\/wp-content\/uploads\/usu1688\/2021\/01\/20210129_160723-1024x576.jpg 1024w, https:\/\/agora.xtec.cat\/ceip-torrojaimiret\/wp-content\/uploads\/usu1688\/2021\/01\/20210129_160723-300x169.jpg 300w, https:\/\/agora.xtec.cat\/ceip-torrojaimiret\/wp-content\/uploads\/usu1688\/2021\/01\/20210129_160723-768x432.jpg 768w\" sizes=\"auto, (max-width: 469px) 100vw, 469px\" \/><\/a><\/p>\n<p><span style=\"font-weight: 400;\">Us fem un llistat de tot el que hem fet:<\/span><\/p>\n<ul>\n<li style=\"font-weight: 400;\" aria-level=\"1\"><span style=\"font-weight: 400;\">Visualitzaci\u00f3 de la dol\u00e7a hist\u00f2ria \u201c<\/span><span style=\"font-weight: 400;\">El senyor Guerra\u00a0 i la senyora Pau<\/span><span style=\"font-weight: 400;\">\u201d .<\/span><\/li>\n<li style=\"font-weight: 400;\" aria-level=\"1\"><span style=\"font-weight: 400;\">Confecci\u00f3 d\u2019unes tires de <\/span><span style=\"font-weight: 400;\">cors<\/span><span style=\"font-weight: 400;\"> amb frases de poemes o pensades per cada alumne sobre el significat de la Pau per a nosaltres.<\/span><\/li>\n<li style=\"font-weight: 400;\" aria-level=\"1\"><span style=\"font-weight: 400;\">Hem escoltat, llegit i realitzat un <\/span><span style=\"font-weight: 400;\">mural<\/span><span style=\"font-weight: 400;\"> entre tots sobre algun poema:<\/span><\/li>\n<\/ul>\n<ul style=\"list-style-type: circle;\">\n<li style=\"list-style-type: none;\">\n<ul style=\"list-style-type: circle;\">\n<li><span style=\"font-weight: 400;\">\u201cLA FESTA DE LA PAU<\/span><span style=\"font-weight: 400;\">\u201d <\/span><span style=\"font-weight: 400;\">de D\u00e0maris Gelabert<\/span><\/li>\n<li><span style=\"font-weight: 400;\">SI EL M\u00d3N FOS\u2026 de Joana Raspall<\/span><\/li>\n<li><span style=\"font-weight: 400;\">\u201cPODRIES&#8230;\u201d de Joana Raspall<\/span><\/li>\n<\/ul>\n<\/li>\n<\/ul>\n<ul>\n<li><span style=\"font-weight: 400;\">&#8211; Realitzaci\u00f3 d\u2019una <\/span><span style=\"font-weight: 400;\">recepta de la Pau<\/span><span style=\"font-weight: 400;\">, amb uns ingredients molt bons i saludables per la nostra conviv\u00e8ncia.<\/span><\/li>\n<li><span style=\"font-weight: 400;\">&#8211; Hem escoltat i cantat les <\/span><span style=\"font-weight: 400;\">can\u00e7ons<\/span><span style=\"font-weight: 400;\">:<\/span><\/li>\n<\/ul>\n<ul>\n<li style=\"list-style-type: none;\">\n<ul style=\"list-style-type: circle;\">\n<li><span style=\"font-weight: 400;\">\u201cLA FESTA DE LA PAU<\/span><span style=\"font-weight: 400;\">\u201d <\/span><span style=\"font-weight: 400;\">de D\u00e0maris Gelabert<\/span><\/li>\n<li><span style=\"font-weight: 400;\">\u201cPODRIES\u201d de Roba Estesa<\/span><\/li>\n<\/ul>\n<\/li>\n<\/ul>\n<p><span style=\"font-weight: 400;\">Hem gaudit fent aquestes activitats i ens han semblat molt enriquidores. En el seg\u00fcent <a href=\"https:\/\/drive.google.com\/drive\/folders\/1JqwQZi_o5eTW3POBFkB04rbiirla5zYU?usp=sharing\" target=\"_blank\" rel=\"noopener noreferrer\"><em><strong>enlla\u00e7<\/strong> <\/em><\/a>podreu veure un recull d&#8217;imatges de la feina feta.<\/span><\/p>\n","protected":false},"excerpt":{"rendered":"<p>Els alumnes de 3r i 4t hem realitzat durant aquesta setmana diferents activitats per celebrar\u00a0 el dia de la Pau, que es commemora aquest 30 de gener.<\/p>\n","protected":false},"author":37,"featured_media":13855,"comment_status":"closed","ping_status":"closed","sticky":false,"template":"","format":"standard","meta":{"_bbp_topic_count":0,"_bbp_reply_count":0,"_bbp_total_topic_count":0,"_bbp_total_reply_count":0,"_bbp_voice_count":0,"_bbp_anonymous_reply_count":0,"_bbp_topic_count_hidden":0,"_bbp_reply_count_hidden":0,"_bbp_forum_subforum_count":0,"site-sidebar-layout":"default","site-content-layout":"","ast-site-content-layout":"","site-content-style":"default","site-sidebar-style":"default","ast-global-header-display":"","ast-banner-title-visibility":"","ast-main-header-display":"","ast-hfb-above-header-display":"","ast-hfb-below-header-display":"","ast-hfb-mobile-header-display":"","site-post-title":"","ast-breadcrumbs-content":"","ast-featured-img":"","footer-sml-layout":"","theme-transparent-header-meta":"","adv-header-id-meta":"","stick-header-meta":"","header-above-stick-meta":"","header-main-stick-meta":"","header-below-stick-meta":"","astra-migrate-meta-layouts":"default","ast-page-background-enabled":"default","ast-page-background-meta":{"desktop":{"background-color":"var(--ast-global-color-4)","background-image":"","background-repeat":"repeat","background-position":"center center","background-size":"auto","background-attachment":"scroll","background-type":"","background-media":"","overlay-type":"","overlay-color":"","overlay-opacity":"","overlay-gradient":""},"tablet":{"background-color":"","background-image":"","background-repeat":"repeat","background-position":"center center","background-size":"auto","background-attachment":"scroll","background-type":"","background-media":"","overlay-type":"","overlay-color":"","overlay-opacity":"","overlay-gradient":""},"mobile":{"background-color":"","background-image":"","background-repeat":"repeat","background-position":"center center","background-size":"auto","background-attachment":"scroll","background-type":"","background-media":"","overlay-type":"","overlay-color":"","overlay-opacity":"","overlay-gradient":""}},"ast-content-background-meta":{"desktop":{"background-color":"var(--ast-global-color-5)","background-image":"","background-repeat":"repeat","background-position":"center center","background-size":"auto","background-attachment":"scroll","background-type":"","background-media":"","overlay-type":"","overlay-color":"","overlay-opacity":"","overlay-gradient":""},"tablet":{"background-color":"var(--ast-global-color-5)","background-image":"","background-repeat":"repeat","background-position":"center center","background-size":"auto","background-attachment":"scroll","background-type":"","background-media":"","overlay-type":"","overlay-color":"","overlay-opacity":"","overlay-gradient":""},"mobile":{"background-color":"var(--ast-global-color-5)","background-image":"","background-repeat":"repeat","background-position":"center center","background-size":"auto","background-attachment":"scroll","background-type":"","background-media":"","overlay-type":"","overlay-color":"","overlay-opacity":"","overlay-gradient":""}},"footnotes":""},"categories":[12,13,1,72,4,5],"tags":[276,107,275],"class_list":["post-13854","post","type-post","status-publish","format-standard","has-post-thumbnail","hentry","category-3r","category-4t","category-general","category-noticies","category-portada","category-primaria","tag-activitats","tag-cicle-mitja","tag-dia-de-la-pau"],"post_mailing_queue_ids":[],"_links":{"self":[{"href":"https:\/\/agora.xtec.cat\/ceip-torrojaimiret\/wp-json\/wp\/v2\/posts\/13854","targetHints":{"allow":["GET"]}}],"collection":[{"href":"https:\/\/agora.xtec.cat\/ceip-torrojaimiret\/wp-json\/wp\/v2\/posts"}],"about":[{"href":"https:\/\/agora.xtec.cat\/ceip-torrojaimiret\/wp-json\/wp\/v2\/types\/post"}],"author":[{"embeddable":true,"href":"https:\/\/agora.xtec.cat\/ceip-torrojaimiret\/wp-json\/wp\/v2\/users\/37"}],"replies":[{"embeddable":true,"href":"https:\/\/agora.xtec.cat\/ceip-torrojaimiret\/wp-json\/wp\/v2\/comments?post=13854"}],"version-history":[{"count":3,"href":"https:\/\/agora.xtec.cat\/ceip-torrojaimiret\/wp-json\/wp\/v2\/posts\/13854\/revisions"}],"predecessor-version":[{"id":13859,"href":"https:\/\/agora.xtec.cat\/ceip-torrojaimiret\/wp-json\/wp\/v2\/posts\/13854\/revisions\/13859"}],"wp:featuredmedia":[{"embeddable":true,"href":"https:\/\/agora.xtec.cat\/ceip-torrojaimiret\/wp-json\/wp\/v2\/media\/13855"}],"wp:attachment":[{"href":"https:\/\/agora.xtec.cat\/ceip-torrojaimiret\/wp-json\/wp\/v2\/media?parent=13854"}],"wp:term":[{"taxonomy":"category","embeddable":true,"href":"https:\/\/agora.xtec.cat\/ceip-torrojaimiret\/wp-json\/wp\/v2\/categories?post=13854"},{"taxonomy":"post_tag","embeddable":true,"href":"https:\/\/agora.xtec.cat\/ceip-torrojaimiret\/wp-json\/wp\/v2\/tags?post=13854"}],"curies":[{"name":"wp","href":"https:\/\/api.w.org\/{rel}","templated":true}]}}