{"id":13798,"date":"2020-12-21T06:55:14","date_gmt":"2020-12-21T05:55:14","guid":{"rendered":"http:\/\/agora.xtec.cat\/ceip-torrojaimiret\/?p=13798"},"modified":"2020-12-21T06:55:25","modified_gmt":"2020-12-21T05:55:25","slug":"sortida-de-tercer-a-la-torre-den-dolca","status":"publish","type":"post","link":"https:\/\/agora.xtec.cat\/ceip-torrojaimiret\/general\/sortida-de-tercer-a-la-torre-den-dolca\/","title":{"rendered":"Sortida de Tercer a la Torre d\u2019en Dol\u00e7a"},"content":{"rendered":"<p><a href=\"https:\/\/agora.xtec.cat\/ceip-torrojaimiret\/wp-content\/uploads\/usu1688\/2020\/12\/IMG-20201218-WA0006.jpg\"><img loading=\"lazy\" decoding=\"async\" class=\"wp-image-13809 alignright\" src=\"https:\/\/agora.xtec.cat\/ceip-torrojaimiret\/wp-content\/uploads\/usu1688\/2020\/12\/IMG-20201218-WA0006-1024x768.jpg\" alt=\"\" width=\"457\" height=\"343\" srcset=\"https:\/\/agora.xtec.cat\/ceip-torrojaimiret\/wp-content\/uploads\/usu1688\/2020\/12\/IMG-20201218-WA0006.jpg 1024w, https:\/\/agora.xtec.cat\/ceip-torrojaimiret\/wp-content\/uploads\/usu1688\/2020\/12\/IMG-20201218-WA0006-300x225.jpg 300w, https:\/\/agora.xtec.cat\/ceip-torrojaimiret\/wp-content\/uploads\/usu1688\/2020\/12\/IMG-20201218-WA0006-768x576.jpg 768w, https:\/\/agora.xtec.cat\/ceip-torrojaimiret\/wp-content\/uploads\/usu1688\/2020\/12\/IMG-20201218-WA0006-200x150.jpg 200w\" sizes=\"auto, (max-width: 457px) 100vw, 457px\" \/><\/a><\/p>\n<p style=\"text-align: justify;\">Els alumnes de tercer, en diferents dies, el dilluns 14 de desembre i el dimecres 16 de desembre, hem anat a \u00a0la Torre d\u2019en Dol\u00e7a\u00a0 a realitzar una activitat del Pla d\u2019Entorn. Hem apr\u00e8s a observar els arbres\u00a0 i esbrinar les seves caracter\u00edstiques mitjan\u00e7ant les seves fulles .<\/p>\n<p style=\"text-align: justify;\">Tamb\u00e9\u00a0 hem apr\u00e8s a mirar al voltant per con\u00e8ixer els rastres, petjades, excrements i caracter\u00edstiques d\u2019alguns animals per aprendre coses noves.<\/p>\n<p style=\"text-align: justify;\">Ha estat un mat\u00ed diferent i divertit a l\u2018aire lliure en un entorn proper a nosaltres.<\/p>\n<p>Podeu veure m\u00e9s imatges de les sortides <a href=\"https:\/\/drive.google.com\/drive\/folders\/1agQ2LkurfCqfPrFiIS0wUu1_SualvdOF?usp=sharing\" target=\"_blank\" rel=\"noopener noreferrer\"><em><strong>en aquest enlla\u00e7<\/strong><\/em><\/a>.<\/p>\n<p>&nbsp;<\/p>\n<p>&nbsp;<\/p>\n","protected":false},"excerpt":{"rendered":"<p>Els alumnes de tercer, en diferents dies, el dilluns 14 de desembre i el dimecres 16 de desembre, hem anat a \u00a0la Torre d\u2019en Dol\u00e7a\u00a0 a realitzar una activitat del Pla d\u2019Entorn. Hem apr\u00e8s a observar els arbres\u00a0 i esbrinar les seves caracter\u00edstiques mitjan\u00e7ant les seves fulles .<\/p>\n","protected":false},"author":37,"featured_media":13809,"comment_status":"closed","ping_status":"closed","sticky":false,"template":"","format":"standard","meta":{"_bbp_topic_count":0,"_bbp_reply_count":0,"_bbp_total_topic_count":0,"_bbp_total_reply_count":0,"_bbp_voice_count":0,"_bbp_anonymous_reply_count":0,"_bbp_topic_count_hidden":0,"_bbp_reply_count_hidden":0,"_bbp_forum_subforum_count":0,"site-sidebar-layout":"default","site-content-layout":"","ast-site-content-layout":"","site-content-style":"default","site-sidebar-style":"default","ast-global-header-display":"","ast-banner-title-visibility":"","ast-main-header-display":"","ast-hfb-above-header-display":"","ast-hfb-below-header-display":"","ast-hfb-mobile-header-display":"","site-post-title":"","ast-breadcrumbs-content":"","ast-featured-img":"","footer-sml-layout":"","theme-transparent-header-meta":"","adv-header-id-meta":"","stick-header-meta":"","header-above-stick-meta":"","header-main-stick-meta":"","header-below-stick-meta":"","astra-migrate-meta-layouts":"default","ast-page-background-enabled":"default","ast-page-background-meta":{"desktop":{"background-color":"var(--ast-global-color-4)","background-image":"","background-repeat":"repeat","background-position":"center center","background-size":"auto","background-attachment":"scroll","background-type":"","background-media":"","overlay-type":"","overlay-color":"","overlay-opacity":"","overlay-gradient":""},"tablet":{"background-color":"","background-image":"","background-repeat":"repeat","background-position":"center center","background-size":"auto","background-attachment":"scroll","background-type":"","background-media":"","overlay-type":"","overlay-color":"","overlay-opacity":"","overlay-gradient":""},"mobile":{"background-color":"","background-image":"","background-repeat":"repeat","background-position":"center center","background-size":"auto","background-attachment":"scroll","background-type":"","background-media":"","overlay-type":"","overlay-color":"","overlay-opacity":"","overlay-gradient":""}},"ast-content-background-meta":{"desktop":{"background-color":"var(--ast-global-color-5)","background-image":"","background-repeat":"repeat","background-position":"center center","background-size":"auto","background-attachment":"scroll","background-type":"","background-media":"","overlay-type":"","overlay-color":"","overlay-opacity":"","overlay-gradient":""},"tablet":{"background-color":"var(--ast-global-color-5)","background-image":"","background-repeat":"repeat","background-position":"center center","background-size":"auto","background-attachment":"scroll","background-type":"","background-media":"","overlay-type":"","overlay-color":"","overlay-opacity":"","overlay-gradient":""},"mobile":{"background-color":"var(--ast-global-color-5)","background-image":"","background-repeat":"repeat","background-position":"center center","background-size":"auto","background-attachment":"scroll","background-type":"","background-media":"","overlay-type":"","overlay-color":"","overlay-opacity":"","overlay-gradient":""}},"footnotes":""},"categories":[12,1,72,4,5],"tags":[107,78,269,93,270],"class_list":["post-13798","post","type-post","status-publish","format-standard","has-post-thumbnail","hentry","category-3r","category-general","category-noticies","category-portada","category-primaria","tag-cicle-mitja","tag-excursio","tag-pla-dentorn","tag-tercer","tag-torre-den-dolca"],"post_mailing_queue_ids":[],"_links":{"self":[{"href":"https:\/\/agora.xtec.cat\/ceip-torrojaimiret\/wp-json\/wp\/v2\/posts\/13798","targetHints":{"allow":["GET"]}}],"collection":[{"href":"https:\/\/agora.xtec.cat\/ceip-torrojaimiret\/wp-json\/wp\/v2\/posts"}],"about":[{"href":"https:\/\/agora.xtec.cat\/ceip-torrojaimiret\/wp-json\/wp\/v2\/types\/post"}],"author":[{"embeddable":true,"href":"https:\/\/agora.xtec.cat\/ceip-torrojaimiret\/wp-json\/wp\/v2\/users\/37"}],"replies":[{"embeddable":true,"href":"https:\/\/agora.xtec.cat\/ceip-torrojaimiret\/wp-json\/wp\/v2\/comments?post=13798"}],"version-history":[{"count":3,"href":"https:\/\/agora.xtec.cat\/ceip-torrojaimiret\/wp-json\/wp\/v2\/posts\/13798\/revisions"}],"predecessor-version":[{"id":13811,"href":"https:\/\/agora.xtec.cat\/ceip-torrojaimiret\/wp-json\/wp\/v2\/posts\/13798\/revisions\/13811"}],"wp:featuredmedia":[{"embeddable":true,"href":"https:\/\/agora.xtec.cat\/ceip-torrojaimiret\/wp-json\/wp\/v2\/media\/13809"}],"wp:attachment":[{"href":"https:\/\/agora.xtec.cat\/ceip-torrojaimiret\/wp-json\/wp\/v2\/media?parent=13798"}],"wp:term":[{"taxonomy":"category","embeddable":true,"href":"https:\/\/agora.xtec.cat\/ceip-torrojaimiret\/wp-json\/wp\/v2\/categories?post=13798"},{"taxonomy":"post_tag","embeddable":true,"href":"https:\/\/agora.xtec.cat\/ceip-torrojaimiret\/wp-json\/wp\/v2\/tags?post=13798"}],"curies":[{"name":"wp","href":"https:\/\/api.w.org\/{rel}","templated":true}]}}