{"id":13783,"date":"2020-12-15T23:21:47","date_gmt":"2020-12-15T22:21:47","guid":{"rendered":"http:\/\/agora.xtec.cat\/ceip-torrojaimiret\/?p=13783"},"modified":"2020-12-20T23:17:22","modified_gmt":"2020-12-20T22:17:22","slug":"descobrint-antoni-tapies-al-castell","status":"publish","type":"post","link":"https:\/\/agora.xtec.cat\/ceip-torrojaimiret\/general\/descobrint-antoni-tapies-al-castell\/","title":{"rendered":"Descobrint Antoni T\u00e0pies al Castell"},"content":{"rendered":"<p>Els alumnes de Quart\u00a0<img loading=\"lazy\" decoding=\"async\" class=\"wp-image-13784 alignright\" src=\"https:\/\/agora.xtec.cat\/ceip-torrojaimiret\/wp-content\/uploads\/usu1688\/2020\/12\/IMG_3919-1024x768.jpg\" alt=\"\" width=\"501\" height=\"376\" srcset=\"https:\/\/agora.xtec.cat\/ceip-torrojaimiret\/wp-content\/uploads\/usu1688\/2020\/12\/IMG_3919-1024x768.jpg 1024w, https:\/\/agora.xtec.cat\/ceip-torrojaimiret\/wp-content\/uploads\/usu1688\/2020\/12\/IMG_3919-300x225.jpg 300w, https:\/\/agora.xtec.cat\/ceip-torrojaimiret\/wp-content\/uploads\/usu1688\/2020\/12\/IMG_3919-768x576.jpg 768w, https:\/\/agora.xtec.cat\/ceip-torrojaimiret\/wp-content\/uploads\/usu1688\/2020\/12\/IMG_3919-200x150.jpg 200w, https:\/\/agora.xtec.cat\/ceip-torrojaimiret\/wp-content\/uploads\/usu1688\/2020\/12\/IMG_3919.jpg 1412w\" sizes=\"auto, (max-width: 501px) 100vw, 501px\" \/>han assistit aquest setmana a l\u2019exposici\u00f3 sobre l\u2019artista barcelon\u00ed Antoni T\u00e0pies al Castell de Vila-seca, on han pogut con\u00e8ixer de prop les principals caracter\u00edstiques del seu art abstracte, com ara la representaci\u00f3 de signes com la creu, les lletres o els n\u00fameros, una constant durant tota la seva carrera.<\/p>\n<p>Per acabar de descobrir la producci\u00f3 art\u00edstica de T\u00e0pies, tots els alumnes han pogut realitzar un gravat personalitzat seguint la seva t\u00e8cnica. El dia ha estat mol profit\u00f3s, arrodonit amb una bona passejada pels magn\u00edfics jardins del Castell.<\/p>\n<p><a href=\"https:\/\/drive.google.com\/drive\/folders\/1w80pKBLD3Jkj2bhO8kftzT4kzuO_B32o?usp=sharing\" target=\"_blank\" rel=\"noopener noreferrer\"><strong><em>En aquest enlla\u00e7 podreu veure les fotos de la classe de 4t A.<\/em><\/strong><\/a><\/p>\n<p><a href=\"https:\/\/drive.google.com\/drive\/folders\/1F1JZRU2MzP_HPbVufATRQ65K_lu2NzqE?usp=sharing\" target=\"_blank\" rel=\"noopener noreferrer\"><em><strong>En aquest enlla\u00e7 podreu veure les fotos de la classe de 4t B.<\/strong><\/em><\/a><\/p>\n<p><a href=\"https:\/\/drive.google.com\/drive\/folders\/1tJwEDSfvwc_QNYwPbYAzbatzunQA0ISL?usp=sharing\" target=\"_blank\" rel=\"noopener noreferrer\"><strong><em>En aquest enlla\u00e7 podreu veure les fotos de la classe de 4t C.<\/em><\/strong><\/a><\/p>\n","protected":false},"excerpt":{"rendered":"<p>Els alumnes de Quart\u00a0han assistit aquest setmana a l\u2019exposici\u00f3 sobre l\u2019artista barcelon\u00ed Antoni T\u00e0pies al Castell de Vila-seca, on han pogut con\u00e8ixer de prop les principals caracter\u00edstiques del seu art abstracte, com ara la representaci\u00f3 de signes com la creu, les lletres o els n\u00fameros, una constant durant tota la seva carrera.<\/p>\n","protected":false},"author":37,"featured_media":13784,"comment_status":"closed","ping_status":"closed","sticky":false,"template":"","format":"standard","meta":{"_bbp_topic_count":0,"_bbp_reply_count":0,"_bbp_total_topic_count":0,"_bbp_total_reply_count":0,"_bbp_voice_count":0,"_bbp_anonymous_reply_count":0,"_bbp_topic_count_hidden":0,"_bbp_reply_count_hidden":0,"_bbp_forum_subforum_count":0,"site-sidebar-layout":"default","site-content-layout":"","ast-site-content-layout":"","site-content-style":"default","site-sidebar-style":"default","ast-global-header-display":"","ast-banner-title-visibility":"","ast-main-header-display":"","ast-hfb-above-header-display":"","ast-hfb-below-header-display":"","ast-hfb-mobile-header-display":"","site-post-title":"","ast-breadcrumbs-content":"","ast-featured-img":"","footer-sml-layout":"","theme-transparent-header-meta":"","adv-header-id-meta":"","stick-header-meta":"","header-above-stick-meta":"","header-main-stick-meta":"","header-below-stick-meta":"","astra-migrate-meta-layouts":"default","ast-page-background-enabled":"default","ast-page-background-meta":{"desktop":{"background-color":"var(--ast-global-color-4)","background-image":"","background-repeat":"repeat","background-position":"center center","background-size":"auto","background-attachment":"scroll","background-type":"","background-media":"","overlay-type":"","overlay-color":"","overlay-opacity":"","overlay-gradient":""},"tablet":{"background-color":"","background-image":"","background-repeat":"repeat","background-position":"center center","background-size":"auto","background-attachment":"scroll","background-type":"","background-media":"","overlay-type":"","overlay-color":"","overlay-opacity":"","overlay-gradient":""},"mobile":{"background-color":"","background-image":"","background-repeat":"repeat","background-position":"center center","background-size":"auto","background-attachment":"scroll","background-type":"","background-media":"","overlay-type":"","overlay-color":"","overlay-opacity":"","overlay-gradient":""}},"ast-content-background-meta":{"desktop":{"background-color":"var(--ast-global-color-5)","background-image":"","background-repeat":"repeat","background-position":"center center","background-size":"auto","background-attachment":"scroll","background-type":"","background-media":"","overlay-type":"","overlay-color":"","overlay-opacity":"","overlay-gradient":""},"tablet":{"background-color":"var(--ast-global-color-5)","background-image":"","background-repeat":"repeat","background-position":"center center","background-size":"auto","background-attachment":"scroll","background-type":"","background-media":"","overlay-type":"","overlay-color":"","overlay-opacity":"","overlay-gradient":""},"mobile":{"background-color":"var(--ast-global-color-5)","background-image":"","background-repeat":"repeat","background-position":"center center","background-size":"auto","background-attachment":"scroll","background-type":"","background-media":"","overlay-type":"","overlay-color":"","overlay-opacity":"","overlay-gradient":""}},"footnotes":""},"categories":[13,1,72,4,5],"tags":[260,259,107,78,133,261],"class_list":["post-13783","post","type-post","status-publish","format-standard","has-post-thumbnail","hentry","category-4t","category-general","category-noticies","category-portada","category-primaria","tag-antoni","tag-castell","tag-cicle-mitja","tag-excursio","tag-quart","tag-tapies"],"post_mailing_queue_ids":[],"_links":{"self":[{"href":"https:\/\/agora.xtec.cat\/ceip-torrojaimiret\/wp-json\/wp\/v2\/posts\/13783","targetHints":{"allow":["GET"]}}],"collection":[{"href":"https:\/\/agora.xtec.cat\/ceip-torrojaimiret\/wp-json\/wp\/v2\/posts"}],"about":[{"href":"https:\/\/agora.xtec.cat\/ceip-torrojaimiret\/wp-json\/wp\/v2\/types\/post"}],"author":[{"embeddable":true,"href":"https:\/\/agora.xtec.cat\/ceip-torrojaimiret\/wp-json\/wp\/v2\/users\/37"}],"replies":[{"embeddable":true,"href":"https:\/\/agora.xtec.cat\/ceip-torrojaimiret\/wp-json\/wp\/v2\/comments?post=13783"}],"version-history":[{"count":3,"href":"https:\/\/agora.xtec.cat\/ceip-torrojaimiret\/wp-json\/wp\/v2\/posts\/13783\/revisions"}],"predecessor-version":[{"id":13803,"href":"https:\/\/agora.xtec.cat\/ceip-torrojaimiret\/wp-json\/wp\/v2\/posts\/13783\/revisions\/13803"}],"wp:featuredmedia":[{"embeddable":true,"href":"https:\/\/agora.xtec.cat\/ceip-torrojaimiret\/wp-json\/wp\/v2\/media\/13784"}],"wp:attachment":[{"href":"https:\/\/agora.xtec.cat\/ceip-torrojaimiret\/wp-json\/wp\/v2\/media?parent=13783"}],"wp:term":[{"taxonomy":"category","embeddable":true,"href":"https:\/\/agora.xtec.cat\/ceip-torrojaimiret\/wp-json\/wp\/v2\/categories?post=13783"},{"taxonomy":"post_tag","embeddable":true,"href":"https:\/\/agora.xtec.cat\/ceip-torrojaimiret\/wp-json\/wp\/v2\/tags?post=13783"}],"curies":[{"name":"wp","href":"https:\/\/api.w.org\/{rel}","templated":true}]}}