{"id":13752,"date":"2020-11-23T21:57:43","date_gmt":"2020-11-23T20:57:43","guid":{"rendered":"http:\/\/agora.xtec.cat\/ceip-torrojaimiret\/?p=13752"},"modified":"2020-11-23T21:58:37","modified_gmt":"2020-11-23T20:58:37","slug":"visita-dels-alumnes-de-quart-a-la-sequia-major","status":"publish","type":"post","link":"https:\/\/agora.xtec.cat\/ceip-torrojaimiret\/general\/visita-dels-alumnes-de-quart-a-la-sequia-major\/","title":{"rendered":"Visita dels alumnes de Quart a la S\u00e8quia Major"},"content":{"rendered":"<p style=\"text-align: justify;\">L\u2019alumnat de 4t hem visitat l\u2019espai natural d\u2019aiguamolls de major diversitat que tenim al nostre voltant: la S\u00e8quia Major.<\/p>\n<p style=\"text-align: justify;\"><img loading=\"lazy\" decoding=\"async\" class=\"wp-image-13758 alignright\" src=\"https:\/\/agora.xtec.cat\/ceip-torrojaimiret\/wp-content\/uploads\/usu1688\/2020\/11\/sequia-major-1024x568.jpg\" alt=\"\" width=\"599\" height=\"332\" srcset=\"https:\/\/agora.xtec.cat\/ceip-torrojaimiret\/wp-content\/uploads\/usu1688\/2020\/11\/sequia-major-1024x568.jpg 1024w, https:\/\/agora.xtec.cat\/ceip-torrojaimiret\/wp-content\/uploads\/usu1688\/2020\/11\/sequia-major-300x166.jpg 300w, https:\/\/agora.xtec.cat\/ceip-torrojaimiret\/wp-content\/uploads\/usu1688\/2020\/11\/sequia-major-768x426.jpg 768w, https:\/\/agora.xtec.cat\/ceip-torrojaimiret\/wp-content\/uploads\/usu1688\/2020\/11\/sequia-major.jpg 1189w\" sizes=\"auto, (max-width: 599px) 100vw, 599px\" \/><\/p>\n<p style=\"text-align: justify;\">Durant la ruta, hem conegut la hist\u00f2ria i els valors naturals de l\u2019espai. Hem pogut veure rastres d\u2019animals a trav\u00e9s de petjades, plomes i nius, i hem observat ocells amb prism\u00e0tics i altres esp\u00e8cies protegides.<\/p>\n<p style=\"text-align: justify;\">Tamb\u00e9 hem conegut els seus h\u00e0bitats amb els canyissars i els joncs, entre d\u2019altres\u2026 Ha estat un mat\u00ed fant\u00e0stic ja que ens ho hem passat molt b\u00e9 i, alhora, hem apr\u00e8s molt!!!<\/p>\n<p style=\"text-align: justify;\">En aquest enlla\u00e7 podreu veure totes les fotos de la sortida: <a href=\"https:\/\/drive.google.com\/drive\/folders\/15zcRRvpeyvV6Rpy3dWyuyBKniqVHxLUa?usp=sharing\" target=\"_blank\" rel=\"noopener noreferrer\"><strong>VEURE FOTOS<\/strong><\/a><\/p>\n<p>&nbsp;<\/p>\n<p>&nbsp;<\/p>\n","protected":false},"excerpt":{"rendered":"<p>L\u2019alumnat de 4t hem visitat l\u2019espai natural d\u2019aiguamolls de major diversitat que tenim al nostre voltant: la S\u00e8quia Major. Durant la ruta, hem conegut la hist\u00f2ria i els valors naturals de l\u2019espai. Tamb\u00e9 hem pogut veure rastres d\u2019animals a trav\u00e9s de petjades, plomes i nius, i hem observat ocells amb prism\u00e0tics i altres esp\u00e8cies protegides.<\/p>\n","protected":false},"author":37,"featured_media":13758,"comment_status":"closed","ping_status":"closed","sticky":false,"template":"","format":"standard","meta":{"_bbp_topic_count":0,"_bbp_reply_count":0,"_bbp_total_topic_count":0,"_bbp_total_reply_count":0,"_bbp_voice_count":0,"_bbp_anonymous_reply_count":0,"_bbp_topic_count_hidden":0,"_bbp_reply_count_hidden":0,"_bbp_forum_subforum_count":0,"site-sidebar-layout":"default","site-content-layout":"","ast-site-content-layout":"","site-content-style":"default","site-sidebar-style":"default","ast-global-header-display":"","ast-banner-title-visibility":"","ast-main-header-display":"","ast-hfb-above-header-display":"","ast-hfb-below-header-display":"","ast-hfb-mobile-header-display":"","site-post-title":"","ast-breadcrumbs-content":"","ast-featured-img":"","footer-sml-layout":"","theme-transparent-header-meta":"","adv-header-id-meta":"","stick-header-meta":"","header-above-stick-meta":"","header-main-stick-meta":"","header-below-stick-meta":"","astra-migrate-meta-layouts":"default","ast-page-background-enabled":"default","ast-page-background-meta":{"desktop":{"background-color":"var(--ast-global-color-4)","background-image":"","background-repeat":"repeat","background-position":"center center","background-size":"auto","background-attachment":"scroll","background-type":"","background-media":"","overlay-type":"","overlay-color":"","overlay-opacity":"","overlay-gradient":""},"tablet":{"background-color":"","background-image":"","background-repeat":"repeat","background-position":"center center","background-size":"auto","background-attachment":"scroll","background-type":"","background-media":"","overlay-type":"","overlay-color":"","overlay-opacity":"","overlay-gradient":""},"mobile":{"background-color":"","background-image":"","background-repeat":"repeat","background-position":"center center","background-size":"auto","background-attachment":"scroll","background-type":"","background-media":"","overlay-type":"","overlay-color":"","overlay-opacity":"","overlay-gradient":""}},"ast-content-background-meta":{"desktop":{"background-color":"var(--ast-global-color-5)","background-image":"","background-repeat":"repeat","background-position":"center center","background-size":"auto","background-attachment":"scroll","background-type":"","background-media":"","overlay-type":"","overlay-color":"","overlay-opacity":"","overlay-gradient":""},"tablet":{"background-color":"var(--ast-global-color-5)","background-image":"","background-repeat":"repeat","background-position":"center center","background-size":"auto","background-attachment":"scroll","background-type":"","background-media":"","overlay-type":"","overlay-color":"","overlay-opacity":"","overlay-gradient":""},"mobile":{"background-color":"var(--ast-global-color-5)","background-image":"","background-repeat":"repeat","background-position":"center center","background-size":"auto","background-attachment":"scroll","background-type":"","background-media":"","overlay-type":"","overlay-color":"","overlay-opacity":"","overlay-gradient":""}},"footnotes":""},"categories":[13,1,72,4,5],"tags":[107,78,133,139],"class_list":["post-13752","post","type-post","status-publish","format-standard","has-post-thumbnail","hentry","category-4t","category-general","category-noticies","category-portada","category-primaria","tag-cicle-mitja","tag-excursio","tag-quart","tag-sequia-major"],"post_mailing_queue_ids":[],"_links":{"self":[{"href":"https:\/\/agora.xtec.cat\/ceip-torrojaimiret\/wp-json\/wp\/v2\/posts\/13752","targetHints":{"allow":["GET"]}}],"collection":[{"href":"https:\/\/agora.xtec.cat\/ceip-torrojaimiret\/wp-json\/wp\/v2\/posts"}],"about":[{"href":"https:\/\/agora.xtec.cat\/ceip-torrojaimiret\/wp-json\/wp\/v2\/types\/post"}],"author":[{"embeddable":true,"href":"https:\/\/agora.xtec.cat\/ceip-torrojaimiret\/wp-json\/wp\/v2\/users\/37"}],"replies":[{"embeddable":true,"href":"https:\/\/agora.xtec.cat\/ceip-torrojaimiret\/wp-json\/wp\/v2\/comments?post=13752"}],"version-history":[{"count":3,"href":"https:\/\/agora.xtec.cat\/ceip-torrojaimiret\/wp-json\/wp\/v2\/posts\/13752\/revisions"}],"predecessor-version":[{"id":13764,"href":"https:\/\/agora.xtec.cat\/ceip-torrojaimiret\/wp-json\/wp\/v2\/posts\/13752\/revisions\/13764"}],"wp:featuredmedia":[{"embeddable":true,"href":"https:\/\/agora.xtec.cat\/ceip-torrojaimiret\/wp-json\/wp\/v2\/media\/13758"}],"wp:attachment":[{"href":"https:\/\/agora.xtec.cat\/ceip-torrojaimiret\/wp-json\/wp\/v2\/media?parent=13752"}],"wp:term":[{"taxonomy":"category","embeddable":true,"href":"https:\/\/agora.xtec.cat\/ceip-torrojaimiret\/wp-json\/wp\/v2\/categories?post=13752"},{"taxonomy":"post_tag","embeddable":true,"href":"https:\/\/agora.xtec.cat\/ceip-torrojaimiret\/wp-json\/wp\/v2\/tags?post=13752"}],"curies":[{"name":"wp","href":"https:\/\/api.w.org\/{rel}","templated":true}]}}