{"id":13673,"date":"2020-08-15T00:19:22","date_gmt":"2020-08-14T22:19:22","guid":{"rendered":"http:\/\/agora.xtec.cat\/ceip-torrojaimiret\/?p=13673"},"modified":"2020-08-15T00:24:22","modified_gmt":"2020-08-14T22:24:22","slug":"informacio-dorganitzacio-per-portar-el-material-al-centre-al-setembre","status":"publish","type":"post","link":"https:\/\/agora.xtec.cat\/ceip-torrojaimiret\/general\/informacio-dorganitzacio-per-portar-el-material-al-centre-al-setembre\/","title":{"rendered":"Informaci\u00f3 d&#8217;organitzaci\u00f3 per portar el material al centre al setembre"},"content":{"rendered":"<p style=\"font-weight: 400;\">Benvolgudes fam\u00edlies,<\/p>\n<p><img loading=\"lazy\" decoding=\"async\" class=\"wp-image-13678 alignright\" src=\"https:\/\/agora.xtec.cat\/ceip-torrojaimiret\/wp-content\/uploads\/usu1688\/2020\/08\/material-escolar1.jpg\" alt=\"\" width=\"392\" height=\"174\" srcset=\"https:\/\/agora.xtec.cat\/ceip-torrojaimiret\/wp-content\/uploads\/usu1688\/2020\/08\/material-escolar1.jpg 512w, https:\/\/agora.xtec.cat\/ceip-torrojaimiret\/wp-content\/uploads\/usu1688\/2020\/08\/material-escolar1-300x133.jpg 300w\" sizes=\"auto, (max-width: 392px) 100vw, 392px\" \/><\/p>\n<p style=\"font-weight: 400;\">Per facilitar l\u2019organitzaci\u00f3 de l\u2019inici del curs, at\u00e8s que els pares o familiars no podran entrar al centre, hem planificat diferents f\u00f3rmules per portar el material a\u00a0l\u2019escola.<\/p>\n<p style=\"font-weight: 400;\">Les fam\u00edlies de l\u2019alumnat de P-4 i P-5 d\u2019Educaci\u00f3 Infantil i de 1r de Prim\u00e0ria hauran de portar el material abans de comen\u00e7ar les classes (s\u2019indicar\u00e0 la franja hor\u00e0ria de cada fam\u00edlia):<\/p>\n<p style=\"font-weight: 400;\">&#8211;\u00a0\u00a0\u00a0\u00a0\u00a0\u00a0\u00a0\u00a0\u00a0<strong>\u00a0P-4: Portar material, dia 2 setembre, a partir de les 10 h (Porta C\/ Tarragona)<\/strong><\/p>\n<p style=\"font-weight: 400;\"><strong>&#8211;\u00a0\u00a0\u00a0\u00a0\u00a0\u00a0\u00a0\u00a0\u00a0\u00a0P-5: Portar material, dia 3 de setembre, a partir de les 9:30 h (Porta C\/ Tarragona)<\/strong><\/p>\n<p style=\"font-weight: 400;\"><strong>&#8211;\u00a0\u00a0\u00a0\u00a0\u00a0\u00a0\u00a0\u00a0\u00a0\u00a01r. Prim\u00e0ria: Portar material, dia 3 de setembre, a partir de les 9:30 h (Porta C\/ Sant Josep)<\/strong><\/p>\n<p style=\"font-weight: 400;\"><strong>&#8211;\u00a0\u00a0\u00a0\u00a0\u00a0\u00a0\u00a0\u00a0\u00a0\u00a0Les fam\u00edlies de l\u2019alumnat de P-3\u00a0\u00a0portaran el material el primer dia de classe.<\/strong><\/p>\n<p style=\"font-weight: 400;\"><strong>&#8211;\u00a0\u00a0\u00a0\u00a0\u00a0\u00a0\u00a0\u00a0\u00a0\u00a0Des de 2n a 6\u00e8 de Prim\u00e0ria l\u2019alumnat portar\u00e0 el material (material escolar, d\u2019higiene i resguard de pagament) el primer dia de classe. El segon dia de classe hauran de portar els llibres de text. \u00a0<\/strong><\/p>\n<p style=\"font-weight: 400;\">Cal recordar que els canvis en l\u2019opci\u00f3 de religi\u00f3, s\u2019han de fer fins al 14 de setembre de 2020, dia en el que comen\u00e7a el curs.<\/p>\n<p style=\"font-weight: 400;\">El proper curs ser\u00e0 especial, \u00a0amb mesures organitzatives espec\u00edfiques per prevenir\u00a0 possibles contagis de la pand\u00e8mia que estem patint. Per aquest motiu s\u2019han realitzat distribucions diferents de l\u2019alumnat, triplicant alguns nivells i s\u2019estan adaptant espais m\u00e9s grans per que puguin ser aules i acollir alguns grups m\u00e9s grans.<\/p>\n<p style=\"font-weight: 400;\">Al web del centre podeu consultar tota la informaci\u00f3 de materials i orientacions per al proper curs.<\/p>\n","protected":false},"excerpt":{"rendered":"<p>Benvolgudes fam\u00edlies, per facilitar l\u2019organitzaci\u00f3 de l\u2019inici del curs, at\u00e8s que els pares o familiars no podran entrar al centre, hem planificat diferents f\u00f3rmules per portar el material a\u00a0l\u2019escola, repartint cada nivell en dies diferents.<\/p>\n","protected":false},"author":37,"featured_media":13678,"comment_status":"closed","ping_status":"closed","sticky":false,"template":"","format":"standard","meta":{"_bbp_topic_count":0,"_bbp_reply_count":0,"_bbp_total_topic_count":0,"_bbp_total_reply_count":0,"_bbp_voice_count":0,"_bbp_anonymous_reply_count":0,"_bbp_topic_count_hidden":0,"_bbp_reply_count_hidden":0,"_bbp_forum_subforum_count":0,"site-sidebar-layout":"default","site-content-layout":"","ast-site-content-layout":"","site-content-style":"default","site-sidebar-style":"default","ast-global-header-display":"","ast-banner-title-visibility":"","ast-main-header-display":"","ast-hfb-above-header-display":"","ast-hfb-below-header-display":"","ast-hfb-mobile-header-display":"","site-post-title":"","ast-breadcrumbs-content":"","ast-featured-img":"","footer-sml-layout":"","theme-transparent-header-meta":"","adv-header-id-meta":"","stick-header-meta":"","header-above-stick-meta":"","header-main-stick-meta":"","header-below-stick-meta":"","astra-migrate-meta-layouts":"default","ast-page-background-enabled":"default","ast-page-background-meta":{"desktop":{"background-color":"var(--ast-global-color-4)","background-image":"","background-repeat":"repeat","background-position":"center center","background-size":"auto","background-attachment":"scroll","background-type":"","background-media":"","overlay-type":"","overlay-color":"","overlay-opacity":"","overlay-gradient":""},"tablet":{"background-color":"","background-image":"","background-repeat":"repeat","background-position":"center center","background-size":"auto","background-attachment":"scroll","background-type":"","background-media":"","overlay-type":"","overlay-color":"","overlay-opacity":"","overlay-gradient":""},"mobile":{"background-color":"","background-image":"","background-repeat":"repeat","background-position":"center center","background-size":"auto","background-attachment":"scroll","background-type":"","background-media":"","overlay-type":"","overlay-color":"","overlay-opacity":"","overlay-gradient":""}},"ast-content-background-meta":{"desktop":{"background-color":"var(--ast-global-color-5)","background-image":"","background-repeat":"repeat","background-position":"center center","background-size":"auto","background-attachment":"scroll","background-type":"","background-media":"","overlay-type":"","overlay-color":"","overlay-opacity":"","overlay-gradient":""},"tablet":{"background-color":"var(--ast-global-color-5)","background-image":"","background-repeat":"repeat","background-position":"center center","background-size":"auto","background-attachment":"scroll","background-type":"","background-media":"","overlay-type":"","overlay-color":"","overlay-opacity":"","overlay-gradient":""},"mobile":{"background-color":"var(--ast-global-color-5)","background-image":"","background-repeat":"repeat","background-position":"center center","background-size":"auto","background-attachment":"scroll","background-type":"","background-media":"","overlay-type":"","overlay-color":"","overlay-opacity":"","overlay-gradient":""}},"footnotes":""},"categories":[10,11,12,13,14,15,7,1,2,72,3,8,9,4,5,75],"tags":[237,254,250],"class_list":["post-13673","post","type-post","status-publish","format-standard","has-post-thumbnail","hentry","category-1r","category-2n","category-3r","category-4t","category-5e","category-6e","category-ampa","category-general","category-infantil","category-noticies","category-p3","category-p4","category-p5","category-portada","category-primaria","category-secretaria","tag-curs-2020-21","tag-inici","tag-material"],"post_mailing_queue_ids":[],"_links":{"self":[{"href":"https:\/\/agora.xtec.cat\/ceip-torrojaimiret\/wp-json\/wp\/v2\/posts\/13673","targetHints":{"allow":["GET"]}}],"collection":[{"href":"https:\/\/agora.xtec.cat\/ceip-torrojaimiret\/wp-json\/wp\/v2\/posts"}],"about":[{"href":"https:\/\/agora.xtec.cat\/ceip-torrojaimiret\/wp-json\/wp\/v2\/types\/post"}],"author":[{"embeddable":true,"href":"https:\/\/agora.xtec.cat\/ceip-torrojaimiret\/wp-json\/wp\/v2\/users\/37"}],"replies":[{"embeddable":true,"href":"https:\/\/agora.xtec.cat\/ceip-torrojaimiret\/wp-json\/wp\/v2\/comments?post=13673"}],"version-history":[{"count":3,"href":"https:\/\/agora.xtec.cat\/ceip-torrojaimiret\/wp-json\/wp\/v2\/posts\/13673\/revisions"}],"predecessor-version":[{"id":13679,"href":"https:\/\/agora.xtec.cat\/ceip-torrojaimiret\/wp-json\/wp\/v2\/posts\/13673\/revisions\/13679"}],"wp:featuredmedia":[{"embeddable":true,"href":"https:\/\/agora.xtec.cat\/ceip-torrojaimiret\/wp-json\/wp\/v2\/media\/13678"}],"wp:attachment":[{"href":"https:\/\/agora.xtec.cat\/ceip-torrojaimiret\/wp-json\/wp\/v2\/media?parent=13673"}],"wp:term":[{"taxonomy":"category","embeddable":true,"href":"https:\/\/agora.xtec.cat\/ceip-torrojaimiret\/wp-json\/wp\/v2\/categories?post=13673"},{"taxonomy":"post_tag","embeddable":true,"href":"https:\/\/agora.xtec.cat\/ceip-torrojaimiret\/wp-json\/wp\/v2\/tags?post=13673"}],"curies":[{"name":"wp","href":"https:\/\/api.w.org\/{rel}","templated":true}]}}