{"id":13667,"date":"2020-08-15T00:09:35","date_gmt":"2020-08-14T22:09:35","guid":{"rendered":"http:\/\/agora.xtec.cat\/ceip-torrojaimiret\/?p=13667"},"modified":"2020-08-15T00:10:09","modified_gmt":"2020-08-14T22:10:09","slug":"informacio-sobre-les-reunions-dinici-de-curs","status":"publish","type":"post","link":"https:\/\/agora.xtec.cat\/ceip-torrojaimiret\/general\/informacio-sobre-les-reunions-dinici-de-curs\/","title":{"rendered":"Informaci\u00f3 sobre les reunions d&#8217;inici de curs"},"content":{"rendered":"<figure id=\"attachment_13668\" aria-describedby=\"caption-attachment-13668\" style=\"width: 312px\" class=\"wp-caption alignright\"><img loading=\"lazy\" decoding=\"async\" class=\"wp-image-13668\" src=\"https:\/\/agora.xtec.cat\/ceip-torrojaimiret\/wp-content\/uploads\/usu1688\/2020\/08\/familia-escola-1024x552.jpg\" alt=\"\" width=\"312\" height=\"168\" srcset=\"https:\/\/agora.xtec.cat\/ceip-torrojaimiret\/wp-content\/uploads\/usu1688\/2020\/08\/familia-escola.jpg 1024w, https:\/\/agora.xtec.cat\/ceip-torrojaimiret\/wp-content\/uploads\/usu1688\/2020\/08\/familia-escola-300x162.jpg 300w, https:\/\/agora.xtec.cat\/ceip-torrojaimiret\/wp-content\/uploads\/usu1688\/2020\/08\/familia-escola-768x414.jpg 768w\" sizes=\"auto, (max-width: 312px) 100vw, 312px\" \/><figcaption id=\"caption-attachment-13668\" class=\"wp-caption-text\">\u00a0 \u00a0 \u00a0 \u00a0 \u00a0 \u00a0 \u00a0 \u00a0 \u00a0 \u00a0 \u00a0 \u00a0 \u00a0 \u00a0 \u00a0 \u00a0 \u00a0 \u00a0 \u00a0 \u00a0 \u00a0 \u00a0 \u00a0 \u00a0 \u00a0www.magisnet.com<\/figcaption><\/figure>\n<p style=\"font-weight: 400;\">Benvolgudes fam\u00edlies,<\/p>\n<p style=\"font-weight: 400;\">El proper curs ser\u00e0 especial, amb mesures organitzatives espec\u00edfiques per prevenir\u00a0 possibles contagis de la pand\u00e8mia que estem patint. Per aquest motiu s\u2019han realitzat distribucions diferents de l\u2019alumnat, triplicant alguns nivells i s\u2019estan adaptant espais m\u00e9s grans per que puguin ser aules i acollir alguns grups m\u00e9s grans.<\/p>\n<p style=\"font-weight: 400;\">A l\u2019inici de curs es realitzaran reunions informatives a les fam\u00edlies de la resta de mesures preventives, a trav\u00e9s de videoconfer\u00e8ncies. Els tutors\/es convocaran a les fam\u00edlies del seu grup. Els dies i hores de les reunions seran els seg\u00fcents:<\/p>\n<p style=\"font-weight: 400;\">Reuni\u00f3 online P-3 Infantil: <strong>Dimecres, 2 setembre a les 10 h.<\/strong><\/p>\n<p style=\"font-weight: 400;\">Reuni\u00f3 online P-4 Infantil: <strong>a concretar al setembre.<\/strong><\/p>\n<p style=\"font-weight: 400;\">Reuni\u00f3 online P-5 Infantil: <strong>a concretar al setembre.<\/strong><\/p>\n<p style=\"font-weight: 400;\">Reuni\u00f3 online 1r. Prim\u00e0ria: <strong>Dimecres, 9 setembre a les 12:30 h.<\/strong><\/p>\n<p style=\"font-weight: 400;\">Reuni\u00f3 online 2n. Prim\u00e0ria: <strong>Dimecres, 9 setembre a les 11:30 h.<\/strong><\/p>\n<p style=\"font-weight: 400;\">Reuni\u00f3 online 3r Prim\u00e0ria: <strong>Dimarts, 8 setembre a les 12:30 h.<\/strong><\/p>\n<p style=\"font-weight: 400;\">Reuni\u00f3 online 4t Prim\u00e0ria: <strong>Dimarts, 8 setembre a les 11:30 h.<\/strong><\/p>\n<p style=\"font-weight: 400;\">Reuni\u00f3 online 5\u00e8 Prim\u00e0ria: <strong>Dilluns, 7 setembre a les 11:30 h.<\/strong><\/p>\n<p style=\"font-weight: 400;\">Reuni\u00f3 online 6\u00e8 Prim\u00e0ria: <strong>Dilluns, 7 setembre a les 12:30 h.<\/strong><\/p>\n<p style=\"font-weight: 400;\">Per facilitar la comunicaci\u00f3 amb les fam\u00edlies i pagaments a l\u2019escola, AMPA i servei de menjador aquest curs s\u2019inicia l\u2019aplicaci\u00f3 DINANTIA.\u00a0\u00c9s important que el m\u00e9s aviat possible totes les fam\u00edlies omplin el formulari d\u2019autoritzaci\u00f3.\u00a0 L\u2019enlla\u00e7 \u00e9s el seg\u00fcent:\u00a0<a href=\"https:\/\/forms.gle\/moZjFLR4c4ZSy3qc7\" data-saferedirecturl=\"https:\/\/www.google.com\/url?q=https:\/\/forms.gle\/moZjFLR4c4ZSy3qc7&amp;source=gmail&amp;ust=1597528182065000&amp;usg=AFQjCNH5ViGvc3jCOaBCb-hjStC0nKmCTw\">https:\/\/forms.gle\/moZjFLR4c4ZSy3qc7<\/a><\/p>\n<p style=\"font-weight: 400;\">Al web del centre podeu consultar tota la informaci\u00f3 de materials i orientacions per al proper curs.<\/p>\n","protected":false},"excerpt":{"rendered":"<p>Benvolgudes fam\u00edlies, el proper curs ser\u00e0 especial, amb mesures organitzatives espec\u00edfiques per prevenir\u00a0 possibles contagis de la pand\u00e8mia que estem patint. Per aquest motiu, a l\u2019inici de curs es realitzaran reunions informatives a les fam\u00edlies de la resta de mesures preventives, a trav\u00e9s de videoconfer\u00e8ncies. Els tutors\/es convocaran a les fam\u00edlies del seu grup.<\/p>\n","protected":false},"author":37,"featured_media":13668,"comment_status":"closed","ping_status":"closed","sticky":false,"template":"","format":"standard","meta":{"_bbp_topic_count":0,"_bbp_reply_count":0,"_bbp_total_topic_count":0,"_bbp_total_reply_count":0,"_bbp_voice_count":0,"_bbp_anonymous_reply_count":0,"_bbp_topic_count_hidden":0,"_bbp_reply_count_hidden":0,"_bbp_forum_subforum_count":0,"site-sidebar-layout":"default","site-content-layout":"","ast-site-content-layout":"","site-content-style":"default","site-sidebar-style":"default","ast-global-header-display":"","ast-banner-title-visibility":"","ast-main-header-display":"","ast-hfb-above-header-display":"","ast-hfb-below-header-display":"","ast-hfb-mobile-header-display":"","site-post-title":"","ast-breadcrumbs-content":"","ast-featured-img":"","footer-sml-layout":"","theme-transparent-header-meta":"","adv-header-id-meta":"","stick-header-meta":"","header-above-stick-meta":"","header-main-stick-meta":"","header-below-stick-meta":"","astra-migrate-meta-layouts":"default","ast-page-background-enabled":"default","ast-page-background-meta":{"desktop":{"background-color":"var(--ast-global-color-4)","background-image":"","background-repeat":"repeat","background-position":"center center","background-size":"auto","background-attachment":"scroll","background-type":"","background-media":"","overlay-type":"","overlay-color":"","overlay-opacity":"","overlay-gradient":""},"tablet":{"background-color":"","background-image":"","background-repeat":"repeat","background-position":"center center","background-size":"auto","background-attachment":"scroll","background-type":"","background-media":"","overlay-type":"","overlay-color":"","overlay-opacity":"","overlay-gradient":""},"mobile":{"background-color":"","background-image":"","background-repeat":"repeat","background-position":"center center","background-size":"auto","background-attachment":"scroll","background-type":"","background-media":"","overlay-type":"","overlay-color":"","overlay-opacity":"","overlay-gradient":""}},"ast-content-background-meta":{"desktop":{"background-color":"var(--ast-global-color-5)","background-image":"","background-repeat":"repeat","background-position":"center center","background-size":"auto","background-attachment":"scroll","background-type":"","background-media":"","overlay-type":"","overlay-color":"","overlay-opacity":"","overlay-gradient":""},"tablet":{"background-color":"var(--ast-global-color-5)","background-image":"","background-repeat":"repeat","background-position":"center center","background-size":"auto","background-attachment":"scroll","background-type":"","background-media":"","overlay-type":"","overlay-color":"","overlay-opacity":"","overlay-gradient":""},"mobile":{"background-color":"var(--ast-global-color-5)","background-image":"","background-repeat":"repeat","background-position":"center center","background-size":"auto","background-attachment":"scroll","background-type":"","background-media":"","overlay-type":"","overlay-color":"","overlay-opacity":"","overlay-gradient":""}},"footnotes":""},"categories":[10,11,12,13,14,15,7,1,2,72,3,8,9,4,5,75],"tags":[237,253],"class_list":["post-13667","post","type-post","status-publish","format-standard","has-post-thumbnail","hentry","category-1r","category-2n","category-3r","category-4t","category-5e","category-6e","category-ampa","category-general","category-infantil","category-noticies","category-p3","category-p4","category-p5","category-portada","category-primaria","category-secretaria","tag-curs-2020-21","tag-reunions"],"post_mailing_queue_ids":[],"_links":{"self":[{"href":"https:\/\/agora.xtec.cat\/ceip-torrojaimiret\/wp-json\/wp\/v2\/posts\/13667","targetHints":{"allow":["GET"]}}],"collection":[{"href":"https:\/\/agora.xtec.cat\/ceip-torrojaimiret\/wp-json\/wp\/v2\/posts"}],"about":[{"href":"https:\/\/agora.xtec.cat\/ceip-torrojaimiret\/wp-json\/wp\/v2\/types\/post"}],"author":[{"embeddable":true,"href":"https:\/\/agora.xtec.cat\/ceip-torrojaimiret\/wp-json\/wp\/v2\/users\/37"}],"replies":[{"embeddable":true,"href":"https:\/\/agora.xtec.cat\/ceip-torrojaimiret\/wp-json\/wp\/v2\/comments?post=13667"}],"version-history":[{"count":2,"href":"https:\/\/agora.xtec.cat\/ceip-torrojaimiret\/wp-json\/wp\/v2\/posts\/13667\/revisions"}],"predecessor-version":[{"id":13671,"href":"https:\/\/agora.xtec.cat\/ceip-torrojaimiret\/wp-json\/wp\/v2\/posts\/13667\/revisions\/13671"}],"wp:featuredmedia":[{"embeddable":true,"href":"https:\/\/agora.xtec.cat\/ceip-torrojaimiret\/wp-json\/wp\/v2\/media\/13668"}],"wp:attachment":[{"href":"https:\/\/agora.xtec.cat\/ceip-torrojaimiret\/wp-json\/wp\/v2\/media?parent=13667"}],"wp:term":[{"taxonomy":"category","embeddable":true,"href":"https:\/\/agora.xtec.cat\/ceip-torrojaimiret\/wp-json\/wp\/v2\/categories?post=13667"},{"taxonomy":"post_tag","embeddable":true,"href":"https:\/\/agora.xtec.cat\/ceip-torrojaimiret\/wp-json\/wp\/v2\/tags?post=13667"}],"curies":[{"name":"wp","href":"https:\/\/api.w.org\/{rel}","templated":true}]}}