{"id":13664,"date":"2020-08-14T23:58:14","date_gmt":"2020-08-14T21:58:14","guid":{"rendered":"http:\/\/agora.xtec.cat\/ceip-torrojaimiret\/?p=13664"},"modified":"2020-08-15T00:11:58","modified_gmt":"2020-08-14T22:11:58","slug":"calendari-oficial-del-curs-2020-21","status":"publish","type":"post","link":"https:\/\/agora.xtec.cat\/ceip-torrojaimiret\/general\/calendari-oficial-del-curs-2020-21\/","title":{"rendered":"Calendari oficial del curs 2020-21"},"content":{"rendered":"<p style=\"font-weight: 400;\">Benvolgudes fam\u00edlies,<a href=\"https:\/\/agora.xtec.cat\/ceip-torrojaimiret\/wp-content\/uploads\/usu1688\/2020\/08\/Calendari-2020-21color-vertical.pdf\" target=\"_blank\" rel=\"noopener noreferrer\"><img loading=\"lazy\" decoding=\"async\" class=\"wp-image-13669 alignright\" src=\"https:\/\/agora.xtec.cat\/ceip-torrojaimiret\/wp-content\/uploads\/usu1688\/2020\/08\/calendari-14-8-20.jpg\" alt=\"\" width=\"207\" height=\"193\" srcset=\"https:\/\/agora.xtec.cat\/ceip-torrojaimiret\/wp-content\/uploads\/usu1688\/2020\/08\/calendari-14-8-20.jpg 897w, https:\/\/agora.xtec.cat\/ceip-torrojaimiret\/wp-content\/uploads\/usu1688\/2020\/08\/calendari-14-8-20-300x281.jpg 300w, https:\/\/agora.xtec.cat\/ceip-torrojaimiret\/wp-content\/uploads\/usu1688\/2020\/08\/calendari-14-8-20-768x719.jpg 768w\" sizes=\"auto, (max-width: 207px) 100vw, 207px\" \/> <\/a><\/p>\n<p style=\"font-weight: 400;\">D\u2019acord amb el <a href=\"https:\/\/agora.xtec.cat\/ceip-torrojaimiret\/wp-content\/uploads\/usu1688\/2020\/08\/Calendari-2020-21color-vertical.pdf\" target=\"_blank\" rel=\"noopener noreferrer\"><strong><em>calendari oficial<\/em><\/strong><\/a>, us comuniquem que les classes del proper curs comen\u00e7aran el dia 14 de setembre en jornada partida amb \u00a0entrades i sortides esglaonades per nivells seguint els seg\u00fcents horaris:<\/p>\n<p style=\"font-weight: 400;\">&#8211;\u00a0\u00a0\u00a0\u00a0\u00a0\u00a0\u00a0\u00a0\u00a0\u00a0Els nivells de P-4, 1r, 2n i 3r de Prim\u00e0ria tindran l\u2019horari de mat\u00ed: 9 a 12:30 hores \/ tarda: 15 a 16:30 hores.<\/p>\n<p style=\"font-weight: 400;\">&#8211;\u00a0\u00a0\u00a0\u00a0\u00a0\u00a0\u00a0\u00a0\u00a0\u00a0Els nivells de P-5, 4t, 5\u00e8 i 6\u00e8 de Prim\u00e0ria tindran horari de mat\u00ed: 8:50 a 12:20 hores\/ tarda: de 14:50 a 16:20 hores.<\/p>\n<p style=\"font-weight: 400;\">&#8211;\u00a0\u00a0\u00a0\u00a0\u00a0\u00a0\u00a0\u00a0\u00a0\u00a0L\u2019alumnat de P-3: S\u2019informar\u00e0 a les fam\u00edlies al setembre de l\u2019horari d\u2019entrada progressiva.<\/p>\n<p style=\"font-weight: 400;\">&#8211;\u00a0\u00a0\u00a0\u00a0\u00a0\u00a0\u00a0\u00a0\u00a0\u00a0Les vacances del primer trimestre seran del 22 de desembre de 2020 al 7 de gener del 2021, ambd\u00f3s inclosos. Les vacances del 2n trimestre seran del 27 al 5 d\u2019abril de 2021, ambd\u00f3s inclosos. I les vacances d\u2019estiu comen\u00e7aran el 23 de juny de 2021.<\/p>\n<p style=\"font-weight: 400;\">&#8211;\u00a0\u00a0\u00a0\u00a0\u00a0\u00a0\u00a0\u00a0\u00a0\u00a0El dies de lliure disposici\u00f3 seran els dies 30 d\u2019octubre, 7 de desembre, 15 de febrer i 30 d\u2019abril segons ha acordat el Consell Escolar Municipal de Vila-seca.<\/p>\n<p style=\"font-weight: 400;\">El servei de menjador s\u2019iniciar\u00e0 el dia 14 de setembre de 2020. Totes les fam\u00edlies interessades poden apuntar als seus fills\/es, a trav\u00e9s dels canals que indicar\u00e0 l\u2019AMPA.<\/p>\n","protected":false},"excerpt":{"rendered":"<p>Benvolgudes fam\u00edlies, d\u2019acord amb el calendari oficial, us comuniquem que les classes del proper curs comen\u00e7aran el dia 14 de setembre en jornada partida amb\u00a0entrades i sortides esglaonades per nivells.<\/p>\n","protected":false},"author":37,"featured_media":13663,"comment_status":"closed","ping_status":"closed","sticky":false,"template":"","format":"standard","meta":{"_bbp_topic_count":0,"_bbp_reply_count":0,"_bbp_total_topic_count":0,"_bbp_total_reply_count":0,"_bbp_voice_count":0,"_bbp_anonymous_reply_count":0,"_bbp_topic_count_hidden":0,"_bbp_reply_count_hidden":0,"_bbp_forum_subforum_count":0,"site-sidebar-layout":"default","site-content-layout":"","ast-site-content-layout":"","site-content-style":"default","site-sidebar-style":"default","ast-global-header-display":"","ast-banner-title-visibility":"","ast-main-header-display":"","ast-hfb-above-header-display":"","ast-hfb-below-header-display":"","ast-hfb-mobile-header-display":"","site-post-title":"","ast-breadcrumbs-content":"","ast-featured-img":"","footer-sml-layout":"","theme-transparent-header-meta":"","adv-header-id-meta":"","stick-header-meta":"","header-above-stick-meta":"","header-main-stick-meta":"","header-below-stick-meta":"","astra-migrate-meta-layouts":"default","ast-page-background-enabled":"default","ast-page-background-meta":{"desktop":{"background-color":"var(--ast-global-color-4)","background-image":"","background-repeat":"repeat","background-position":"center center","background-size":"auto","background-attachment":"scroll","background-type":"","background-media":"","overlay-type":"","overlay-color":"","overlay-opacity":"","overlay-gradient":""},"tablet":{"background-color":"","background-image":"","background-repeat":"repeat","background-position":"center center","background-size":"auto","background-attachment":"scroll","background-type":"","background-media":"","overlay-type":"","overlay-color":"","overlay-opacity":"","overlay-gradient":""},"mobile":{"background-color":"","background-image":"","background-repeat":"repeat","background-position":"center center","background-size":"auto","background-attachment":"scroll","background-type":"","background-media":"","overlay-type":"","overlay-color":"","overlay-opacity":"","overlay-gradient":""}},"ast-content-background-meta":{"desktop":{"background-color":"var(--ast-global-color-5)","background-image":"","background-repeat":"repeat","background-position":"center center","background-size":"auto","background-attachment":"scroll","background-type":"","background-media":"","overlay-type":"","overlay-color":"","overlay-opacity":"","overlay-gradient":""},"tablet":{"background-color":"var(--ast-global-color-5)","background-image":"","background-repeat":"repeat","background-position":"center center","background-size":"auto","background-attachment":"scroll","background-type":"","background-media":"","overlay-type":"","overlay-color":"","overlay-opacity":"","overlay-gradient":""},"mobile":{"background-color":"var(--ast-global-color-5)","background-image":"","background-repeat":"repeat","background-position":"center center","background-size":"auto","background-attachment":"scroll","background-type":"","background-media":"","overlay-type":"","overlay-color":"","overlay-opacity":"","overlay-gradient":""}},"footnotes":""},"categories":[10,11,12,13,14,15,7,1,2,72,3,8,9,4,5,75],"tags":[252,237],"class_list":["post-13664","post","type-post","status-publish","format-standard","has-post-thumbnail","hentry","category-1r","category-2n","category-3r","category-4t","category-5e","category-6e","category-ampa","category-general","category-infantil","category-noticies","category-p3","category-p4","category-p5","category-portada","category-primaria","category-secretaria","tag-calendari","tag-curs-2020-21"],"post_mailing_queue_ids":[],"_links":{"self":[{"href":"https:\/\/agora.xtec.cat\/ceip-torrojaimiret\/wp-json\/wp\/v2\/posts\/13664","targetHints":{"allow":["GET"]}}],"collection":[{"href":"https:\/\/agora.xtec.cat\/ceip-torrojaimiret\/wp-json\/wp\/v2\/posts"}],"about":[{"href":"https:\/\/agora.xtec.cat\/ceip-torrojaimiret\/wp-json\/wp\/v2\/types\/post"}],"author":[{"embeddable":true,"href":"https:\/\/agora.xtec.cat\/ceip-torrojaimiret\/wp-json\/wp\/v2\/users\/37"}],"replies":[{"embeddable":true,"href":"https:\/\/agora.xtec.cat\/ceip-torrojaimiret\/wp-json\/wp\/v2\/comments?post=13664"}],"version-history":[{"count":3,"href":"https:\/\/agora.xtec.cat\/ceip-torrojaimiret\/wp-json\/wp\/v2\/posts\/13664\/revisions"}],"predecessor-version":[{"id":13672,"href":"https:\/\/agora.xtec.cat\/ceip-torrojaimiret\/wp-json\/wp\/v2\/posts\/13664\/revisions\/13672"}],"wp:featuredmedia":[{"embeddable":true,"href":"https:\/\/agora.xtec.cat\/ceip-torrojaimiret\/wp-json\/wp\/v2\/media\/13663"}],"wp:attachment":[{"href":"https:\/\/agora.xtec.cat\/ceip-torrojaimiret\/wp-json\/wp\/v2\/media?parent=13664"}],"wp:term":[{"taxonomy":"category","embeddable":true,"href":"https:\/\/agora.xtec.cat\/ceip-torrojaimiret\/wp-json\/wp\/v2\/categories?post=13664"},{"taxonomy":"post_tag","embeddable":true,"href":"https:\/\/agora.xtec.cat\/ceip-torrojaimiret\/wp-json\/wp\/v2\/tags?post=13664"}],"curies":[{"name":"wp","href":"https:\/\/api.w.org\/{rel}","templated":true}]}}