{"id":13565,"date":"2020-06-09T11:50:45","date_gmt":"2020-06-09T09:50:45","guid":{"rendered":"http:\/\/agora.xtec.cat\/ceip-torrojaimiret\/?p=13565"},"modified":"2020-06-09T11:52:33","modified_gmt":"2020-06-09T09:52:33","slug":"informacio-per-sollicitar-beques-i-ajuts-de-menjador-per-al-curs-2020-21","status":"publish","type":"post","link":"https:\/\/agora.xtec.cat\/ceip-torrojaimiret\/general\/informacio-per-sollicitar-beques-i-ajuts-de-menjador-per-al-curs-2020-21\/","title":{"rendered":"Informaci\u00f3 per sol\u00b7licitar beques i ajuts de menjador per al curs 2020-21"},"content":{"rendered":"<p><span class=\"fontstyle0\">Benvolgudes fam\u00edlies, <img loading=\"lazy\" decoding=\"async\" class=\"size-full wp-image-13570 alignright\" src=\"https:\/\/agora.xtec.cat\/ceip-torrojaimiret\/wp-content\/uploads\/usu1688\/2020\/06\/logo-cct.jpg\" alt=\"\" width=\"238\" height=\"86\" \/><br \/>\nUs informem que han sortit les bases per sol\u00b7licitar els ajuts individuals de Menjador i que a <a href=\"http:\/\/tarragones.cat\/ensenyament\/menjadors-escolars-ajuts-1\" target=\"_blank\" rel=\"noopener noreferrer\"><em><strong>l&#8217;enlla\u00e7 seg\u00fcent<\/strong> <\/em><\/a>podreu trobar les Bases i models necessaris per a la tramitaci\u00f3 que gestiona el Consell Comarcal del Tarragon\u00e8s(CCT), curs 2020-21.<\/span><\/p>\n<p><span class=\"fontstyle0\"><br \/>\n<\/span><span class=\"fontstyle0\">Al respecte us fem un petit resum dels aspectes m\u00e9s rellevants:<br \/>\n<\/span><span class=\"fontstyle0\"><strong>TRAMITACI\u00d3 DE LA SOL\u00b7LICITUD<\/strong> (hi ha dos procediments)<\/span><span class=\"fontstyle0\">:<\/span><\/p>\n<p><span class=\"fontstyle0\"><br \/>\n1- <\/span><span class=\"fontstyle0\">Aquelles fam\u00edlies que el curs passat van presentar la sol\u00b7licitud i van obtenir beca de menjador, han de fer el tr\u00e0mit seg\u00fcent:<br \/>\n<\/span><span class=\"fontstyle2\">&#8211; <strong>Tr\u00e0mit Telem\u00e0tic<\/strong>. <\/span><span class=\"fontstyle0\">A trav\u00e9s del portal <\/span><strong><span class=\"fontstyle3\">IdCAT-M\u00f2bil<\/span><\/strong><span class=\"fontstyle0\">. En aquest enlla\u00e7 s\u2019hi pot trobar informaci\u00f3 d\u2019aquest servei <\/span><span class=\"fontstyle0\"><a href=\"http:\/\/tarragones.cat\/oficina-virtual-tarragones\/com-obtenir-lidentificador-digitalidcat-mobil\" target=\"_blank\" rel=\"noopener noreferrer\"><strong><em>http:\/\/tarragones.cat\/oficina-virtual-tarragones\/com-obtenir-lidentificador-digitalidcat-mobil<\/em><\/strong><\/a>.<\/span><\/p>\n<p><span class=\"fontstyle0\"><br \/>\n<\/span><span class=\"fontstyle2\">Us heu de descarregar el formulari i enviar-ho al seg\u00fcent mail: <\/span><span class=\"fontstyle2\"><a href=\"mailto:secretariatorrojaimiret@gmail.com\" target=\"_blank\" rel=\"noopener noreferrer\"><strong><em>secretariatorrojaimiret@gmail.com<\/em><\/strong><\/a><br \/>\n<\/span><span class=\"fontstyle2\">No cal adjuntat cap documentaci\u00f3 m\u00e9s Nom\u00e9s la sol\u00b7licitud que es genera omplint les dades al link abans esmentat. (Si teniu el certificat de lloguer de l\u2019any passat el podeu enviar).<\/span><\/p>\n<p><span class=\"fontstyle2\"><br \/>\n<\/span><span class=\"fontstyle0\">2- Les fam\u00edlies que, tot i que el curs passat haguessin presentat sol\u00b7licitud:<br \/>\n<\/span><span class=\"fontstyle4\">\uf0b7 <\/span><span class=\"fontstyle0\">Tenen alumnes amb cust\u00f2dia compartida.<br \/>\n<\/span><span class=\"fontstyle4\">\uf0b7 <\/span><span class=\"fontstyle0\">Tenen alumnes en acolliment.<br \/>\n<\/span><span class=\"fontstyle4\">\uf0b7 <\/span><span class=\"fontstyle0\">Han canviat els membre de la unitat familiar respecte el curs passat. Exemple: un nou fill, hi ha hagut una separaci\u00f3, defunci\u00f3, emancipaci\u00f3&#8230;.<br \/>\n<\/span><span class=\"fontstyle4\">\uf0b7 <\/span><span class=\"fontstyle0\">Se&#8217;ls hagu\u00e9s denegat l&#8217;ajut per manca de documentaci\u00f3.<\/span><\/p>\n<p><span class=\"fontstyle0\"><br \/>\nO aquelles fam\u00edlies que:<br \/>\n<\/span><span class=\"fontstyle4\">\uf0b7 <\/span><span class=\"fontstyle0\">No van presentar sol\u00b7licitud d&#8217;AIM el curs passat.<br \/>\n<\/span><span class=\"fontstyle4\">\uf0b7 <\/span><span class=\"fontstyle0\">Alumnat nou de P3 al centre<br \/>\n<\/span><span class=\"fontstyle4\">\uf0b7 <\/span><span class=\"fontstyle0\">Altres situacions<\/span><\/p>\n<p><span class=\"fontstyle0\"><br \/>\n<\/span><strong><span class=\"fontstyle2\">Aquestes fam\u00edlies han de presentar la sol\u00b7licitud de manera Presencial al Consell Comarcal del Tarragon\u00e8s amb cita pr\u00e8via. L\u2019opci\u00f3 de demanar cita estar\u00e0 disponible a partir del 3 de juny. En cas de dubte consulteu la web <a href=\"http:\/\/tarragones.cat\/-\" target=\"_blank\" rel=\"noopener noreferrer\">http:\/\/tarragones.cat\/-<\/a> o trucar al tel\u00e8fon 977244500<\/span><\/strong><\/p>\n<p style=\"text-align: center;\"><span class=\"fontstyle2\"><br \/>\n<\/span><span class=\"fontstyle0\">TERMINI DE PRESENTACI\u00d3 SOL\u00b7LICITUD AL CONSELL COMARCAL DEL TARRAGON\u00c8S<\/span><\/p>\n<p><span class=\"fontstyle0\"><br \/>\n<\/span><span class=\"fontstyle0\">El termini per enviar el formulari impr\u00e8s degudament omplert a l\u2019adre\u00e7a electr\u00f2nica del centre (<\/span><a href=\"mailto:secretariatorrojaimiret@gmail.com\" target=\"_blank\" rel=\"noopener noreferrer\"><em><strong><span class=\"fontstyle2\">secretariatorrojaimiret@gmail.com<\/span><\/strong><\/em><\/a><span class=\"fontstyle2\">) <\/span><span class=\"fontstyle0\">\u00e9s <\/span><span class=\"fontstyle0\">del <\/span><span class=\"fontstyle5\">8 al 19 de juny de 2020<\/span><span class=\"fontstyle0\">.<br \/>\n<\/span><span class=\"fontstyle0\">Nota: <\/span><span class=\"fontstyle0\">En cas de dubte poden trucar al consell comarcal del Tarragon\u00e8s al n\u00fam <\/span><span class=\"fontstyle2\">977244500, <\/span><span class=\"fontstyle0\">Departament de beques menjador.<\/span><\/p>\n<p><a href=\"https:\/\/agora.xtec.cat\/ceip-torrojaimiret\/wp-content\/uploads\/usu1688\/2020\/06\/circular-beques-2020.pdf\" target=\"_blank\" rel=\"noopener noreferrer\"><strong>Document PDF Beques i Ajuts de Menjador<\/strong><\/a><\/p>\n","protected":false},"excerpt":{"rendered":"<p>Benvolgudes fam\u00edlies, us informem que han sortit les bases per sol\u00b7licitar els ajuts individuals de Menjador i que al link seg\u00fcent podreu trobar les Bases i models necessaris per a la tramitaci\u00f3 que gestiona el Consell Comarcal del Tarragon\u00e8s (CCT), curs 2020-21.<\/p>\n","protected":false},"author":37,"featured_media":13570,"comment_status":"closed","ping_status":"closed","sticky":false,"template":"","format":"standard","meta":{"_bbp_topic_count":0,"_bbp_reply_count":0,"_bbp_total_topic_count":0,"_bbp_total_reply_count":0,"_bbp_voice_count":0,"_bbp_anonymous_reply_count":0,"_bbp_topic_count_hidden":0,"_bbp_reply_count_hidden":0,"_bbp_forum_subforum_count":0,"site-sidebar-layout":"default","site-content-layout":"","ast-site-content-layout":"","site-content-style":"default","site-sidebar-style":"default","ast-global-header-display":"","ast-banner-title-visibility":"","ast-main-header-display":"","ast-hfb-above-header-display":"","ast-hfb-below-header-display":"","ast-hfb-mobile-header-display":"","site-post-title":"","ast-breadcrumbs-content":"","ast-featured-img":"","footer-sml-layout":"","theme-transparent-header-meta":"","adv-header-id-meta":"","stick-header-meta":"","header-above-stick-meta":"","header-main-stick-meta":"","header-below-stick-meta":"","astra-migrate-meta-layouts":"default","ast-page-background-enabled":"default","ast-page-background-meta":{"desktop":{"background-color":"var(--ast-global-color-4)","background-image":"","background-repeat":"repeat","background-position":"center center","background-size":"auto","background-attachment":"scroll","background-type":"","background-media":"","overlay-type":"","overlay-color":"","overlay-opacity":"","overlay-gradient":""},"tablet":{"background-color":"","background-image":"","background-repeat":"repeat","background-position":"center center","background-size":"auto","background-attachment":"scroll","background-type":"","background-media":"","overlay-type":"","overlay-color":"","overlay-opacity":"","overlay-gradient":""},"mobile":{"background-color":"","background-image":"","background-repeat":"repeat","background-position":"center center","background-size":"auto","background-attachment":"scroll","background-type":"","background-media":"","overlay-type":"","overlay-color":"","overlay-opacity":"","overlay-gradient":""}},"ast-content-background-meta":{"desktop":{"background-color":"var(--ast-global-color-5)","background-image":"","background-repeat":"repeat","background-position":"center center","background-size":"auto","background-attachment":"scroll","background-type":"","background-media":"","overlay-type":"","overlay-color":"","overlay-opacity":"","overlay-gradient":""},"tablet":{"background-color":"var(--ast-global-color-5)","background-image":"","background-repeat":"repeat","background-position":"center center","background-size":"auto","background-attachment":"scroll","background-type":"","background-media":"","overlay-type":"","overlay-color":"","overlay-opacity":"","overlay-gradient":""},"mobile":{"background-color":"var(--ast-global-color-5)","background-image":"","background-repeat":"repeat","background-position":"center center","background-size":"auto","background-attachment":"scroll","background-type":"","background-media":"","overlay-type":"","overlay-color":"","overlay-opacity":"","overlay-gradient":""}},"footnotes":""},"categories":[10,11,12,13,14,15,7,1,2,72,3,8,9,4,5,75],"tags":[244,243,245,242],"class_list":["post-13565","post","type-post","status-publish","format-standard","has-post-thumbnail","hentry","category-1r","category-2n","category-3r","category-4t","category-5e","category-6e","category-ampa","category-general","category-infantil","category-noticies","category-p3","category-p4","category-p5","category-portada","category-primaria","category-secretaria","tag-ajuts","tag-beques","tag-menjador","tag-sollicitud"],"post_mailing_queue_ids":[],"_links":{"self":[{"href":"https:\/\/agora.xtec.cat\/ceip-torrojaimiret\/wp-json\/wp\/v2\/posts\/13565","targetHints":{"allow":["GET"]}}],"collection":[{"href":"https:\/\/agora.xtec.cat\/ceip-torrojaimiret\/wp-json\/wp\/v2\/posts"}],"about":[{"href":"https:\/\/agora.xtec.cat\/ceip-torrojaimiret\/wp-json\/wp\/v2\/types\/post"}],"author":[{"embeddable":true,"href":"https:\/\/agora.xtec.cat\/ceip-torrojaimiret\/wp-json\/wp\/v2\/users\/37"}],"replies":[{"embeddable":true,"href":"https:\/\/agora.xtec.cat\/ceip-torrojaimiret\/wp-json\/wp\/v2\/comments?post=13565"}],"version-history":[{"count":3,"href":"https:\/\/agora.xtec.cat\/ceip-torrojaimiret\/wp-json\/wp\/v2\/posts\/13565\/revisions"}],"predecessor-version":[{"id":13572,"href":"https:\/\/agora.xtec.cat\/ceip-torrojaimiret\/wp-json\/wp\/v2\/posts\/13565\/revisions\/13572"}],"wp:featuredmedia":[{"embeddable":true,"href":"https:\/\/agora.xtec.cat\/ceip-torrojaimiret\/wp-json\/wp\/v2\/media\/13570"}],"wp:attachment":[{"href":"https:\/\/agora.xtec.cat\/ceip-torrojaimiret\/wp-json\/wp\/v2\/media?parent=13565"}],"wp:term":[{"taxonomy":"category","embeddable":true,"href":"https:\/\/agora.xtec.cat\/ceip-torrojaimiret\/wp-json\/wp\/v2\/categories?post=13565"},{"taxonomy":"post_tag","embeddable":true,"href":"https:\/\/agora.xtec.cat\/ceip-torrojaimiret\/wp-json\/wp\/v2\/tags?post=13565"}],"curies":[{"name":"wp","href":"https:\/\/api.w.org\/{rel}","templated":true}]}}