{"id":13479,"date":"2020-05-25T13:32:33","date_gmt":"2020-05-25T11:32:33","guid":{"rendered":"http:\/\/agora.xtec.cat\/ceip-torrojaimiret\/?p=13479"},"modified":"2020-05-30T01:25:50","modified_gmt":"2020-05-29T23:25:50","slug":"accions-presencials-durant-el-mes-de-juny-a-educacio-infantil","status":"publish","type":"post","link":"https:\/\/agora.xtec.cat\/ceip-torrojaimiret\/general\/accions-presencials-durant-el-mes-de-juny-a-educacio-infantil\/","title":{"rendered":"Accions presencials durant el mes de juny a EDUCACI\u00d3 INFANTIL"},"content":{"rendered":"<p>Benvolgudes fam\u00edlies,<img loading=\"lazy\" decoding=\"async\" class=\" wp-image-12477 alignright\" src=\"https:\/\/agora.xtec.cat\/ceip-torrojaimiret\/wp-content\/uploads\/usu1688\/2020\/03\/logo_educacio.gif\" alt=\"\" width=\"267\" height=\"99\" \/><\/p>\n<p>Us trametem en arxiu adjunt (<em><strong><a href=\"https:\/\/agora.xtec.cat\/ceip-torrojaimiret\/wp-content\/uploads\/usu1688\/2020\/05\/Carta-fam\u00edlies-obertura-juny-Torroja-i-Miret.pdf\" target=\"_blank\" rel=\"noopener noreferrer\">Carta fam\u00edlies obertura juny Torroja i Miret<\/a><\/strong><\/em>) un escrit informatiu de les accions presencials de la nostra escola durant el mes de juny seguint les instruccions del Departament d&#8217;Educaci\u00f3.<\/p>\n<p>L&#8217;alumnat d&#8217;Educaci\u00f3 infantil (P3, P4 i P5) ambd\u00f3s progenitors dels quals, per motius laborals, hagin de realitzar treball en el mateix horari, poden sol\u00b7licitar el servei d&#8217;acollida. Aquest servei no \u00e9s una activitat lectiva. Es realitzar\u00e0 de dilluns a divendres de 9 a 13 hores per part del personal docent del centre. No hi haur\u00e0 servei de menjador.<\/p>\n<p>Les persones que sol\u00b7licitin el servei d&#8217;acollida hauran d&#8217;aportar la documentaci\u00f3 acreditativa pertinent segons estableix la normativa per fer \u00fas d&#8217;aquest servei. Nom\u00e9s es podran atendre grups de m\u00e0xim de 8 alumnes a P-3 i de m\u00e0xim de 10 alumnes a P-4 i P-5.<\/p>\n<p>Us adjuntem el link d&#8217;un formulari per sol\u00b7licitar el servei d&#8217;acollida de l&#8217;alumnat de P3, P4 i P5 en els casos que compleixen els requisits pertinents: <a href=\"https:\/\/forms.gle\/ZLPS1w7bKym8TVsW6\" target=\"_blank\" rel=\"noopener noreferrer\">https:\/\/forms.gle\/ZLPS1w7bKym8TVsW6<\/a>. Es podr\u00e0 complimentar fins el proper dimarts dia 26 de maig a les 22 hores.<\/p>\n<p>Salutacions cordials,<\/p>\n<p>Equip Directiu<br \/>\nEscola Torroja i Miret<\/p>\n","protected":false},"excerpt":{"rendered":"<p>Benvolgudes fam\u00edlies, us trametem en arxiu adjunt (Carta fam\u00edlies obertura juny Torroja i Miret) un escrit informatiu de les accions presencials de la nostra escola durant el mes de juny per a Educaci\u00f3 Infantil seguint les instruccions del Departament d&#8217;Educaci\u00f3.<\/p>\n","protected":false},"author":37,"featured_media":12477,"comment_status":"closed","ping_status":"closed","sticky":false,"template":"","format":"standard","meta":{"_bbp_topic_count":0,"_bbp_reply_count":0,"_bbp_total_topic_count":0,"_bbp_total_reply_count":0,"_bbp_voice_count":0,"_bbp_anonymous_reply_count":0,"_bbp_topic_count_hidden":0,"_bbp_reply_count_hidden":0,"_bbp_forum_subforum_count":0,"site-sidebar-layout":"default","site-content-layout":"","ast-site-content-layout":"","site-content-style":"default","site-sidebar-style":"default","ast-global-header-display":"","ast-banner-title-visibility":"","ast-main-header-display":"","ast-hfb-above-header-display":"","ast-hfb-below-header-display":"","ast-hfb-mobile-header-display":"","site-post-title":"","ast-breadcrumbs-content":"","ast-featured-img":"","footer-sml-layout":"","theme-transparent-header-meta":"","adv-header-id-meta":"","stick-header-meta":"","header-above-stick-meta":"","header-main-stick-meta":"","header-below-stick-meta":"","astra-migrate-meta-layouts":"default","ast-page-background-enabled":"default","ast-page-background-meta":{"desktop":{"background-color":"var(--ast-global-color-4)","background-image":"","background-repeat":"repeat","background-position":"center center","background-size":"auto","background-attachment":"scroll","background-type":"","background-media":"","overlay-type":"","overlay-color":"","overlay-opacity":"","overlay-gradient":""},"tablet":{"background-color":"","background-image":"","background-repeat":"repeat","background-position":"center center","background-size":"auto","background-attachment":"scroll","background-type":"","background-media":"","overlay-type":"","overlay-color":"","overlay-opacity":"","overlay-gradient":""},"mobile":{"background-color":"","background-image":"","background-repeat":"repeat","background-position":"center center","background-size":"auto","background-attachment":"scroll","background-type":"","background-media":"","overlay-type":"","overlay-color":"","overlay-opacity":"","overlay-gradient":""}},"ast-content-background-meta":{"desktop":{"background-color":"var(--ast-global-color-5)","background-image":"","background-repeat":"repeat","background-position":"center center","background-size":"auto","background-attachment":"scroll","background-type":"","background-media":"","overlay-type":"","overlay-color":"","overlay-opacity":"","overlay-gradient":""},"tablet":{"background-color":"var(--ast-global-color-5)","background-image":"","background-repeat":"repeat","background-position":"center center","background-size":"auto","background-attachment":"scroll","background-type":"","background-media":"","overlay-type":"","overlay-color":"","overlay-opacity":"","overlay-gradient":""},"mobile":{"background-color":"var(--ast-global-color-5)","background-image":"","background-repeat":"repeat","background-position":"center center","background-size":"auto","background-attachment":"scroll","background-type":"","background-media":"","overlay-type":"","overlay-color":"","overlay-opacity":"","overlay-gradient":""}},"footnotes":""},"categories":[1,2,72,3,8,9,75],"tags":[228,230,115,210,214,213,229],"class_list":["post-13479","post","type-post","status-publish","format-standard","has-post-thumbnail","hentry","category-general","category-infantil","category-noticies","category-p3","category-p4","category-p5","category-secretaria","tag-accions","tag-desescalada","tag-educacio-infantil","tag-p3","tag-p4","tag-p5","tag-presencials"],"post_mailing_queue_ids":[],"_links":{"self":[{"href":"https:\/\/agora.xtec.cat\/ceip-torrojaimiret\/wp-json\/wp\/v2\/posts\/13479","targetHints":{"allow":["GET"]}}],"collection":[{"href":"https:\/\/agora.xtec.cat\/ceip-torrojaimiret\/wp-json\/wp\/v2\/posts"}],"about":[{"href":"https:\/\/agora.xtec.cat\/ceip-torrojaimiret\/wp-json\/wp\/v2\/types\/post"}],"author":[{"embeddable":true,"href":"https:\/\/agora.xtec.cat\/ceip-torrojaimiret\/wp-json\/wp\/v2\/users\/37"}],"replies":[{"embeddable":true,"href":"https:\/\/agora.xtec.cat\/ceip-torrojaimiret\/wp-json\/wp\/v2\/comments?post=13479"}],"version-history":[{"count":3,"href":"https:\/\/agora.xtec.cat\/ceip-torrojaimiret\/wp-json\/wp\/v2\/posts\/13479\/revisions"}],"predecessor-version":[{"id":13488,"href":"https:\/\/agora.xtec.cat\/ceip-torrojaimiret\/wp-json\/wp\/v2\/posts\/13479\/revisions\/13488"}],"wp:featuredmedia":[{"embeddable":true,"href":"https:\/\/agora.xtec.cat\/ceip-torrojaimiret\/wp-json\/wp\/v2\/media\/12477"}],"wp:attachment":[{"href":"https:\/\/agora.xtec.cat\/ceip-torrojaimiret\/wp-json\/wp\/v2\/media?parent=13479"}],"wp:term":[{"taxonomy":"category","embeddable":true,"href":"https:\/\/agora.xtec.cat\/ceip-torrojaimiret\/wp-json\/wp\/v2\/categories?post=13479"},{"taxonomy":"post_tag","embeddable":true,"href":"https:\/\/agora.xtec.cat\/ceip-torrojaimiret\/wp-json\/wp\/v2\/tags?post=13479"}],"curies":[{"name":"wp","href":"https:\/\/api.w.org\/{rel}","templated":true}]}}