{"id":13278,"date":"2020-05-04T02:20:43","date_gmt":"2020-05-04T00:20:43","guid":{"rendered":"http:\/\/agora.xtec.cat\/ceip-torrojaimiret\/?p=13278"},"modified":"2020-05-10T10:12:31","modified_gmt":"2020-05-10T08:12:31","slug":"tasques-de-cicle-inicial-per-al-periode-de-confinament-4-8-maig","status":"publish","type":"post","link":"https:\/\/agora.xtec.cat\/ceip-torrojaimiret\/general\/tasques-de-cicle-inicial-per-al-periode-de-confinament-4-8-maig\/","title":{"rendered":"Tasques de Cicle Inicial per al per\u00edode de confinament (4-8 maig)"},"content":{"rendered":"<p>Benvolgudes fam\u00edlies,<a href=\"https:\/\/agora.xtec.cat\/ceip-torrojaimiret\/wp-content\/uploads\/usu1688\/2020\/03\/version-3.jpg\"><img loading=\"lazy\" decoding=\"async\" class=\"wp-image-12866 alignright\" src=\"https:\/\/agora.xtec.cat\/ceip-torrojaimiret\/wp-content\/uploads\/usu1688\/2020\/03\/version-3.jpg\" sizes=\"auto, (max-width: 408px) 100vw, 408px\" srcset=\"https:\/\/agora.xtec.cat\/ceip-torrojaimiret\/wp-content\/uploads\/usu1688\/2020\/03\/version-3.jpg 1020w, https:\/\/agora.xtec.cat\/ceip-torrojaimiret\/wp-content\/uploads\/usu1688\/2020\/03\/version-3-300x161.jpg 300w, https:\/\/agora.xtec.cat\/ceip-torrojaimiret\/wp-content\/uploads\/usu1688\/2020\/03\/version-3-768x413.jpg 768w\" alt=\"\" width=\"408\" height=\"219\" \/><\/a><\/p>\n<p>Una setmana m\u00e9s us desitgem que continueu b\u00e9 de salut.<\/p>\n<p>Seguint les instruccions del Departament d\u2019Educaci\u00f3, us enviem una\u00a0nova\u00a0proposta\u00a0d\u2019activitats<\/p>\n<p><a href=\"https:\/\/agora.xtec.cat\/ceip-torrojaimiret\/wp-content\/uploads\/usu1688\/2020\/05\/Tasques-Setmanals-1r-4-8-de-maig.pdf\" target=\"_blank\" rel=\"noopener noreferrer\"><em><strong>tasques educatives per a Primer (4-8 maig)<\/strong><\/em><\/a>\u00a0i<\/p>\n<p><a href=\"https:\/\/agora.xtec.cat\/ceip-torrojaimiret\/wp-content\/uploads\/usu1688\/2020\/05\/Tasques-Setmanals-2n-4-al-8-de-maig.pdf\" target=\"_blank\" rel=\"noopener noreferrer\"><strong><em>tasques educatives per a Segon (4-8 maig)<\/em><\/strong><\/a><\/p>\n<p>per l\u2019alumnat de Cicle Inicial d\u2019<b>Educaci\u00f3 Prim\u00e0ria\u00a0<\/b>per al per\u00edode del\u00a0<b>4 al 8 de maig de 2020.<\/b><\/p>\n<p>La nostra\u00a0proposta\u00a0contempla activitats\u00a0 per mantenir la curiositat dels infants i per aprendre i treballar de forma aut\u00f2noma o en fam\u00edlia. Aquestes activitats ajudaran a consolidar les compet\u00e8ncies de cada cicle. Insistim en convidar a les fam\u00edlies a aprofitar determinats recursos educatius i culturals que hi ha a la xarxa o la televisi\u00f3, i dels que anem publicant els seus enlla\u00e7os a l\u2019espai web.<\/p>\n<p>Properament cada tutor\/a us enviar\u00e0 una carta informativa de les activitats educatives i de l\u2019avaluaci\u00f3 d\u2019aquest tercer trimestre.<\/p>\n<p>Us recordem les adreces de correu de cada cicle per contactar amb el professorat dels vostres fills i filles:\u00a0<a href=\"mailto:cinicial@torrojaimiret.com\" target=\"_blank\" rel=\"noopener noreferrer\">cinicial@<wbr \/>torrojaimiret.com<\/a>\u00a0,\u00a0<a href=\"mailto:cmitja@torrojaimiret.com\" target=\"_blank\" rel=\"noopener noreferrer\">cmitja@<wbr \/>torrojaimiret.com<\/a>\u00a0o\u00a0<a href=\"mailto:csuperior@torrojaimiret.com\" target=\"_blank\" rel=\"noopener noreferrer\">csuperior@<wbr \/>torrojaimiret.com<\/a>\u00a0 Tamb\u00e9 podeu contactar a trav\u00e9s dels correus electr\u00f2nics de cada tutor\/a. Estarem contents de contestar-vos i resoldre els dubtes o preguntes que tingueu. Podeu posar a l\u2019assumpte el nom i cognom del vostre fill\/a.<\/p>\n<p>Restem a la vostra disposici\u00f3 per qualsevol consulta general de l\u2019escola al correu\u00a0<a href=\"mailto:e3004979@xtec.cat\" target=\"_blank\" rel=\"noopener noreferrer\">e3004979@xtec.cat<\/a><\/p>\n<p>Salutacions cordials,<\/p>\n<p>Claustre del professorat de l\u2019Escola Torroja i Miret<\/p>\n","protected":false},"excerpt":{"rendered":"<p>Benvolgudes fam\u00edlies, una setmana m\u00e9s us desitgem que continueu b\u00e9 de salut. Seguint les instruccions del Departament d\u2019Educaci\u00f3, us enviem una\u00a0nova\u00a0proposta\u00a0d\u2019activitats per l\u2019alumnat de Cicle Inicial d\u2019Educaci\u00f3 Prim\u00e0ria\u00a0per al per\u00edode del\u00a04 al 8 de maig de 2020.<\/p>\n","protected":false},"author":37,"featured_media":12866,"comment_status":"closed","ping_status":"closed","sticky":false,"template":"","format":"standard","meta":{"_bbp_topic_count":0,"_bbp_reply_count":0,"_bbp_total_topic_count":0,"_bbp_total_reply_count":0,"_bbp_voice_count":0,"_bbp_anonymous_reply_count":0,"_bbp_topic_count_hidden":0,"_bbp_reply_count_hidden":0,"_bbp_forum_subforum_count":0,"site-sidebar-layout":"default","site-content-layout":"","ast-site-content-layout":"","site-content-style":"default","site-sidebar-style":"default","ast-global-header-display":"","ast-banner-title-visibility":"","ast-main-header-display":"","ast-hfb-above-header-display":"","ast-hfb-below-header-display":"","ast-hfb-mobile-header-display":"","site-post-title":"","ast-breadcrumbs-content":"","ast-featured-img":"","footer-sml-layout":"","theme-transparent-header-meta":"","adv-header-id-meta":"","stick-header-meta":"","header-above-stick-meta":"","header-main-stick-meta":"","header-below-stick-meta":"","astra-migrate-meta-layouts":"default","ast-page-background-enabled":"default","ast-page-background-meta":{"desktop":{"background-color":"var(--ast-global-color-4)","background-image":"","background-repeat":"repeat","background-position":"center center","background-size":"auto","background-attachment":"scroll","background-type":"","background-media":"","overlay-type":"","overlay-color":"","overlay-opacity":"","overlay-gradient":""},"tablet":{"background-color":"","background-image":"","background-repeat":"repeat","background-position":"center center","background-size":"auto","background-attachment":"scroll","background-type":"","background-media":"","overlay-type":"","overlay-color":"","overlay-opacity":"","overlay-gradient":""},"mobile":{"background-color":"","background-image":"","background-repeat":"repeat","background-position":"center center","background-size":"auto","background-attachment":"scroll","background-type":"","background-media":"","overlay-type":"","overlay-color":"","overlay-opacity":"","overlay-gradient":""}},"ast-content-background-meta":{"desktop":{"background-color":"var(--ast-global-color-5)","background-image":"","background-repeat":"repeat","background-position":"center center","background-size":"auto","background-attachment":"scroll","background-type":"","background-media":"","overlay-type":"","overlay-color":"","overlay-opacity":"","overlay-gradient":""},"tablet":{"background-color":"var(--ast-global-color-5)","background-image":"","background-repeat":"repeat","background-position":"center center","background-size":"auto","background-attachment":"scroll","background-type":"","background-media":"","overlay-type":"","overlay-color":"","overlay-opacity":"","overlay-gradient":""},"mobile":{"background-color":"var(--ast-global-color-5)","background-image":"","background-repeat":"repeat","background-position":"center center","background-size":"auto","background-attachment":"scroll","background-type":"","background-media":"","overlay-type":"","overlay-color":"","overlay-opacity":"","overlay-gradient":""}},"footnotes":""},"categories":[10,11,1,68,69,70,72,5,75],"tags":[114,192,159,141,142,190,189],"class_list":["post-13278","post","type-post","status-publish","format-standard","has-post-thumbnail","hentry","category-1r","category-2n","category-general","category-laula-dangles","category-laula-ded-fisica","category-laula-de-musica","category-noticies","category-primaria","category-secretaria","tag-cicle-inicial","tag-confinament","tag-coronavirus","tag-primer","tag-segon","tag-suport","tag-tasques"],"post_mailing_queue_ids":[],"_links":{"self":[{"href":"https:\/\/agora.xtec.cat\/ceip-torrojaimiret\/wp-json\/wp\/v2\/posts\/13278","targetHints":{"allow":["GET"]}}],"collection":[{"href":"https:\/\/agora.xtec.cat\/ceip-torrojaimiret\/wp-json\/wp\/v2\/posts"}],"about":[{"href":"https:\/\/agora.xtec.cat\/ceip-torrojaimiret\/wp-json\/wp\/v2\/types\/post"}],"author":[{"embeddable":true,"href":"https:\/\/agora.xtec.cat\/ceip-torrojaimiret\/wp-json\/wp\/v2\/users\/37"}],"replies":[{"embeddable":true,"href":"https:\/\/agora.xtec.cat\/ceip-torrojaimiret\/wp-json\/wp\/v2\/comments?post=13278"}],"version-history":[{"count":1,"href":"https:\/\/agora.xtec.cat\/ceip-torrojaimiret\/wp-json\/wp\/v2\/posts\/13278\/revisions"}],"predecessor-version":[{"id":13279,"href":"https:\/\/agora.xtec.cat\/ceip-torrojaimiret\/wp-json\/wp\/v2\/posts\/13278\/revisions\/13279"}],"wp:featuredmedia":[{"embeddable":true,"href":"https:\/\/agora.xtec.cat\/ceip-torrojaimiret\/wp-json\/wp\/v2\/media\/12866"}],"wp:attachment":[{"href":"https:\/\/agora.xtec.cat\/ceip-torrojaimiret\/wp-json\/wp\/v2\/media?parent=13278"}],"wp:term":[{"taxonomy":"category","embeddable":true,"href":"https:\/\/agora.xtec.cat\/ceip-torrojaimiret\/wp-json\/wp\/v2\/categories?post=13278"},{"taxonomy":"post_tag","embeddable":true,"href":"https:\/\/agora.xtec.cat\/ceip-torrojaimiret\/wp-json\/wp\/v2\/tags?post=13278"}],"curies":[{"name":"wp","href":"https:\/\/api.w.org\/{rel}","templated":true}]}}