{"id":13205,"date":"2020-04-19T02:10:19","date_gmt":"2020-04-19T00:10:19","guid":{"rendered":"http:\/\/agora.xtec.cat\/ceip-torrojaimiret\/?p=13205"},"modified":"2020-05-04T02:30:09","modified_gmt":"2020-05-04T00:30:09","slug":"tasques-de-cicle-superior-per-al-periode-de-confinament-20-24-abril-2","status":"publish","type":"post","link":"https:\/\/agora.xtec.cat\/ceip-torrojaimiret\/general\/tasques-de-cicle-superior-per-al-periode-de-confinament-20-24-abril-2\/","title":{"rendered":"Tasques de Cicle Superior per al per\u00edode de confinament (20-24 abril)"},"content":{"rendered":"<p>Benvolgudes fam\u00edlies, <a href=\"https:\/\/agora.xtec.cat\/ceip-torrojaimiret\/wp-content\/uploads\/usu1688\/2020\/03\/version-3.jpg\"><img loading=\"lazy\" decoding=\"async\" class=\"wp-image-12866 alignright\" src=\"https:\/\/agora.xtec.cat\/ceip-torrojaimiret\/wp-content\/uploads\/usu1688\/2020\/03\/version-3.jpg\" alt=\"\" width=\"408\" height=\"219\" srcset=\"https:\/\/agora.xtec.cat\/ceip-torrojaimiret\/wp-content\/uploads\/usu1688\/2020\/03\/version-3.jpg 1020w, https:\/\/agora.xtec.cat\/ceip-torrojaimiret\/wp-content\/uploads\/usu1688\/2020\/03\/version-3-300x161.jpg 300w, https:\/\/agora.xtec.cat\/ceip-torrojaimiret\/wp-content\/uploads\/usu1688\/2020\/03\/version-3-768x413.jpg 768w\" sizes=\"auto, (max-width: 408px) 100vw, 408px\" \/><\/a><\/p>\n<p>Una setmana m\u00e9s us desitgem que continueu b\u00e9 de salut.<\/p>\n<p>Seguint les instruccions del Departament d\u2019Educaci\u00f3, us enviem una\u00a0nova\u00a0proposta\u00a0d&#8217;activitats<\/p>\n<p><a href=\"https:\/\/agora.xtec.cat\/ceip-torrojaimiret\/wp-content\/uploads\/usu1688\/2020\/04\/Proposta-activitats-educatives-5\u00e8-20-24-dAbril.pdf\" target=\"_blank\" rel=\"noopener noreferrer\"><em><strong>tasques educatives per a Cinqu\u00e8 (20-24 abril)<\/strong><\/em><\/a> i<\/p>\n<p><a href=\"https:\/\/agora.xtec.cat\/ceip-torrojaimiret\/wp-content\/uploads\/usu1688\/2020\/04\/Proposta-activitats-educatives-6\u00e8-20-24-dAbril.pdf\" target=\"_blank\" rel=\"noopener noreferrer\"><em><strong>tasques educatives per a Sis\u00e8 (20-24 abril)<\/strong><\/em><\/a><\/p>\n<p>per l&#8217;alumnat de <strong>Cicle Mitj\u00e0 d&#8217;<\/strong><b>Educaci\u00f3 Prim\u00e0ria\u00a0<\/b>per al per\u00edode del\u00a0<b>20 al 24 d&#8217;abril de 2020.<\/b><\/p>\n<p>La nostra\u00a0proposta\u00a0contempla activitats\u00a0 per mantenir la curiositat dels infants i per aprendre i treballar de forma aut\u00f2noma o en fam\u00edlia. Aquestes activitats ajudaran a consolidar les compet\u00e8ncies de cada cicle. Insistim en convidar a les fam\u00edlies a aprofitar determinats recursos educatius i culturals que hi ha a la xarxa o la televisi\u00f3, i dels que anem publicant els seus enlla\u00e7os a l\u2019espai web.<\/p>\n<p>Durant aquesta setmana\u00a0 hi ha diverses propostes per participar de la Diada de Sant Jordi.<\/p>\n<p>Us recordem les adreces de correu de cada cicle per contactar amb el professorat dels vostres fills i filles:\u00a0<span style=\"font-size: large;\"><a href=\"mailto:cinicial@torrojaimiret.com\" target=\"_blank\" rel=\"noopener noreferrer\">cinicial@<wbr \/>torrojaimiret.com<\/a>,\u00a0<a href=\"mailto:cmitja@torrojaimiret.com\" target=\"_blank\" rel=\"noopener noreferrer\">cmitja@<wbr \/>torrojaimiret.com<\/a>\u00a0o\u00a0<a href=\"mailto:csuperior@torrojaimiret.com\" target=\"_blank\" rel=\"noopener noreferrer\">csuperior@<wbr \/>torrojaimiret.com<\/a><\/span>\u00a0 Tamb\u00e9 s&#8217;han creat correus electr\u00f2nics de cada tutor\/a. Estarem contents de contestar-vos i resoldre els dubtes o preguntes que tingueu. Podeu posar a l&#8217;assumpte el nom i cognom del vostre fill\/a.<\/p>\n<p>Restem a la vostra disposici\u00f3 per qualsevol consulta general de l&#8217;escola al correu\u00a0<a href=\"mailto:e3004979@xtec.cat\" target=\"_blank\" rel=\"noopener noreferrer\"><strong>e3004979@xtec.cat<\/strong><\/a><\/p>\n<p>Salutacions cordials,<\/p>\n<p>Claustre del professorat de l\u2019Escola Torroja i Miret<\/p>\n","protected":false},"excerpt":{"rendered":"<p>Benvolgudes fam\u00edlies, una setmana m\u00e9s us desitgem que continueu b\u00e9 de salut. Seguint les instruccions del Departament d\u2019Educaci\u00f3, us enviem una proposta d&#8217;activitats orientatives per l&#8217;alumnat de Cicle Superior d&#8217;Educaci\u00f3 Prim\u00e0ria per al per\u00edode del 20 al 24 d&#8217;abril.<\/p>\n","protected":false},"author":37,"featured_media":12866,"comment_status":"closed","ping_status":"closed","sticky":false,"template":"","format":"standard","meta":{"_bbp_topic_count":0,"_bbp_reply_count":0,"_bbp_total_topic_count":0,"_bbp_total_reply_count":0,"_bbp_voice_count":0,"_bbp_anonymous_reply_count":0,"_bbp_topic_count_hidden":0,"_bbp_reply_count_hidden":0,"_bbp_forum_subforum_count":0,"site-sidebar-layout":"default","site-content-layout":"","ast-site-content-layout":"","site-content-style":"default","site-sidebar-style":"default","ast-global-header-display":"","ast-banner-title-visibility":"","ast-main-header-display":"","ast-hfb-above-header-display":"","ast-hfb-below-header-display":"","ast-hfb-mobile-header-display":"","site-post-title":"","ast-breadcrumbs-content":"","ast-featured-img":"","footer-sml-layout":"","theme-transparent-header-meta":"","adv-header-id-meta":"","stick-header-meta":"","header-above-stick-meta":"","header-main-stick-meta":"","header-below-stick-meta":"","astra-migrate-meta-layouts":"default","ast-page-background-enabled":"default","ast-page-background-meta":{"desktop":{"background-color":"var(--ast-global-color-4)","background-image":"","background-repeat":"repeat","background-position":"center center","background-size":"auto","background-attachment":"scroll","background-type":"","background-media":"","overlay-type":"","overlay-color":"","overlay-opacity":"","overlay-gradient":""},"tablet":{"background-color":"","background-image":"","background-repeat":"repeat","background-position":"center center","background-size":"auto","background-attachment":"scroll","background-type":"","background-media":"","overlay-type":"","overlay-color":"","overlay-opacity":"","overlay-gradient":""},"mobile":{"background-color":"","background-image":"","background-repeat":"repeat","background-position":"center center","background-size":"auto","background-attachment":"scroll","background-type":"","background-media":"","overlay-type":"","overlay-color":"","overlay-opacity":"","overlay-gradient":""}},"ast-content-background-meta":{"desktop":{"background-color":"var(--ast-global-color-5)","background-image":"","background-repeat":"repeat","background-position":"center center","background-size":"auto","background-attachment":"scroll","background-type":"","background-media":"","overlay-type":"","overlay-color":"","overlay-opacity":"","overlay-gradient":""},"tablet":{"background-color":"var(--ast-global-color-5)","background-image":"","background-repeat":"repeat","background-position":"center center","background-size":"auto","background-attachment":"scroll","background-type":"","background-media":"","overlay-type":"","overlay-color":"","overlay-opacity":"","overlay-gradient":""},"mobile":{"background-color":"var(--ast-global-color-5)","background-image":"","background-repeat":"repeat","background-position":"center center","background-size":"auto","background-attachment":"scroll","background-type":"","background-media":"","overlay-type":"","overlay-color":"","overlay-opacity":"","overlay-gradient":""}},"footnotes":""},"categories":[14,15,1,68,69,70,72,5],"tags":[113,155,192,159,156,190,189],"class_list":["post-13205","post","type-post","status-publish","format-standard","has-post-thumbnail","hentry","category-5e","category-6e","category-general","category-laula-dangles","category-laula-ded-fisica","category-laula-de-musica","category-noticies","category-primaria","tag-cicle-superior","tag-cinque","tag-confinament","tag-coronavirus","tag-sise","tag-suport","tag-tasques"],"post_mailing_queue_ids":[],"_links":{"self":[{"href":"https:\/\/agora.xtec.cat\/ceip-torrojaimiret\/wp-json\/wp\/v2\/posts\/13205","targetHints":{"allow":["GET"]}}],"collection":[{"href":"https:\/\/agora.xtec.cat\/ceip-torrojaimiret\/wp-json\/wp\/v2\/posts"}],"about":[{"href":"https:\/\/agora.xtec.cat\/ceip-torrojaimiret\/wp-json\/wp\/v2\/types\/post"}],"author":[{"embeddable":true,"href":"https:\/\/agora.xtec.cat\/ceip-torrojaimiret\/wp-json\/wp\/v2\/users\/37"}],"replies":[{"embeddable":true,"href":"https:\/\/agora.xtec.cat\/ceip-torrojaimiret\/wp-json\/wp\/v2\/comments?post=13205"}],"version-history":[{"count":1,"href":"https:\/\/agora.xtec.cat\/ceip-torrojaimiret\/wp-json\/wp\/v2\/posts\/13205\/revisions"}],"predecessor-version":[{"id":13206,"href":"https:\/\/agora.xtec.cat\/ceip-torrojaimiret\/wp-json\/wp\/v2\/posts\/13205\/revisions\/13206"}],"wp:featuredmedia":[{"embeddable":true,"href":"https:\/\/agora.xtec.cat\/ceip-torrojaimiret\/wp-json\/wp\/v2\/media\/12866"}],"wp:attachment":[{"href":"https:\/\/agora.xtec.cat\/ceip-torrojaimiret\/wp-json\/wp\/v2\/media?parent=13205"}],"wp:term":[{"taxonomy":"category","embeddable":true,"href":"https:\/\/agora.xtec.cat\/ceip-torrojaimiret\/wp-json\/wp\/v2\/categories?post=13205"},{"taxonomy":"post_tag","embeddable":true,"href":"https:\/\/agora.xtec.cat\/ceip-torrojaimiret\/wp-json\/wp\/v2\/tags?post=13205"}],"curies":[{"name":"wp","href":"https:\/\/api.w.org\/{rel}","templated":true}]}}