{"id":13103,"date":"2020-04-07T12:08:25","date_gmt":"2020-04-07T10:08:25","guid":{"rendered":"http:\/\/agora.xtec.cat\/ceip-torrojaimiret\/?p=13103"},"modified":"2020-04-07T12:08:25","modified_gmt":"2020-04-07T10:08:25","slug":"donem-suport-a-sanitaris-malalts-i-persones-mes-vulnerables","status":"publish","type":"post","link":"https:\/\/agora.xtec.cat\/ceip-torrojaimiret\/general\/donem-suport-a-sanitaris-malalts-i-persones-mes-vulnerables\/","title":{"rendered":"Donem suport a sanitaris, malalts i persones m\u00e9s vulnerables!!!"},"content":{"rendered":"<p>Benvolgudes fam\u00edlies,<\/p>\n<p><a href=\"https:\/\/agora.xtec.cat\/ceip-torrojaimiret\/wp-content\/uploads\/usu1688\/2020\/03\/IMG_20200320_190329.jpg\"><img loading=\"lazy\" decoding=\"async\" class=\"wp-image-12895 alignright\" src=\"https:\/\/agora.xtec.cat\/ceip-torrojaimiret\/wp-content\/uploads\/usu1688\/2020\/03\/IMG_20200320_190329.jpg\" alt=\"\" width=\"277\" height=\"370\" srcset=\"https:\/\/agora.xtec.cat\/ceip-torrojaimiret\/wp-content\/uploads\/usu1688\/2020\/03\/IMG_20200320_190329.jpg 600w, https:\/\/agora.xtec.cat\/ceip-torrojaimiret\/wp-content\/uploads\/usu1688\/2020\/03\/IMG_20200320_190329-225x300.jpg 225w\" sizes=\"auto, (max-width: 277px) 100vw, 277px\" \/><\/a><\/p>\n<p>Atesa la situaci\u00f3 que estem vivim degut a la pand\u00e8mia de coronavirus creiem que \u00e9s molt important donar suport a sanitaris, malalts i persones m\u00e9s vulnerables.<\/p>\n<p>Per aquest motiu us animem que els nens i nenes de l&#8217;escola escriguin missatges d&#8217;\u00e0nim o facin dibuixos per als treballadors i malalts de la resid\u00e8ncia de gent gran de Vila-seca i dels hospitals de Tarragona. Ens podeu fer arribar aquests escrits o dibuixos al correu de l&#8217;escola o als correus de cicle. El professorat farem una recopilaci\u00f3 i la farem arribar a aquests centres.<\/p>\n<p>Els correus als que podeu enviar-los s\u00f3n:<br \/>\n&#8211; Correu escola:<br \/>\n<a href=\"mailto:e3004979@xtec.cat\" target=\"_blank\" rel=\"noopener noreferrer\">e3004979@xtec.cat<\/a><\/p>\n<p>&#8211; Correus de cicles:<br \/>\nP3, P4 i P5: <a href=\"mailto:einfantil@torrojaimiret.com\" target=\"_blank\" rel=\"noopener noreferrer\">einfantil@torrojaimiret.com<\/a><br \/>\n1r i 2n Prim\u00e0ria: <a href=\"mailto:cinicial@torrojaimiret.com\" target=\"_blank\" rel=\"noopener noreferrer\">cinicial@torrojaimiret.com<\/a><br \/>\n3r i 4t Prim\u00e0ria: <a href=\"mailto:cmitja@torrojaimiret.com\" target=\"_blank\" rel=\"noopener noreferrer\">cmitja@torrojaimiret.com<\/a><br \/>\n5\u00e8 i 6\u00e8 Prim\u00e0ria: <a href=\"mailto:csuperior@torrojaimiret.com\" target=\"_blank\" rel=\"noopener noreferrer\">csuperior@torrojaimiret.com<\/a><\/p>\n<p>&nbsp;<\/p>\n<p>Moltes gr\u00e0cies per la vostra col\u00b7laboraci\u00f3.<\/p>\n<p>Salutacions cordials,<\/p>\n<p>Equip docent de l&#8217;escola Torroja i MIret<br \/>\nVila-seca<\/p>\n","protected":false},"excerpt":{"rendered":"<p>Atesa la situaci\u00f3 que estem vivim degut a la pand\u00e8mia de coronavirus creiem que \u00e9s molt important donar suport a sanitaris, malalts i persones m\u00e9s vulnerables. Per aquest motiu us animem que els nens i nenes de l&#8217;escola escriguin missatges d&#8217;\u00e0nim o facin dibuixos per als treballadors i malalts de la resid\u00e8ncia de gent gran de Vila-seca i dels hospitals de Tarragona. <\/p>\n","protected":false},"author":37,"featured_media":12895,"comment_status":"closed","ping_status":"closed","sticky":false,"template":"","format":"standard","meta":{"_bbp_topic_count":0,"_bbp_reply_count":0,"_bbp_total_topic_count":0,"_bbp_total_reply_count":0,"_bbp_voice_count":0,"_bbp_anonymous_reply_count":0,"_bbp_topic_count_hidden":0,"_bbp_reply_count_hidden":0,"_bbp_forum_subforum_count":0,"site-sidebar-layout":"default","site-content-layout":"","ast-site-content-layout":"","site-content-style":"default","site-sidebar-style":"default","ast-global-header-display":"","ast-banner-title-visibility":"","ast-main-header-display":"","ast-hfb-above-header-display":"","ast-hfb-below-header-display":"","ast-hfb-mobile-header-display":"","site-post-title":"","ast-breadcrumbs-content":"","ast-featured-img":"","footer-sml-layout":"","theme-transparent-header-meta":"","adv-header-id-meta":"","stick-header-meta":"","header-above-stick-meta":"","header-main-stick-meta":"","header-below-stick-meta":"","astra-migrate-meta-layouts":"default","ast-page-background-enabled":"default","ast-page-background-meta":{"desktop":{"background-color":"var(--ast-global-color-4)","background-image":"","background-repeat":"repeat","background-position":"center center","background-size":"auto","background-attachment":"scroll","background-type":"","background-media":"","overlay-type":"","overlay-color":"","overlay-opacity":"","overlay-gradient":""},"tablet":{"background-color":"","background-image":"","background-repeat":"repeat","background-position":"center center","background-size":"auto","background-attachment":"scroll","background-type":"","background-media":"","overlay-type":"","overlay-color":"","overlay-opacity":"","overlay-gradient":""},"mobile":{"background-color":"","background-image":"","background-repeat":"repeat","background-position":"center center","background-size":"auto","background-attachment":"scroll","background-type":"","background-media":"","overlay-type":"","overlay-color":"","overlay-opacity":"","overlay-gradient":""}},"ast-content-background-meta":{"desktop":{"background-color":"var(--ast-global-color-5)","background-image":"","background-repeat":"repeat","background-position":"center center","background-size":"auto","background-attachment":"scroll","background-type":"","background-media":"","overlay-type":"","overlay-color":"","overlay-opacity":"","overlay-gradient":""},"tablet":{"background-color":"var(--ast-global-color-5)","background-image":"","background-repeat":"repeat","background-position":"center center","background-size":"auto","background-attachment":"scroll","background-type":"","background-media":"","overlay-type":"","overlay-color":"","overlay-opacity":"","overlay-gradient":""},"mobile":{"background-color":"var(--ast-global-color-5)","background-image":"","background-repeat":"repeat","background-position":"center center","background-size":"auto","background-attachment":"scroll","background-type":"","background-media":"","overlay-type":"","overlay-color":"","overlay-opacity":"","overlay-gradient":""}},"footnotes":""},"categories":[10,11,12,13,14,15,7,1,2,72,3,8,9,4,5,75],"tags":[192,159,178,204,203,190],"class_list":["post-13103","post","type-post","status-publish","format-standard","has-post-thumbnail","hentry","category-1r","category-2n","category-3r","category-4t","category-5e","category-6e","category-ampa","category-general","category-infantil","category-noticies","category-p3","category-p4","category-p5","category-portada","category-primaria","category-secretaria","tag-confinament","tag-coronavirus","tag-covid-19","tag-hospital","tag-sanitaris","tag-suport"],"post_mailing_queue_ids":[],"_links":{"self":[{"href":"https:\/\/agora.xtec.cat\/ceip-torrojaimiret\/wp-json\/wp\/v2\/posts\/13103","targetHints":{"allow":["GET"]}}],"collection":[{"href":"https:\/\/agora.xtec.cat\/ceip-torrojaimiret\/wp-json\/wp\/v2\/posts"}],"about":[{"href":"https:\/\/agora.xtec.cat\/ceip-torrojaimiret\/wp-json\/wp\/v2\/types\/post"}],"author":[{"embeddable":true,"href":"https:\/\/agora.xtec.cat\/ceip-torrojaimiret\/wp-json\/wp\/v2\/users\/37"}],"replies":[{"embeddable":true,"href":"https:\/\/agora.xtec.cat\/ceip-torrojaimiret\/wp-json\/wp\/v2\/comments?post=13103"}],"version-history":[{"count":2,"href":"https:\/\/agora.xtec.cat\/ceip-torrojaimiret\/wp-json\/wp\/v2\/posts\/13103\/revisions"}],"predecessor-version":[{"id":13105,"href":"https:\/\/agora.xtec.cat\/ceip-torrojaimiret\/wp-json\/wp\/v2\/posts\/13103\/revisions\/13105"}],"wp:featuredmedia":[{"embeddable":true,"href":"https:\/\/agora.xtec.cat\/ceip-torrojaimiret\/wp-json\/wp\/v2\/media\/12895"}],"wp:attachment":[{"href":"https:\/\/agora.xtec.cat\/ceip-torrojaimiret\/wp-json\/wp\/v2\/media?parent=13103"}],"wp:term":[{"taxonomy":"category","embeddable":true,"href":"https:\/\/agora.xtec.cat\/ceip-torrojaimiret\/wp-json\/wp\/v2\/categories?post=13103"},{"taxonomy":"post_tag","embeddable":true,"href":"https:\/\/agora.xtec.cat\/ceip-torrojaimiret\/wp-json\/wp\/v2\/tags?post=13103"}],"curies":[{"name":"wp","href":"https:\/\/api.w.org\/{rel}","templated":true}]}}