{"id":12856,"date":"2020-03-20T16:41:10","date_gmt":"2020-03-20T15:41:10","guid":{"rendered":"http:\/\/agora.xtec.cat\/ceip-torrojaimiret\/?p=12856"},"modified":"2020-04-19T02:17:56","modified_gmt":"2020-04-19T00:17:56","slug":"tasques-per-al-periode-de-confinament-ded-infantil","status":"publish","type":"post","link":"https:\/\/agora.xtec.cat\/ceip-torrojaimiret\/general\/tasques-per-al-periode-de-confinament-ded-infantil\/","title":{"rendered":"Tasques d&#8217;Educaci\u00f3 Infantil per al per\u00edode de confinament (20-27 mar\u00e7)"},"content":{"rendered":"<p>Benvolguts\/des fam\u00edlies,<a href=\"https:\/\/agora.xtec.cat\/ceip-torrojaimiret\/wp-content\/uploads\/usu1688\/2020\/03\/version-3.jpg\"><img loading=\"lazy\" decoding=\"async\" class=\"wp-image-12866 alignright\" src=\"https:\/\/agora.xtec.cat\/ceip-torrojaimiret\/wp-content\/uploads\/usu1688\/2020\/03\/version-3.jpg\" alt=\"\" width=\"380\" height=\"204\" srcset=\"https:\/\/agora.xtec.cat\/ceip-torrojaimiret\/wp-content\/uploads\/usu1688\/2020\/03\/version-3.jpg 1020w, https:\/\/agora.xtec.cat\/ceip-torrojaimiret\/wp-content\/uploads\/usu1688\/2020\/03\/version-3-300x161.jpg 300w, https:\/\/agora.xtec.cat\/ceip-torrojaimiret\/wp-content\/uploads\/usu1688\/2020\/03\/version-3-768x413.jpg 768w\" sizes=\"auto, (max-width: 380px) 100vw, 380px\" \/><\/a><\/p>\n<p>Esperem que estigueu b\u00e9 i que malgrat les circumst\u00e0ncies pugueu mantenir l&#8217;\u00e0nim positiu en fam\u00edlia.<\/p>\n<p>Seguint les instruccions del Departament d&#8217;Educaci\u00f3, publiquem el document<\/p>\n<p><a href=\"https:\/\/agora.xtec.cat\/ceip-torrojaimiret\/wp-content\/uploads\/usu1688\/2020\/03\/Recomanacions-Infantil-1.pdf\" target=\"_blank\" rel=\"noopener noreferrer\"><strong>tasques educatives per a Educaci\u00f3 Infantil<\/strong><\/a> (20-27 mar\u00e7),<\/p>\n<p>aix\u00ed com per a la resta de nivells d&#8217;Educaci\u00f3 Prim\u00e0ria, per al per\u00edode de confinament pel coronavirus.<\/p>\n<p>El Departament d&#8217;Educaci\u00f3 insisteix que les activitats que els centres proposem per treballar a casa aquests dies han d\u2019estar pensades per mantenir la curiositat per aprendre i treballar de forma aut\u00f2noma, i en fam\u00edlia, temes que puguin ser interessants des del punt de vista educatiu. Atenent aquestes consideracions, hem elaborat un pla de tasques per a cada nivell, que en cap cas seran activitats avaluables.<\/p>\n<p>Insistim en convidar a les fam\u00edlies a aprofitar determinats recursos educatius i culturals que hi ha a la xarxa o la televisi\u00f3, i dels que anirem publicant els seus enlla\u00e7os a l&#8217;espai web.<\/p>\n<p>Tanmateix, us animem a entrar a <strong><a href=\"http:\/\/www.edu365.cat\/\">http:\/\/www.edu365.cat\/<\/a><\/strong> i usar els recursos educatius d&#8217;aquest lloc web.<\/p>\n<p>Restem a la vostra disposici\u00f3 per qualsevol consulta al correu <span style=\"text-decoration: underline;\">e3004979@xtec.cat<\/span><\/p>\n<p>&nbsp;<\/p>\n<p>Salutacions cordials,<\/p>\n<p>Claustre del professorat de l&#8217;Escola Torroja i Miret<\/p>\n","protected":false},"excerpt":{"rendered":"<p>Benvolguts\/des fam\u00edlies. Esperem que estigueu b\u00e9 i que malgrat les circumst\u00e0ncies pugueu mantenir l&#8217;\u00e0nim positiu en fam\u00edlia. Seguint les instruccions del Departament d&#8217;Educaci\u00f3, publiquem el document tasques educatives per a Educaci\u00f3 Infantil, aix\u00ed com per a la resta de nivells d&#8217;Educaci\u00f3 Prim\u00e0ria, per al per\u00edode de confinament pel coronavirus.<\/p>\n","protected":false},"author":37,"featured_media":12866,"comment_status":"closed","ping_status":"closed","sticky":false,"template":"","format":"standard","meta":{"_bbp_topic_count":0,"_bbp_reply_count":0,"_bbp_total_topic_count":0,"_bbp_total_reply_count":0,"_bbp_voice_count":0,"_bbp_anonymous_reply_count":0,"_bbp_topic_count_hidden":0,"_bbp_reply_count_hidden":0,"_bbp_forum_subforum_count":0,"site-sidebar-layout":"default","site-content-layout":"","ast-site-content-layout":"","site-content-style":"default","site-sidebar-style":"default","ast-global-header-display":"","ast-banner-title-visibility":"","ast-main-header-display":"","ast-hfb-above-header-display":"","ast-hfb-below-header-display":"","ast-hfb-mobile-header-display":"","site-post-title":"","ast-breadcrumbs-content":"","ast-featured-img":"","footer-sml-layout":"","theme-transparent-header-meta":"","adv-header-id-meta":"","stick-header-meta":"","header-above-stick-meta":"","header-main-stick-meta":"","header-below-stick-meta":"","astra-migrate-meta-layouts":"default","ast-page-background-enabled":"default","ast-page-background-meta":{"desktop":{"background-color":"var(--ast-global-color-4)","background-image":"","background-repeat":"repeat","background-position":"center center","background-size":"auto","background-attachment":"scroll","background-type":"","background-media":"","overlay-type":"","overlay-color":"","overlay-opacity":"","overlay-gradient":""},"tablet":{"background-color":"","background-image":"","background-repeat":"repeat","background-position":"center center","background-size":"auto","background-attachment":"scroll","background-type":"","background-media":"","overlay-type":"","overlay-color":"","overlay-opacity":"","overlay-gradient":""},"mobile":{"background-color":"","background-image":"","background-repeat":"repeat","background-position":"center center","background-size":"auto","background-attachment":"scroll","background-type":"","background-media":"","overlay-type":"","overlay-color":"","overlay-opacity":"","overlay-gradient":""}},"ast-content-background-meta":{"desktop":{"background-color":"var(--ast-global-color-5)","background-image":"","background-repeat":"repeat","background-position":"center center","background-size":"auto","background-attachment":"scroll","background-type":"","background-media":"","overlay-type":"","overlay-color":"","overlay-opacity":"","overlay-gradient":""},"tablet":{"background-color":"var(--ast-global-color-5)","background-image":"","background-repeat":"repeat","background-position":"center center","background-size":"auto","background-attachment":"scroll","background-type":"","background-media":"","overlay-type":"","overlay-color":"","overlay-opacity":"","overlay-gradient":""},"mobile":{"background-color":"var(--ast-global-color-5)","background-image":"","background-repeat":"repeat","background-position":"center center","background-size":"auto","background-attachment":"scroll","background-type":"","background-media":"","overlay-type":"","overlay-color":"","overlay-opacity":"","overlay-gradient":""}},"footnotes":""},"categories":[1,2,72,3,8,9],"tags":[159,115,190,189],"class_list":["post-12856","post","type-post","status-publish","format-standard","has-post-thumbnail","hentry","category-general","category-infantil","category-noticies","category-p3","category-p4","category-p5","tag-coronavirus","tag-educacio-infantil","tag-suport","tag-tasques"],"post_mailing_queue_ids":[],"_links":{"self":[{"href":"https:\/\/agora.xtec.cat\/ceip-torrojaimiret\/wp-json\/wp\/v2\/posts\/12856","targetHints":{"allow":["GET"]}}],"collection":[{"href":"https:\/\/agora.xtec.cat\/ceip-torrojaimiret\/wp-json\/wp\/v2\/posts"}],"about":[{"href":"https:\/\/agora.xtec.cat\/ceip-torrojaimiret\/wp-json\/wp\/v2\/types\/post"}],"author":[{"embeddable":true,"href":"https:\/\/agora.xtec.cat\/ceip-torrojaimiret\/wp-json\/wp\/v2\/users\/37"}],"replies":[{"embeddable":true,"href":"https:\/\/agora.xtec.cat\/ceip-torrojaimiret\/wp-json\/wp\/v2\/comments?post=12856"}],"version-history":[{"count":4,"href":"https:\/\/agora.xtec.cat\/ceip-torrojaimiret\/wp-json\/wp\/v2\/posts\/12856\/revisions"}],"predecessor-version":[{"id":13037,"href":"https:\/\/agora.xtec.cat\/ceip-torrojaimiret\/wp-json\/wp\/v2\/posts\/12856\/revisions\/13037"}],"wp:featuredmedia":[{"embeddable":true,"href":"https:\/\/agora.xtec.cat\/ceip-torrojaimiret\/wp-json\/wp\/v2\/media\/12866"}],"wp:attachment":[{"href":"https:\/\/agora.xtec.cat\/ceip-torrojaimiret\/wp-json\/wp\/v2\/media?parent=12856"}],"wp:term":[{"taxonomy":"category","embeddable":true,"href":"https:\/\/agora.xtec.cat\/ceip-torrojaimiret\/wp-json\/wp\/v2\/categories?post=12856"},{"taxonomy":"post_tag","embeddable":true,"href":"https:\/\/agora.xtec.cat\/ceip-torrojaimiret\/wp-json\/wp\/v2\/tags?post=12856"}],"curies":[{"name":"wp","href":"https:\/\/api.w.org\/{rel}","templated":true}]}}