{"id":12256,"date":"2020-02-11T15:39:22","date_gmt":"2020-02-11T14:39:22","guid":{"rendered":"http:\/\/agora.xtec.cat\/ceip-torrojaimiret\/?p=12256"},"modified":"2020-02-13T09:23:25","modified_gmt":"2020-02-13T08:23:25","slug":"lalumnat-de-4t-duu-a-terme-un-centre-dinteres-per-vila-seca","status":"publish","type":"post","link":"https:\/\/agora.xtec.cat\/ceip-torrojaimiret\/general\/lalumnat-de-4t-duu-a-terme-un-centre-dinteres-per-vila-seca\/","title":{"rendered":"L\u2019alumnat de 4t treballa Vila-seca com a centre d&#8217;inter\u00e8s"},"content":{"rendered":"<p>Els nens i nenes de Quart de Prim\u00e0ria hem sortit pels carrers de la ciutat per aprendre, entre d&#8217;altres coses, la hist\u00f2ria de Vila-seca, fer enquestes i gr\u00e0fics, mesurar carrers amb passes i metres, construir un element del seguici i un collage, realitzar exposicions orals i cercar informaci\u00f3 per con\u00e8ixer millor els edificis, les torres m\u00e9s importants \u00a0de la muralla, la gent coneguda o l\u2019economia local.<\/p>\n<p>Hem gaudit molt fent aquesta activitat, hem apr\u00e8s de manera diferent i amb el treball fet ens ha quedat un passad\u00eds de cicle molt vist\u00f3s.<\/p>\n<p>Si vols veure m\u00e9s imatges de l&#8217;activitat, fes clic en aquest <a href=\"https:\/\/drive.google.com\/drive\/folders\/105-jncVyZNiZh-hX-MPc6CxNN9y-tYlk?usp=sharing\" target=\"_blank\" rel=\"noopener noreferrer\">enlla\u00e7<\/a><\/p>\n<p><a href=\"https:\/\/agora.xtec.cat\/ceip-torrojaimiret\/wp-content\/uploads\/usu1688\/2020\/02\/Disseny-elements-seguici-Vila-seca.jpg\"><img loading=\"lazy\" decoding=\"async\" class=\"alignnone size-large wp-image-12261\" src=\"https:\/\/agora.xtec.cat\/ceip-torrojaimiret\/wp-content\/uploads\/usu1688\/2020\/02\/Disseny-elements-seguici-Vila-seca-1024x461.jpg\" alt=\"\" width=\"1024\" height=\"461\" srcset=\"https:\/\/agora.xtec.cat\/ceip-torrojaimiret\/wp-content\/uploads\/usu1688\/2020\/02\/Disseny-elements-seguici-Vila-seca-1024x461.jpg 1024w, https:\/\/agora.xtec.cat\/ceip-torrojaimiret\/wp-content\/uploads\/usu1688\/2020\/02\/Disseny-elements-seguici-Vila-seca-300x135.jpg 300w, https:\/\/agora.xtec.cat\/ceip-torrojaimiret\/wp-content\/uploads\/usu1688\/2020\/02\/Disseny-elements-seguici-Vila-seca-768x345.jpg 768w\" sizes=\"auto, (max-width: 1024px) 100vw, 1024px\" \/><\/a><\/p>\n","protected":false},"excerpt":{"rendered":"<p>Els nens i nenes de Quart de Prim\u00e0ria hem sortit pels carrers de la ciutat per aprendre, entre d&#8217;altres coses, la hist\u00f2ria de Vila-seca, fer enquestes i gr\u00e0fics, mesurar carrers amb passes i metres, construir un element del seguici i un collage, realitzar exposicions orals i cercar informaci\u00f3 per con\u00e8ixer millor els edificis, les torres [&hellip;]<\/p>\n","protected":false},"author":37,"featured_media":12261,"comment_status":"closed","ping_status":"closed","sticky":false,"template":"","format":"standard","meta":{"_bbp_topic_count":0,"_bbp_reply_count":0,"_bbp_total_topic_count":0,"_bbp_total_reply_count":0,"_bbp_voice_count":0,"_bbp_anonymous_reply_count":0,"_bbp_topic_count_hidden":0,"_bbp_reply_count_hidden":0,"_bbp_forum_subforum_count":0,"site-sidebar-layout":"default","site-content-layout":"","ast-site-content-layout":"","site-content-style":"default","site-sidebar-style":"default","ast-global-header-display":"","ast-banner-title-visibility":"","ast-main-header-display":"","ast-hfb-above-header-display":"","ast-hfb-below-header-display":"","ast-hfb-mobile-header-display":"","site-post-title":"","ast-breadcrumbs-content":"","ast-featured-img":"","footer-sml-layout":"","theme-transparent-header-meta":"","adv-header-id-meta":"","stick-header-meta":"","header-above-stick-meta":"","header-main-stick-meta":"","header-below-stick-meta":"","astra-migrate-meta-layouts":"default","ast-page-background-enabled":"default","ast-page-background-meta":{"desktop":{"background-color":"var(--ast-global-color-4)","background-image":"","background-repeat":"repeat","background-position":"center center","background-size":"auto","background-attachment":"scroll","background-type":"","background-media":"","overlay-type":"","overlay-color":"","overlay-opacity":"","overlay-gradient":""},"tablet":{"background-color":"","background-image":"","background-repeat":"repeat","background-position":"center center","background-size":"auto","background-attachment":"scroll","background-type":"","background-media":"","overlay-type":"","overlay-color":"","overlay-opacity":"","overlay-gradient":""},"mobile":{"background-color":"","background-image":"","background-repeat":"repeat","background-position":"center center","background-size":"auto","background-attachment":"scroll","background-type":"","background-media":"","overlay-type":"","overlay-color":"","overlay-opacity":"","overlay-gradient":""}},"ast-content-background-meta":{"desktop":{"background-color":"var(--ast-global-color-5)","background-image":"","background-repeat":"repeat","background-position":"center center","background-size":"auto","background-attachment":"scroll","background-type":"","background-media":"","overlay-type":"","overlay-color":"","overlay-opacity":"","overlay-gradient":""},"tablet":{"background-color":"var(--ast-global-color-5)","background-image":"","background-repeat":"repeat","background-position":"center center","background-size":"auto","background-attachment":"scroll","background-type":"","background-media":"","overlay-type":"","overlay-color":"","overlay-opacity":"","overlay-gradient":""},"mobile":{"background-color":"var(--ast-global-color-5)","background-image":"","background-repeat":"repeat","background-position":"center center","background-size":"auto","background-attachment":"scroll","background-type":"","background-media":"","overlay-type":"","overlay-color":"","overlay-opacity":"","overlay-gradient":""}},"footnotes":""},"categories":[13,1,72,4,5],"tags":[106,76,161,107,97,133,93,162],"class_list":["post-12256","post","type-post","status-publish","format-standard","has-post-thumbnail","hentry","category-4t","category-general","category-noticies","category-portada","category-primaria","tag-3r","tag-4t","tag-centre-dinteres","tag-cicle-mitja","tag-medi","tag-quart","tag-tercer","tag-vila-seca"],"post_mailing_queue_ids":[],"_links":{"self":[{"href":"https:\/\/agora.xtec.cat\/ceip-torrojaimiret\/wp-json\/wp\/v2\/posts\/12256","targetHints":{"allow":["GET"]}}],"collection":[{"href":"https:\/\/agora.xtec.cat\/ceip-torrojaimiret\/wp-json\/wp\/v2\/posts"}],"about":[{"href":"https:\/\/agora.xtec.cat\/ceip-torrojaimiret\/wp-json\/wp\/v2\/types\/post"}],"author":[{"embeddable":true,"href":"https:\/\/agora.xtec.cat\/ceip-torrojaimiret\/wp-json\/wp\/v2\/users\/37"}],"replies":[{"embeddable":true,"href":"https:\/\/agora.xtec.cat\/ceip-torrojaimiret\/wp-json\/wp\/v2\/comments?post=12256"}],"version-history":[{"count":3,"href":"https:\/\/agora.xtec.cat\/ceip-torrojaimiret\/wp-json\/wp\/v2\/posts\/12256\/revisions"}],"predecessor-version":[{"id":12264,"href":"https:\/\/agora.xtec.cat\/ceip-torrojaimiret\/wp-json\/wp\/v2\/posts\/12256\/revisions\/12264"}],"wp:featuredmedia":[{"embeddable":true,"href":"https:\/\/agora.xtec.cat\/ceip-torrojaimiret\/wp-json\/wp\/v2\/media\/12261"}],"wp:attachment":[{"href":"https:\/\/agora.xtec.cat\/ceip-torrojaimiret\/wp-json\/wp\/v2\/media?parent=12256"}],"wp:term":[{"taxonomy":"category","embeddable":true,"href":"https:\/\/agora.xtec.cat\/ceip-torrojaimiret\/wp-json\/wp\/v2\/categories?post=12256"},{"taxonomy":"post_tag","embeddable":true,"href":"https:\/\/agora.xtec.cat\/ceip-torrojaimiret\/wp-json\/wp\/v2\/tags?post=12256"}],"curies":[{"name":"wp","href":"https:\/\/api.w.org\/{rel}","templated":true}]}}