{"id":12147,"date":"2020-01-24T17:43:30","date_gmt":"2020-01-24T16:43:30","guid":{"rendered":"http:\/\/agora.xtec.cat\/ceip-torrojaimiret\/?p=12147"},"modified":"2020-01-29T18:33:46","modified_gmt":"2020-01-29T17:33:46","slug":"rua-del-capgros-policia","status":"publish","type":"post","link":"https:\/\/agora.xtec.cat\/ceip-torrojaimiret\/infantil\/rua-del-capgros-policia\/","title":{"rendered":"R\u00faa del Capgr\u00f2s Policia!"},"content":{"rendered":"<p><a href=\"https:\/\/agora.xtec.cat\/ceip-torrojaimiret\/wp-content\/uploads\/usu1688\/2020\/01\/capgros.jpg\"><img loading=\"lazy\" decoding=\"async\" class=\"wp-image-12148 aligncenter\" src=\"https:\/\/agora.xtec.cat\/ceip-torrojaimiret\/wp-content\/uploads\/usu1688\/2020\/01\/capgros-1024x766.jpg\" alt=\"\" width=\"269\" height=\"201\" srcset=\"https:\/\/agora.xtec.cat\/ceip-torrojaimiret\/wp-content\/uploads\/usu1688\/2020\/01\/capgros-1024x766.jpg 1024w, https:\/\/agora.xtec.cat\/ceip-torrojaimiret\/wp-content\/uploads\/usu1688\/2020\/01\/capgros-300x224.jpg 300w, https:\/\/agora.xtec.cat\/ceip-torrojaimiret\/wp-content\/uploads\/usu1688\/2020\/01\/capgros-768x574.jpg 768w, https:\/\/agora.xtec.cat\/ceip-torrojaimiret\/wp-content\/uploads\/usu1688\/2020\/01\/capgros-200x150.jpg 200w\" sizes=\"auto, (max-width: 269px) 100vw, 269px\" \/><\/a><\/p>\n<p>Aquesta tarda, totes les classes d\u2019Educaci\u00f3 Infantil, hem sortit a la pista a fer la R\u00faa dels Capgrossos que hem elaborat a cada classe, amb motiu de la Festa Major de Vila-seca.<\/p>\n<p>La classe dels policies ho hem passat d\u2019all\u00f2 m\u00e9s b\u00e9, tant elaborant el capgr\u00f2s, com desfilant amb ell\/a.<\/p>\n<p>Per decisi\u00f3 dels nens i nenes de la classe, es va decidir que el nostre capgr\u00f2s fos per una banda nena i per l\u2019altra nen i vam intentar que fos semblant al de les samarretes, pensem que ens ha quedat molt b\u00e9! Mireu:<\/p>\n<p>Com el vam fer:<a href=\"https:\/\/drive.google.com\/open?id=1DXI8F_-MTGf2ElzLOgCmMyb4vRZbwCh3\">https:\/\/drive.google.com\/open?id=1DXI8F_-MTGf2ElzLOgCmMyb4vRZbwCh3<\/a><\/p>\n<p>R\u00faa:<a href=\"https:\/\/drive.google.com\/open?id=1F4NxqhANARBTbQlWtycszUmGqeMLl3M7\">https:\/\/drive.google.com\/open?id=1F4NxqhANARBTbQlWtycszUmGqeMLl3M7<\/a><\/p>\n","protected":false},"excerpt":{"rendered":"<p>Aquesta tarda, totes les classes d\u2019Educaci\u00f3 Infantil, hem sortit a la pista a fer la R\u00faa dels Capgrossos que hem elaborat a cada classe, amb motiu de la Festa Major de Vila-seca. La classe dels policies ho hem passat d\u2019all\u00f2 m\u00e9s b\u00e9, tant elaborant el capgr\u00f2s, com desfilant amb ell\/a. Per decisi\u00f3 dels nens i [&hellip;]<\/p>\n","protected":false},"author":37,"featured_media":12148,"comment_status":"closed","ping_status":"closed","sticky":false,"template":"","format":"standard","meta":{"_bbp_topic_count":0,"_bbp_reply_count":0,"_bbp_total_topic_count":0,"_bbp_total_reply_count":0,"_bbp_voice_count":0,"_bbp_anonymous_reply_count":0,"_bbp_topic_count_hidden":0,"_bbp_reply_count_hidden":0,"_bbp_forum_subforum_count":0,"site-sidebar-layout":"default","site-content-layout":"","ast-site-content-layout":"","site-content-style":"default","site-sidebar-style":"default","ast-global-header-display":"","ast-banner-title-visibility":"","ast-main-header-display":"","ast-hfb-above-header-display":"","ast-hfb-below-header-display":"","ast-hfb-mobile-header-display":"","site-post-title":"","ast-breadcrumbs-content":"","ast-featured-img":"","footer-sml-layout":"","theme-transparent-header-meta":"","adv-header-id-meta":"","stick-header-meta":"","header-above-stick-meta":"","header-main-stick-meta":"","header-below-stick-meta":"","astra-migrate-meta-layouts":"default","ast-page-background-enabled":"default","ast-page-background-meta":{"desktop":{"background-color":"var(--ast-global-color-4)","background-image":"","background-repeat":"repeat","background-position":"center center","background-size":"auto","background-attachment":"scroll","background-type":"","background-media":"","overlay-type":"","overlay-color":"","overlay-opacity":"","overlay-gradient":""},"tablet":{"background-color":"","background-image":"","background-repeat":"repeat","background-position":"center center","background-size":"auto","background-attachment":"scroll","background-type":"","background-media":"","overlay-type":"","overlay-color":"","overlay-opacity":"","overlay-gradient":""},"mobile":{"background-color":"","background-image":"","background-repeat":"repeat","background-position":"center center","background-size":"auto","background-attachment":"scroll","background-type":"","background-media":"","overlay-type":"","overlay-color":"","overlay-opacity":"","overlay-gradient":""}},"ast-content-background-meta":{"desktop":{"background-color":"var(--ast-global-color-5)","background-image":"","background-repeat":"repeat","background-position":"center center","background-size":"auto","background-attachment":"scroll","background-type":"","background-media":"","overlay-type":"","overlay-color":"","overlay-opacity":"","overlay-gradient":""},"tablet":{"background-color":"var(--ast-global-color-5)","background-image":"","background-repeat":"repeat","background-position":"center center","background-size":"auto","background-attachment":"scroll","background-type":"","background-media":"","overlay-type":"","overlay-color":"","overlay-opacity":"","overlay-gradient":""},"mobile":{"background-color":"var(--ast-global-color-5)","background-image":"","background-repeat":"repeat","background-position":"center center","background-size":"auto","background-attachment":"scroll","background-type":"","background-media":"","overlay-type":"","overlay-color":"","overlay-opacity":"","overlay-gradient":""}},"footnotes":""},"categories":[2,8,4],"tags":[],"class_list":["post-12147","post","type-post","status-publish","format-standard","has-post-thumbnail","hentry","category-infantil","category-p4","category-portada"],"post_mailing_queue_ids":[],"_links":{"self":[{"href":"https:\/\/agora.xtec.cat\/ceip-torrojaimiret\/wp-json\/wp\/v2\/posts\/12147","targetHints":{"allow":["GET"]}}],"collection":[{"href":"https:\/\/agora.xtec.cat\/ceip-torrojaimiret\/wp-json\/wp\/v2\/posts"}],"about":[{"href":"https:\/\/agora.xtec.cat\/ceip-torrojaimiret\/wp-json\/wp\/v2\/types\/post"}],"author":[{"embeddable":true,"href":"https:\/\/agora.xtec.cat\/ceip-torrojaimiret\/wp-json\/wp\/v2\/users\/37"}],"replies":[{"embeddable":true,"href":"https:\/\/agora.xtec.cat\/ceip-torrojaimiret\/wp-json\/wp\/v2\/comments?post=12147"}],"version-history":[{"count":3,"href":"https:\/\/agora.xtec.cat\/ceip-torrojaimiret\/wp-json\/wp\/v2\/posts\/12147\/revisions"}],"predecessor-version":[{"id":12179,"href":"https:\/\/agora.xtec.cat\/ceip-torrojaimiret\/wp-json\/wp\/v2\/posts\/12147\/revisions\/12179"}],"wp:featuredmedia":[{"embeddable":true,"href":"https:\/\/agora.xtec.cat\/ceip-torrojaimiret\/wp-json\/wp\/v2\/media\/12148"}],"wp:attachment":[{"href":"https:\/\/agora.xtec.cat\/ceip-torrojaimiret\/wp-json\/wp\/v2\/media?parent=12147"}],"wp:term":[{"taxonomy":"category","embeddable":true,"href":"https:\/\/agora.xtec.cat\/ceip-torrojaimiret\/wp-json\/wp\/v2\/categories?post=12147"},{"taxonomy":"post_tag","embeddable":true,"href":"https:\/\/agora.xtec.cat\/ceip-torrojaimiret\/wp-json\/wp\/v2\/tags?post=12147"}],"curies":[{"name":"wp","href":"https:\/\/api.w.org\/{rel}","templated":true}]}}