{"id":12106,"date":"2020-01-15T14:01:03","date_gmt":"2020-01-15T13:01:03","guid":{"rendered":"http:\/\/agora.xtec.cat\/ceip-torrojaimiret\/?p=12106"},"modified":"2020-01-20T13:25:59","modified_gmt":"2020-01-20T12:25:59","slug":"estrenem-els-regals-de-reis","status":"publish","type":"post","link":"https:\/\/agora.xtec.cat\/ceip-torrojaimiret\/infantil\/estrenem-els-regals-de-reis\/","title":{"rendered":"ESTRENEM ELS REGALS DE REIS"},"content":{"rendered":"<p><a href=\"https:\/\/agora.xtec.cat\/ceip-torrojaimiret\/wp-content\/uploads\/usu1688\/2020\/01\/aquarelles-1.jpg\"><img loading=\"lazy\" decoding=\"async\" class=\"wp-image-12108 alignleft\" src=\"https:\/\/agora.xtec.cat\/ceip-torrojaimiret\/wp-content\/uploads\/usu1688\/2020\/01\/aquarelles-1-1024x766.jpg\" alt=\"\" width=\"351\" height=\"263\" srcset=\"https:\/\/agora.xtec.cat\/ceip-torrojaimiret\/wp-content\/uploads\/usu1688\/2020\/01\/aquarelles-1-1024x766.jpg 1024w, https:\/\/agora.xtec.cat\/ceip-torrojaimiret\/wp-content\/uploads\/usu1688\/2020\/01\/aquarelles-1-300x224.jpg 300w, https:\/\/agora.xtec.cat\/ceip-torrojaimiret\/wp-content\/uploads\/usu1688\/2020\/01\/aquarelles-1-768x574.jpg 768w, https:\/\/agora.xtec.cat\/ceip-torrojaimiret\/wp-content\/uploads\/usu1688\/2020\/01\/aquarelles-1-200x150.jpg 200w\" sizes=\"auto, (max-width: 351px) 100vw, 351px\" \/><\/a><a href=\"https:\/\/agora.xtec.cat\/ceip-torrojaimiret\/wp-content\/uploads\/usu1688\/2020\/01\/aquarelles-2.jpg\"><img loading=\"lazy\" decoding=\"async\" class=\"wp-image-12107 alignright\" src=\"https:\/\/agora.xtec.cat\/ceip-torrojaimiret\/wp-content\/uploads\/usu1688\/2020\/01\/aquarelles-2-1024x766.jpg\" alt=\"\" width=\"352\" height=\"263\" srcset=\"https:\/\/agora.xtec.cat\/ceip-torrojaimiret\/wp-content\/uploads\/usu1688\/2020\/01\/aquarelles-2-1024x766.jpg 1024w, https:\/\/agora.xtec.cat\/ceip-torrojaimiret\/wp-content\/uploads\/usu1688\/2020\/01\/aquarelles-2-300x224.jpg 300w, https:\/\/agora.xtec.cat\/ceip-torrojaimiret\/wp-content\/uploads\/usu1688\/2020\/01\/aquarelles-2-768x574.jpg 768w, https:\/\/agora.xtec.cat\/ceip-torrojaimiret\/wp-content\/uploads\/usu1688\/2020\/01\/aquarelles-2-200x150.jpg 200w\" sizes=\"auto, (max-width: 352px) 100vw, 352px\" \/><\/a><\/p>\n<p>El divendres 10 de gener vam gaudir molt a la classe dels policies, vam estrenar els nostres regals de Reis: ja tenim el nostre primer dibuix amb aquarel\u00b7les a la nostra llibreta! Mireu que b\u00e9 que ho fem!! En l&#8217;enlla\u00e7 seg\u00fcent podreu veure les fotos i v\u00eddeos:<\/p>\n<p><a href=\"https:\/\/drive.google.com\/drive\/folders\/11En6dI7jGPRcXhxnImjV2VvZfclVSb8p?usp=sharing\">https:\/\/drive.google.com\/drive\/folders\/11En6dI7jGPRcXhxnImjV2VvZfclVSb8p?usp=sharing<\/a><\/p>\n<p>Tamb\u00e9 vam comen\u00e7ar a llimar les primeres fustes, que divertit!<\/p>\n<p><a href=\"https:\/\/agora.xtec.cat\/ceip-torrojaimiret\/wp-content\/uploads\/usu1688\/2020\/01\/llimem.jpg\"><img loading=\"lazy\" decoding=\"async\" class=\"alignnone wp-image-12116\" src=\"https:\/\/agora.xtec.cat\/ceip-torrojaimiret\/wp-content\/uploads\/usu1688\/2020\/01\/llimem-1024x766.jpg\" alt=\"\" width=\"555\" height=\"415\" srcset=\"https:\/\/agora.xtec.cat\/ceip-torrojaimiret\/wp-content\/uploads\/usu1688\/2020\/01\/llimem-1024x766.jpg 1024w, https:\/\/agora.xtec.cat\/ceip-torrojaimiret\/wp-content\/uploads\/usu1688\/2020\/01\/llimem-300x224.jpg 300w, https:\/\/agora.xtec.cat\/ceip-torrojaimiret\/wp-content\/uploads\/usu1688\/2020\/01\/llimem-768x574.jpg 768w, https:\/\/agora.xtec.cat\/ceip-torrojaimiret\/wp-content\/uploads\/usu1688\/2020\/01\/llimem-200x150.jpg 200w\" sizes=\"auto, (max-width: 555px) 100vw, 555px\" \/><\/a><\/p>\n<p>Si cliqueu a l&#8217;enlla\u00e7 ens veureu com ho fem!<\/p>\n<p><a href=\"https:\/\/drive.google.com\/open?id=15VSTvDOr7LJ4ZIOlr2gjjSGUx6MqFDAm\">https:\/\/drive.google.com\/open?id=15VSTvDOr7LJ4ZIOlr2gjjSGUx6MqFDAm<\/a><\/p>\n","protected":false},"excerpt":{"rendered":"<p>El divendres 10 de gener vam gaudir molt a la classe dels policies, vam estrenar els nostres regals de Reis: ja tenim el nostre primer dibuix amb aquarel\u00b7les a la nostra llibreta! Mireu que b\u00e9 que ho fem!! En l&#8217;enlla\u00e7 seg\u00fcent podreu veure les fotos i v\u00eddeos: https:\/\/drive.google.com\/drive\/folders\/11En6dI7jGPRcXhxnImjV2VvZfclVSb8p?usp=sharing Tamb\u00e9 vam comen\u00e7ar a llimar les primeres [&hellip;]<\/p>\n","protected":false},"author":37,"featured_media":12108,"comment_status":"closed","ping_status":"closed","sticky":false,"template":"","format":"standard","meta":{"_bbp_topic_count":0,"_bbp_reply_count":0,"_bbp_total_topic_count":0,"_bbp_total_reply_count":0,"_bbp_voice_count":0,"_bbp_anonymous_reply_count":0,"_bbp_topic_count_hidden":0,"_bbp_reply_count_hidden":0,"_bbp_forum_subforum_count":0,"site-sidebar-layout":"default","site-content-layout":"","ast-site-content-layout":"","site-content-style":"default","site-sidebar-style":"default","ast-global-header-display":"","ast-banner-title-visibility":"","ast-main-header-display":"","ast-hfb-above-header-display":"","ast-hfb-below-header-display":"","ast-hfb-mobile-header-display":"","site-post-title":"","ast-breadcrumbs-content":"","ast-featured-img":"","footer-sml-layout":"","theme-transparent-header-meta":"","adv-header-id-meta":"","stick-header-meta":"","header-above-stick-meta":"","header-main-stick-meta":"","header-below-stick-meta":"","astra-migrate-meta-layouts":"default","ast-page-background-enabled":"default","ast-page-background-meta":{"desktop":{"background-color":"var(--ast-global-color-4)","background-image":"","background-repeat":"repeat","background-position":"center center","background-size":"auto","background-attachment":"scroll","background-type":"","background-media":"","overlay-type":"","overlay-color":"","overlay-opacity":"","overlay-gradient":""},"tablet":{"background-color":"","background-image":"","background-repeat":"repeat","background-position":"center center","background-size":"auto","background-attachment":"scroll","background-type":"","background-media":"","overlay-type":"","overlay-color":"","overlay-opacity":"","overlay-gradient":""},"mobile":{"background-color":"","background-image":"","background-repeat":"repeat","background-position":"center center","background-size":"auto","background-attachment":"scroll","background-type":"","background-media":"","overlay-type":"","overlay-color":"","overlay-opacity":"","overlay-gradient":""}},"ast-content-background-meta":{"desktop":{"background-color":"var(--ast-global-color-5)","background-image":"","background-repeat":"repeat","background-position":"center center","background-size":"auto","background-attachment":"scroll","background-type":"","background-media":"","overlay-type":"","overlay-color":"","overlay-opacity":"","overlay-gradient":""},"tablet":{"background-color":"var(--ast-global-color-5)","background-image":"","background-repeat":"repeat","background-position":"center center","background-size":"auto","background-attachment":"scroll","background-type":"","background-media":"","overlay-type":"","overlay-color":"","overlay-opacity":"","overlay-gradient":""},"mobile":{"background-color":"var(--ast-global-color-5)","background-image":"","background-repeat":"repeat","background-position":"center center","background-size":"auto","background-attachment":"scroll","background-type":"","background-media":"","overlay-type":"","overlay-color":"","overlay-opacity":"","overlay-gradient":""}},"footnotes":""},"categories":[2,8],"tags":[144,147,146],"class_list":["post-12106","post","type-post","status-publish","format-standard","has-post-thumbnail","hentry","category-infantil","category-p4","tag-aquarelles","tag-p4b","tag-reis-mags"],"post_mailing_queue_ids":[],"_links":{"self":[{"href":"https:\/\/agora.xtec.cat\/ceip-torrojaimiret\/wp-json\/wp\/v2\/posts\/12106","targetHints":{"allow":["GET"]}}],"collection":[{"href":"https:\/\/agora.xtec.cat\/ceip-torrojaimiret\/wp-json\/wp\/v2\/posts"}],"about":[{"href":"https:\/\/agora.xtec.cat\/ceip-torrojaimiret\/wp-json\/wp\/v2\/types\/post"}],"author":[{"embeddable":true,"href":"https:\/\/agora.xtec.cat\/ceip-torrojaimiret\/wp-json\/wp\/v2\/users\/37"}],"replies":[{"embeddable":true,"href":"https:\/\/agora.xtec.cat\/ceip-torrojaimiret\/wp-json\/wp\/v2\/comments?post=12106"}],"version-history":[{"count":3,"href":"https:\/\/agora.xtec.cat\/ceip-torrojaimiret\/wp-json\/wp\/v2\/posts\/12106\/revisions"}],"predecessor-version":[{"id":12117,"href":"https:\/\/agora.xtec.cat\/ceip-torrojaimiret\/wp-json\/wp\/v2\/posts\/12106\/revisions\/12117"}],"wp:featuredmedia":[{"embeddable":true,"href":"https:\/\/agora.xtec.cat\/ceip-torrojaimiret\/wp-json\/wp\/v2\/media\/12108"}],"wp:attachment":[{"href":"https:\/\/agora.xtec.cat\/ceip-torrojaimiret\/wp-json\/wp\/v2\/media?parent=12106"}],"wp:term":[{"taxonomy":"category","embeddable":true,"href":"https:\/\/agora.xtec.cat\/ceip-torrojaimiret\/wp-json\/wp\/v2\/categories?post=12106"},{"taxonomy":"post_tag","embeddable":true,"href":"https:\/\/agora.xtec.cat\/ceip-torrojaimiret\/wp-json\/wp\/v2\/tags?post=12106"}],"curies":[{"name":"wp","href":"https:\/\/api.w.org\/{rel}","templated":true}]}}