{"id":11982,"date":"2019-12-19T12:25:01","date_gmt":"2019-12-19T11:25:01","guid":{"rendered":"http:\/\/agora.xtec.cat\/ceip-torrojaimiret\/?p=11982"},"modified":"2019-12-19T12:25:01","modified_gmt":"2019-12-19T11:25:01","slug":"el-cicle-superior-de-festival","status":"publish","type":"post","link":"https:\/\/agora.xtec.cat\/ceip-torrojaimiret\/general\/el-cicle-superior-de-festival\/","title":{"rendered":"El Cicle Superior, de Festival"},"content":{"rendered":"<p>El Cicle Superior ha celebrat el seu Festival de Nadal, un acte especial sobretot per als alumnes de Sis\u00e8, que aquest curs ja deixaran l\u2019escola per anar a l\u2019ESO posant punt i final a una etapa important de les seves vides. Can\u00e7ons reivindicatives, desitjos per a tothom i fins tot un rap en angl\u00e8s han omplert de m\u00fasica un menjador de l\u2019escola amb una gran aflu\u00e8ncia de \u00a0fam\u00edlies dels alumnes.<\/p>\n<p>Els primers en actuar han estats els nenes i nenes de Cinqu\u00e8, pujant a l\u2019escenari les dues classes conjuntament. Primer han interpretat \u201cSomiem tots junts\u201d fent una crida per tenir cura del medi ambient i protegir el planeta, mentre que despr\u00e9s han cantat en angl\u00e8s \u201cRound and round\u201d.<\/p>\n<p>I finalment les tres classes de Sis\u00e8 han cantat \u201cQuan somrius\u201d i fins i tot han acabat l\u2019acte amb el rap \u201cChristmas in Hollis\u201d amb gorra i ulleres incloses. Enhorabona a tots els nens i nenes per les grans actuacions ofertes, aix\u00ed com a l\u2019Aran, la Gemma i les tutores i tutors per la bona feina feta.<\/p>\n<p><a href=\"https:\/\/drive.google.com\/drive\/folders\/1fXr02nQPhEZCMvgXZd2hVddrfkVU5z0V?usp=sharing\" target=\"_blank\" rel=\"noopener noreferrer\">En aquest enlla\u00e7 podeu veure m\u00e9s fotos<\/a><\/p>\n<p><a href=\"https:\/\/agora.xtec.cat\/ceip-torrojaimiret\/wp-content\/uploads\/usu1688\/2019\/12\/IMG_4430.jpg\"><img loading=\"lazy\" decoding=\"async\" class=\"alignnone size-large wp-image-11981\" src=\"https:\/\/agora.xtec.cat\/ceip-torrojaimiret\/wp-content\/uploads\/usu1688\/2019\/12\/IMG_4430-1024x683.jpg\" alt=\"\" width=\"1024\" height=\"683\" srcset=\"https:\/\/agora.xtec.cat\/ceip-torrojaimiret\/wp-content\/uploads\/usu1688\/2019\/12\/IMG_4430-1024x683.jpg 1024w, https:\/\/agora.xtec.cat\/ceip-torrojaimiret\/wp-content\/uploads\/usu1688\/2019\/12\/IMG_4430-300x200.jpg 300w, https:\/\/agora.xtec.cat\/ceip-torrojaimiret\/wp-content\/uploads\/usu1688\/2019\/12\/IMG_4430-768x512.jpg 768w, https:\/\/agora.xtec.cat\/ceip-torrojaimiret\/wp-content\/uploads\/usu1688\/2019\/12\/IMG_4430.jpg 1992w\" sizes=\"auto, (max-width: 1024px) 100vw, 1024px\" \/><\/a><\/p>\n","protected":false},"excerpt":{"rendered":"<p>El Cicle Superior ha celebrat el seu Festival de Nadal, un acte especial sobretot per als alumnes de Sis\u00e8, que aquest curs ja deixaran l\u2019escola per anar a l\u2019ESO posant punt i final a una etapa important de les seves vides. Can\u00e7ons reivindicatives, desitjos per a tothom i fins tot un rap en angl\u00e8s han [&hellip;]<\/p>\n","protected":false},"author":37,"featured_media":11981,"comment_status":"closed","ping_status":"closed","sticky":false,"template":"","format":"standard","meta":{"_bbp_topic_count":0,"_bbp_reply_count":0,"_bbp_total_topic_count":0,"_bbp_total_reply_count":0,"_bbp_voice_count":0,"_bbp_anonymous_reply_count":0,"_bbp_topic_count_hidden":0,"_bbp_reply_count_hidden":0,"_bbp_forum_subforum_count":0,"site-sidebar-layout":"default","site-content-layout":"","ast-site-content-layout":"","site-content-style":"default","site-sidebar-style":"default","ast-global-header-display":"","ast-banner-title-visibility":"","ast-main-header-display":"","ast-hfb-above-header-display":"","ast-hfb-below-header-display":"","ast-hfb-mobile-header-display":"","site-post-title":"","ast-breadcrumbs-content":"","ast-featured-img":"","footer-sml-layout":"","theme-transparent-header-meta":"","adv-header-id-meta":"","stick-header-meta":"","header-above-stick-meta":"","header-main-stick-meta":"","header-below-stick-meta":"","astra-migrate-meta-layouts":"default","ast-page-background-enabled":"default","ast-page-background-meta":{"desktop":{"background-color":"var(--ast-global-color-4)","background-image":"","background-repeat":"repeat","background-position":"center center","background-size":"auto","background-attachment":"scroll","background-type":"","background-media":"","overlay-type":"","overlay-color":"","overlay-opacity":"","overlay-gradient":""},"tablet":{"background-color":"","background-image":"","background-repeat":"repeat","background-position":"center center","background-size":"auto","background-attachment":"scroll","background-type":"","background-media":"","overlay-type":"","overlay-color":"","overlay-opacity":"","overlay-gradient":""},"mobile":{"background-color":"","background-image":"","background-repeat":"repeat","background-position":"center center","background-size":"auto","background-attachment":"scroll","background-type":"","background-media":"","overlay-type":"","overlay-color":"","overlay-opacity":"","overlay-gradient":""}},"ast-content-background-meta":{"desktop":{"background-color":"var(--ast-global-color-5)","background-image":"","background-repeat":"repeat","background-position":"center center","background-size":"auto","background-attachment":"scroll","background-type":"","background-media":"","overlay-type":"","overlay-color":"","overlay-opacity":"","overlay-gradient":""},"tablet":{"background-color":"var(--ast-global-color-5)","background-image":"","background-repeat":"repeat","background-position":"center center","background-size":"auto","background-attachment":"scroll","background-type":"","background-media":"","overlay-type":"","overlay-color":"","overlay-opacity":"","overlay-gradient":""},"mobile":{"background-color":"var(--ast-global-color-5)","background-image":"","background-repeat":"repeat","background-position":"center center","background-size":"auto","background-attachment":"scroll","background-type":"","background-media":"","overlay-type":"","overlay-color":"","overlay-opacity":"","overlay-gradient":""}},"footnotes":""},"categories":[14,15,1,68,72,4,5],"tags":[113,132,80,102,130],"class_list":["post-11982","post","type-post","status-publish","format-standard","has-post-thumbnail","hentry","category-5e","category-6e","category-general","category-laula-dangles","category-noticies","category-portada","category-primaria","tag-cicle-superior","tag-festival","tag-laula-dangles-2","tag-musica","tag-nadal"],"post_mailing_queue_ids":[],"_links":{"self":[{"href":"https:\/\/agora.xtec.cat\/ceip-torrojaimiret\/wp-json\/wp\/v2\/posts\/11982","targetHints":{"allow":["GET"]}}],"collection":[{"href":"https:\/\/agora.xtec.cat\/ceip-torrojaimiret\/wp-json\/wp\/v2\/posts"}],"about":[{"href":"https:\/\/agora.xtec.cat\/ceip-torrojaimiret\/wp-json\/wp\/v2\/types\/post"}],"author":[{"embeddable":true,"href":"https:\/\/agora.xtec.cat\/ceip-torrojaimiret\/wp-json\/wp\/v2\/users\/37"}],"replies":[{"embeddable":true,"href":"https:\/\/agora.xtec.cat\/ceip-torrojaimiret\/wp-json\/wp\/v2\/comments?post=11982"}],"version-history":[{"count":1,"href":"https:\/\/agora.xtec.cat\/ceip-torrojaimiret\/wp-json\/wp\/v2\/posts\/11982\/revisions"}],"predecessor-version":[{"id":11983,"href":"https:\/\/agora.xtec.cat\/ceip-torrojaimiret\/wp-json\/wp\/v2\/posts\/11982\/revisions\/11983"}],"wp:featuredmedia":[{"embeddable":true,"href":"https:\/\/agora.xtec.cat\/ceip-torrojaimiret\/wp-json\/wp\/v2\/media\/11981"}],"wp:attachment":[{"href":"https:\/\/agora.xtec.cat\/ceip-torrojaimiret\/wp-json\/wp\/v2\/media?parent=11982"}],"wp:term":[{"taxonomy":"category","embeddable":true,"href":"https:\/\/agora.xtec.cat\/ceip-torrojaimiret\/wp-json\/wp\/v2\/categories?post=11982"},{"taxonomy":"post_tag","embeddable":true,"href":"https:\/\/agora.xtec.cat\/ceip-torrojaimiret\/wp-json\/wp\/v2\/tags?post=11982"}],"curies":[{"name":"wp","href":"https:\/\/api.w.org\/{rel}","templated":true}]}}