{"id":11944,"date":"2019-12-18T16:01:02","date_gmt":"2019-12-18T15:01:02","guid":{"rendered":"http:\/\/agora.xtec.cat\/ceip-torrojaimiret\/?p=11944"},"modified":"2019-12-18T16:02:14","modified_gmt":"2019-12-18T15:02:14","slug":"festival-de-nadal-de-cicle-mitja","status":"publish","type":"post","link":"https:\/\/agora.xtec.cat\/ceip-torrojaimiret\/general\/festival-de-nadal-de-cicle-mitja\/","title":{"rendered":"Festival de Nadal de Cicle Mitj\u00e0"},"content":{"rendered":"<p>Els alumnes de Tercer i Quart de l\u2019escola han participat aquest dimecres en el Festival de Nadal, cantant dues can\u00e7ons i recitant un poema davant les nombroses fam\u00edlies que s\u2019hi han aplegat en el menjador del centre. Aquest ha estat el primer dels festivals nadalencs d\u2019enguany, al qual seguiran en el que resta de setmana els dels cicles superior i inicial, aix\u00ed com el d\u2019Educaci\u00f3 Infantil.<\/p>\n<p>La classe de Tercer A ha recitat el poema \u201cBon Nadal\u201d i la de Tercer B, la \u201cCarta als Reis\u201d. Conjuntament, han interpretat \u201cCap a Betlem van dos minyons\u201d i, en angl\u00e8s, \u201cSuper celebration\u201d. I pel que respecta a Quart, el poema de l\u2019A ha estat \u201cCom si f\u00f3ssiu nens\u201d i el del B, \u201c\u00c9s un desig\u201d. Finalment, tots junts damunt l\u2019escenari han cantat \u201cSomnis d\u2019infant\u201d i \u201cSanta Claus\u201d, aquesta en angl\u00e8s.<\/p>\n<p>Enhorabona a tots els nens i nenes per les grans actuacions ofertes, aix\u00ed com a l\u2019Aran, la Carolina i les tutores per la bona feina organitzativa feta.<\/p>\n<p><a href=\"https:\/\/drive.google.com\/open?id=1ch8rSO3DPtEudvrWY2cTaIdrcps1kkdb\" target=\"_blank\" rel=\"noopener noreferrer\">En aquest enlla\u00e7 podeu veure m\u00e9s imatges del Festival de Cicle Mitj\u00e0.<\/a><\/p>\n<p><a href=\"https:\/\/agora.xtec.cat\/ceip-torrojaimiret\/wp-content\/uploads\/usu1688\/2019\/12\/IMG_43771.jpg\"><img loading=\"lazy\" decoding=\"async\" class=\"alignnone size-large wp-image-11945\" src=\"https:\/\/agora.xtec.cat\/ceip-torrojaimiret\/wp-content\/uploads\/usu1688\/2019\/12\/IMG_43771-1024x683.jpg\" alt=\"\" width=\"1024\" height=\"683\" srcset=\"https:\/\/agora.xtec.cat\/ceip-torrojaimiret\/wp-content\/uploads\/usu1688\/2019\/12\/IMG_43771-1024x683.jpg 1024w, https:\/\/agora.xtec.cat\/ceip-torrojaimiret\/wp-content\/uploads\/usu1688\/2019\/12\/IMG_43771-300x200.jpg 300w, https:\/\/agora.xtec.cat\/ceip-torrojaimiret\/wp-content\/uploads\/usu1688\/2019\/12\/IMG_43771-768x512.jpg 768w, https:\/\/agora.xtec.cat\/ceip-torrojaimiret\/wp-content\/uploads\/usu1688\/2019\/12\/IMG_43771.jpg 1992w\" sizes=\"auto, (max-width: 1024px) 100vw, 1024px\" \/><\/a><\/p>\n","protected":false},"excerpt":{"rendered":"<p>Els alumnes de Tercer i Quart de l\u2019escola han participat aquest dimecres en el Festival de Nadal, cantant dues can\u00e7ons i recitant un poema davant les nombroses fam\u00edlies que s\u2019hi han aplegat en el menjador del centre. Aquest ha estat el primer dels festivals nadalencs d\u2019enguany, al qual seguiran en el que resta de setmana [&hellip;]<\/p>\n","protected":false},"author":37,"featured_media":11945,"comment_status":"closed","ping_status":"closed","sticky":false,"template":"","format":"standard","meta":{"_bbp_topic_count":0,"_bbp_reply_count":0,"_bbp_total_topic_count":0,"_bbp_total_reply_count":0,"_bbp_voice_count":0,"_bbp_anonymous_reply_count":0,"_bbp_topic_count_hidden":0,"_bbp_reply_count_hidden":0,"_bbp_forum_subforum_count":0,"site-sidebar-layout":"default","site-content-layout":"","ast-site-content-layout":"","site-content-style":"default","site-sidebar-style":"default","ast-global-header-display":"","ast-banner-title-visibility":"","ast-main-header-display":"","ast-hfb-above-header-display":"","ast-hfb-below-header-display":"","ast-hfb-mobile-header-display":"","site-post-title":"","ast-breadcrumbs-content":"","ast-featured-img":"","footer-sml-layout":"","theme-transparent-header-meta":"","adv-header-id-meta":"","stick-header-meta":"","header-above-stick-meta":"","header-main-stick-meta":"","header-below-stick-meta":"","astra-migrate-meta-layouts":"default","ast-page-background-enabled":"default","ast-page-background-meta":{"desktop":{"background-color":"var(--ast-global-color-4)","background-image":"","background-repeat":"repeat","background-position":"center center","background-size":"auto","background-attachment":"scroll","background-type":"","background-media":"","overlay-type":"","overlay-color":"","overlay-opacity":"","overlay-gradient":""},"tablet":{"background-color":"","background-image":"","background-repeat":"repeat","background-position":"center center","background-size":"auto","background-attachment":"scroll","background-type":"","background-media":"","overlay-type":"","overlay-color":"","overlay-opacity":"","overlay-gradient":""},"mobile":{"background-color":"","background-image":"","background-repeat":"repeat","background-position":"center center","background-size":"auto","background-attachment":"scroll","background-type":"","background-media":"","overlay-type":"","overlay-color":"","overlay-opacity":"","overlay-gradient":""}},"ast-content-background-meta":{"desktop":{"background-color":"var(--ast-global-color-5)","background-image":"","background-repeat":"repeat","background-position":"center center","background-size":"auto","background-attachment":"scroll","background-type":"","background-media":"","overlay-type":"","overlay-color":"","overlay-opacity":"","overlay-gradient":""},"tablet":{"background-color":"var(--ast-global-color-5)","background-image":"","background-repeat":"repeat","background-position":"center center","background-size":"auto","background-attachment":"scroll","background-type":"","background-media":"","overlay-type":"","overlay-color":"","overlay-opacity":"","overlay-gradient":""},"mobile":{"background-color":"var(--ast-global-color-5)","background-image":"","background-repeat":"repeat","background-position":"center center","background-size":"auto","background-attachment":"scroll","background-type":"","background-media":"","overlay-type":"","overlay-color":"","overlay-opacity":"","overlay-gradient":""}},"footnotes":""},"categories":[12,13,7,1,68,70,72,4,5],"tags":[106,76,128,107,132,80,102,130,133,93],"class_list":["post-11944","post","type-post","status-publish","format-standard","has-post-thumbnail","hentry","category-3r","category-4t","category-ampa","category-general","category-laula-dangles","category-laula-de-musica","category-noticies","category-portada","category-primaria","tag-3r","tag-4t","tag-ampa","tag-cicle-mitja","tag-festival","tag-laula-dangles-2","tag-musica","tag-nadal","tag-quart","tag-tercer"],"post_mailing_queue_ids":[],"_links":{"self":[{"href":"https:\/\/agora.xtec.cat\/ceip-torrojaimiret\/wp-json\/wp\/v2\/posts\/11944","targetHints":{"allow":["GET"]}}],"collection":[{"href":"https:\/\/agora.xtec.cat\/ceip-torrojaimiret\/wp-json\/wp\/v2\/posts"}],"about":[{"href":"https:\/\/agora.xtec.cat\/ceip-torrojaimiret\/wp-json\/wp\/v2\/types\/post"}],"author":[{"embeddable":true,"href":"https:\/\/agora.xtec.cat\/ceip-torrojaimiret\/wp-json\/wp\/v2\/users\/37"}],"replies":[{"embeddable":true,"href":"https:\/\/agora.xtec.cat\/ceip-torrojaimiret\/wp-json\/wp\/v2\/comments?post=11944"}],"version-history":[{"count":1,"href":"https:\/\/agora.xtec.cat\/ceip-torrojaimiret\/wp-json\/wp\/v2\/posts\/11944\/revisions"}],"predecessor-version":[{"id":11946,"href":"https:\/\/agora.xtec.cat\/ceip-torrojaimiret\/wp-json\/wp\/v2\/posts\/11944\/revisions\/11946"}],"wp:featuredmedia":[{"embeddable":true,"href":"https:\/\/agora.xtec.cat\/ceip-torrojaimiret\/wp-json\/wp\/v2\/media\/11945"}],"wp:attachment":[{"href":"https:\/\/agora.xtec.cat\/ceip-torrojaimiret\/wp-json\/wp\/v2\/media?parent=11944"}],"wp:term":[{"taxonomy":"category","embeddable":true,"href":"https:\/\/agora.xtec.cat\/ceip-torrojaimiret\/wp-json\/wp\/v2\/categories?post=11944"},{"taxonomy":"post_tag","embeddable":true,"href":"https:\/\/agora.xtec.cat\/ceip-torrojaimiret\/wp-json\/wp\/v2\/tags?post=11944"}],"curies":[{"name":"wp","href":"https:\/\/api.w.org\/{rel}","templated":true}]}}