{"id":11896,"date":"2019-12-18T12:00:42","date_gmt":"2019-12-18T11:00:42","guid":{"rendered":"http:\/\/agora.xtec.cat\/ceip-torrojaimiret\/?p=11896"},"modified":"2019-12-18T12:00:42","modified_gmt":"2019-12-18T11:00:42","slug":"finalitza-el-pla-dentorn","status":"publish","type":"post","link":"https:\/\/agora.xtec.cat\/ceip-torrojaimiret\/general\/finalitza-el-pla-dentorn\/","title":{"rendered":"Finalitza el Pla d&#8217;Entorn"},"content":{"rendered":"<p><a href=\"https:\/\/agora.xtec.cat\/ceip-torrojaimiret\/wp-content\/uploads\/usu1688\/2019\/12\/pee.png\"><img loading=\"lazy\" decoding=\"async\" class=\"alignnone size-full wp-image-11897\" src=\"https:\/\/agora.xtec.cat\/ceip-torrojaimiret\/wp-content\/uploads\/usu1688\/2019\/12\/pee.png\" alt=\"\" width=\"752\" height=\"353\" srcset=\"https:\/\/agora.xtec.cat\/ceip-torrojaimiret\/wp-content\/uploads\/usu1688\/2019\/12\/pee.png 752w, https:\/\/agora.xtec.cat\/ceip-torrojaimiret\/wp-content\/uploads\/usu1688\/2019\/12\/pee-300x141.png 300w\" sizes=\"auto, (max-width: 752px) 100vw, 752px\" \/><\/a><\/p>\n<p>El Pla Educatiu d&#8217;Entorn de Vila-seca, una iniciativa compartida entre el Departament d\u2019Educaci\u00f3 de la Generalitat de Catalunya i l\u2019Ajuntament de Vila-seca, i en el qual participa la nostra escola, arribar\u00e0 ben aviat a la seva finalitzaci\u00f3 despr\u00e9s de deu anys de funcionament.<\/p>\n<p>Al final de la p\u00e0gina podreu veure un recull de la tasca portada a terme durant aquesta d\u00e8cada llarga, ja que cal afegir dos anys\u00a0 previs de preparaci\u00f3 per l&#8217;entrada en funcionament del PEE. Aix\u00ed, apareixen not\u00edcies publicades al web i tamb\u00e9 un v\u00eddeo ampliat amb imatges dels primers anys.<\/p>\n<p>Tamb\u00e9 podeu consultar la web del <a href=\"https:\/\/pladentorn.blogspot.com\/\" target=\"_blank\" rel=\"noopener noreferrer\">Pla Educatiu d&#8217;Entorn de Vila-seca<\/a>.<\/p>\n<p><a href=\"https:\/\/agora.xtec.cat\/ceip-torrojaimiret\/wp-content\/uploads\/usu1688\/2019\/12\/PEE-Vila-seca_10-anys-al-web.pdf\">PEE Vila-seca_10 anys al web<\/a><\/p>\n","protected":false},"excerpt":{"rendered":"<p>El Pla Educatiu d&#8217;Entorn de Vila-seca, una iniciativa compartida entre el Departament d\u2019Educaci\u00f3 de la Generalitat de Catalunya i l\u2019Ajuntament de Vila-seca, i en el qual participa la nostra escola, arribar\u00e0 ben aviat a la seva finalitzaci\u00f3 despr\u00e9s de deu anys de funcionament. Al final de la p\u00e0gina podreu veure un recull de la tasca [&hellip;]<\/p>\n","protected":false},"author":37,"featured_media":11897,"comment_status":"closed","ping_status":"closed","sticky":false,"template":"","format":"standard","meta":{"_bbp_topic_count":0,"_bbp_reply_count":0,"_bbp_total_topic_count":0,"_bbp_total_reply_count":0,"_bbp_voice_count":0,"_bbp_anonymous_reply_count":0,"_bbp_topic_count_hidden":0,"_bbp_reply_count_hidden":0,"_bbp_forum_subforum_count":0,"site-sidebar-layout":"default","site-content-layout":"","ast-site-content-layout":"","site-content-style":"default","site-sidebar-style":"default","ast-global-header-display":"","ast-banner-title-visibility":"","ast-main-header-display":"","ast-hfb-above-header-display":"","ast-hfb-below-header-display":"","ast-hfb-mobile-header-display":"","site-post-title":"","ast-breadcrumbs-content":"","ast-featured-img":"","footer-sml-layout":"","theme-transparent-header-meta":"","adv-header-id-meta":"","stick-header-meta":"","header-above-stick-meta":"","header-main-stick-meta":"","header-below-stick-meta":"","astra-migrate-meta-layouts":"default","ast-page-background-enabled":"default","ast-page-background-meta":{"desktop":{"background-color":"var(--ast-global-color-4)","background-image":"","background-repeat":"repeat","background-position":"center center","background-size":"auto","background-attachment":"scroll","background-type":"","background-media":"","overlay-type":"","overlay-color":"","overlay-opacity":"","overlay-gradient":""},"tablet":{"background-color":"","background-image":"","background-repeat":"repeat","background-position":"center center","background-size":"auto","background-attachment":"scroll","background-type":"","background-media":"","overlay-type":"","overlay-color":"","overlay-opacity":"","overlay-gradient":""},"mobile":{"background-color":"","background-image":"","background-repeat":"repeat","background-position":"center center","background-size":"auto","background-attachment":"scroll","background-type":"","background-media":"","overlay-type":"","overlay-color":"","overlay-opacity":"","overlay-gradient":""}},"ast-content-background-meta":{"desktop":{"background-color":"var(--ast-global-color-5)","background-image":"","background-repeat":"repeat","background-position":"center center","background-size":"auto","background-attachment":"scroll","background-type":"","background-media":"","overlay-type":"","overlay-color":"","overlay-opacity":"","overlay-gradient":""},"tablet":{"background-color":"var(--ast-global-color-5)","background-image":"","background-repeat":"repeat","background-position":"center center","background-size":"auto","background-attachment":"scroll","background-type":"","background-media":"","overlay-type":"","overlay-color":"","overlay-opacity":"","overlay-gradient":""},"mobile":{"background-color":"var(--ast-global-color-5)","background-image":"","background-repeat":"repeat","background-position":"center center","background-size":"auto","background-attachment":"scroll","background-type":"","background-media":"","overlay-type":"","overlay-color":"","overlay-opacity":"","overlay-gradient":""}},"footnotes":""},"categories":[1,2,72,4,5],"tags":[125,126,123,124],"class_list":["post-11896","post","type-post","status-publish","format-standard","has-post-thumbnail","hentry","category-general","category-infantil","category-noticies","category-portada","category-primaria","tag-ajuntament","tag-departament-deducacio","tag-pee","tag-pla-educatiu-entorn"],"post_mailing_queue_ids":[],"_links":{"self":[{"href":"https:\/\/agora.xtec.cat\/ceip-torrojaimiret\/wp-json\/wp\/v2\/posts\/11896","targetHints":{"allow":["GET"]}}],"collection":[{"href":"https:\/\/agora.xtec.cat\/ceip-torrojaimiret\/wp-json\/wp\/v2\/posts"}],"about":[{"href":"https:\/\/agora.xtec.cat\/ceip-torrojaimiret\/wp-json\/wp\/v2\/types\/post"}],"author":[{"embeddable":true,"href":"https:\/\/agora.xtec.cat\/ceip-torrojaimiret\/wp-json\/wp\/v2\/users\/37"}],"replies":[{"embeddable":true,"href":"https:\/\/agora.xtec.cat\/ceip-torrojaimiret\/wp-json\/wp\/v2\/comments?post=11896"}],"version-history":[{"count":3,"href":"https:\/\/agora.xtec.cat\/ceip-torrojaimiret\/wp-json\/wp\/v2\/posts\/11896\/revisions"}],"predecessor-version":[{"id":11901,"href":"https:\/\/agora.xtec.cat\/ceip-torrojaimiret\/wp-json\/wp\/v2\/posts\/11896\/revisions\/11901"}],"wp:featuredmedia":[{"embeddable":true,"href":"https:\/\/agora.xtec.cat\/ceip-torrojaimiret\/wp-json\/wp\/v2\/media\/11897"}],"wp:attachment":[{"href":"https:\/\/agora.xtec.cat\/ceip-torrojaimiret\/wp-json\/wp\/v2\/media?parent=11896"}],"wp:term":[{"taxonomy":"category","embeddable":true,"href":"https:\/\/agora.xtec.cat\/ceip-torrojaimiret\/wp-json\/wp\/v2\/categories?post=11896"},{"taxonomy":"post_tag","embeddable":true,"href":"https:\/\/agora.xtec.cat\/ceip-torrojaimiret\/wp-json\/wp\/v2\/tags?post=11896"}],"curies":[{"name":"wp","href":"https:\/\/api.w.org\/{rel}","templated":true}]}}