{"id":11887,"date":"2019-12-14T17:19:50","date_gmt":"2019-12-14T16:19:50","guid":{"rendered":"http:\/\/agora.xtec.cat\/ceip-torrojaimiret\/?p=11887"},"modified":"2019-12-16T14:14:58","modified_gmt":"2019-12-16T13:14:58","slug":"periodista-lucia","status":"publish","type":"post","link":"https:\/\/agora.xtec.cat\/ceip-torrojaimiret\/general\/periodista-lucia\/","title":{"rendered":"Periodista Luc\u00eda"},"content":{"rendered":"<p>Aquesta setmana hem tingut de periodista a la Luc\u00eda: el dimarts ens va portar una not\u00edcia de la Frozen que ens va encantar, perqu\u00e8 sortia ella disfressada d\u00b4Elsa amb totes les coses que t\u00e9 de la pel.l\u00edcula. El dimecres ens va portar una not\u00edcia de l\u00b4arribada del Ti\u00f3!, el dijous una molt especial de la Cabana del Pare Noel al &#8220;Bosque Encantado&#8221; i el divendres ens va portar una molt divertida de la neu i va venir acompanyada de la seva mare i del seu Ti\u00f3!;per acabar ens va endol\u00e7ar amb una barreta de xocolata que ens va donar per celebrar amb nosaltres que era el seu sant.<\/p>\n<p>En finalitzar vam votar la not\u00edcia que m\u00e9s ens havia agradat i la guanyadora va ser&#8230;&#8230;La Frozen!<\/p>\n<p><a href=\"https:\/\/drive.google.com\/drive\/folders\/1j9MAjxDWo7-O5gsgSz4gi2mfFPKStp6g?usp=sharing\">https:\/\/drive.google.com\/drive\/folders\/1j9MAjxDWo7-O5gsgSz4gi2mfFPKStp6g?usp=sharing<\/a><\/p>\n<p>&nbsp;<\/p>\n<p><a href=\"https:\/\/agora.xtec.cat\/ceip-torrojaimiret\/wp-content\/uploads\/usu1688\/2019\/12\/20191213_154100.jpg\"><img loading=\"lazy\" decoding=\"async\" class=\"alignnone size-large wp-image-11891\" src=\"https:\/\/agora.xtec.cat\/ceip-torrojaimiret\/wp-content\/uploads\/usu1688\/2019\/12\/20191213_154100-1024x768.jpg\" alt=\"\" width=\"1024\" height=\"768\" srcset=\"https:\/\/agora.xtec.cat\/ceip-torrojaimiret\/wp-content\/uploads\/usu1688\/2019\/12\/20191213_154100-1024x768.jpg 1024w, https:\/\/agora.xtec.cat\/ceip-torrojaimiret\/wp-content\/uploads\/usu1688\/2019\/12\/20191213_154100-300x225.jpg 300w, https:\/\/agora.xtec.cat\/ceip-torrojaimiret\/wp-content\/uploads\/usu1688\/2019\/12\/20191213_154100-768x576.jpg 768w, https:\/\/agora.xtec.cat\/ceip-torrojaimiret\/wp-content\/uploads\/usu1688\/2019\/12\/20191213_154100-200x150.jpg 200w\" sizes=\"auto, (max-width: 1024px) 100vw, 1024px\" \/><\/a><\/p>\n","protected":false},"excerpt":{"rendered":"<p>Aquesta setmana hem tingut de periodista a la Luc\u00eda: el dimarts ens va portar una not\u00edcia de la Frozen que ens va encantar, perqu\u00e8 sortia ella disfressada d\u00b4Elsa amb totes les coses que t\u00e9 de la pel.l\u00edcula. El dimecres ens va portar una not\u00edcia de l\u00b4arribada del Ti\u00f3!, el dijous una molt especial de la [&hellip;]<\/p>\n","protected":false},"author":37,"featured_media":11891,"comment_status":"closed","ping_status":"closed","sticky":false,"template":"","format":"standard","meta":{"_bbp_topic_count":0,"_bbp_reply_count":0,"_bbp_total_topic_count":0,"_bbp_total_reply_count":0,"_bbp_voice_count":0,"_bbp_anonymous_reply_count":0,"_bbp_topic_count_hidden":0,"_bbp_reply_count_hidden":0,"_bbp_forum_subforum_count":0,"site-sidebar-layout":"default","site-content-layout":"","ast-site-content-layout":"","site-content-style":"default","site-sidebar-style":"default","ast-global-header-display":"","ast-banner-title-visibility":"","ast-main-header-display":"","ast-hfb-above-header-display":"","ast-hfb-below-header-display":"","ast-hfb-mobile-header-display":"","site-post-title":"","ast-breadcrumbs-content":"","ast-featured-img":"","footer-sml-layout":"","theme-transparent-header-meta":"","adv-header-id-meta":"","stick-header-meta":"","header-above-stick-meta":"","header-main-stick-meta":"","header-below-stick-meta":"","astra-migrate-meta-layouts":"default","ast-page-background-enabled":"default","ast-page-background-meta":{"desktop":{"background-color":"var(--ast-global-color-4)","background-image":"","background-repeat":"repeat","background-position":"center center","background-size":"auto","background-attachment":"scroll","background-type":"","background-media":"","overlay-type":"","overlay-color":"","overlay-opacity":"","overlay-gradient":""},"tablet":{"background-color":"","background-image":"","background-repeat":"repeat","background-position":"center center","background-size":"auto","background-attachment":"scroll","background-type":"","background-media":"","overlay-type":"","overlay-color":"","overlay-opacity":"","overlay-gradient":""},"mobile":{"background-color":"","background-image":"","background-repeat":"repeat","background-position":"center center","background-size":"auto","background-attachment":"scroll","background-type":"","background-media":"","overlay-type":"","overlay-color":"","overlay-opacity":"","overlay-gradient":""}},"ast-content-background-meta":{"desktop":{"background-color":"var(--ast-global-color-5)","background-image":"","background-repeat":"repeat","background-position":"center center","background-size":"auto","background-attachment":"scroll","background-type":"","background-media":"","overlay-type":"","overlay-color":"","overlay-opacity":"","overlay-gradient":""},"tablet":{"background-color":"var(--ast-global-color-5)","background-image":"","background-repeat":"repeat","background-position":"center center","background-size":"auto","background-attachment":"scroll","background-type":"","background-media":"","overlay-type":"","overlay-color":"","overlay-opacity":"","overlay-gradient":""},"mobile":{"background-color":"var(--ast-global-color-5)","background-image":"","background-repeat":"repeat","background-position":"center center","background-size":"auto","background-attachment":"scroll","background-type":"","background-media":"","overlay-type":"","overlay-color":"","overlay-opacity":"","overlay-gradient":""}},"footnotes":""},"categories":[1,2,9,4],"tags":[115,122,81],"class_list":["post-11887","post","type-post","status-publish","format-standard","has-post-thumbnail","hentry","category-general","category-infantil","category-p5","category-portada","tag-educacio-infantil","tag-lucia","tag-periodista-de-la-setmana"],"post_mailing_queue_ids":[],"_links":{"self":[{"href":"https:\/\/agora.xtec.cat\/ceip-torrojaimiret\/wp-json\/wp\/v2\/posts\/11887","targetHints":{"allow":["GET"]}}],"collection":[{"href":"https:\/\/agora.xtec.cat\/ceip-torrojaimiret\/wp-json\/wp\/v2\/posts"}],"about":[{"href":"https:\/\/agora.xtec.cat\/ceip-torrojaimiret\/wp-json\/wp\/v2\/types\/post"}],"author":[{"embeddable":true,"href":"https:\/\/agora.xtec.cat\/ceip-torrojaimiret\/wp-json\/wp\/v2\/users\/37"}],"replies":[{"embeddable":true,"href":"https:\/\/agora.xtec.cat\/ceip-torrojaimiret\/wp-json\/wp\/v2\/comments?post=11887"}],"version-history":[{"count":3,"href":"https:\/\/agora.xtec.cat\/ceip-torrojaimiret\/wp-json\/wp\/v2\/posts\/11887\/revisions"}],"predecessor-version":[{"id":11892,"href":"https:\/\/agora.xtec.cat\/ceip-torrojaimiret\/wp-json\/wp\/v2\/posts\/11887\/revisions\/11892"}],"wp:featuredmedia":[{"embeddable":true,"href":"https:\/\/agora.xtec.cat\/ceip-torrojaimiret\/wp-json\/wp\/v2\/media\/11891"}],"wp:attachment":[{"href":"https:\/\/agora.xtec.cat\/ceip-torrojaimiret\/wp-json\/wp\/v2\/media?parent=11887"}],"wp:term":[{"taxonomy":"category","embeddable":true,"href":"https:\/\/agora.xtec.cat\/ceip-torrojaimiret\/wp-json\/wp\/v2\/categories?post=11887"},{"taxonomy":"post_tag","embeddable":true,"href":"https:\/\/agora.xtec.cat\/ceip-torrojaimiret\/wp-json\/wp\/v2\/tags?post=11887"}],"curies":[{"name":"wp","href":"https:\/\/api.w.org\/{rel}","templated":true}]}}