{"id":11859,"date":"2019-12-04T16:33:03","date_gmt":"2019-12-04T15:33:03","guid":{"rendered":"http:\/\/agora.xtec.cat\/ceip-torrojaimiret\/?p=11859"},"modified":"2020-01-14T09:31:51","modified_gmt":"2020-01-14T08:31:51","slug":"tallers-cientifics-a-cicle-mitja","status":"publish","type":"post","link":"https:\/\/agora.xtec.cat\/ceip-torrojaimiret\/general\/tallers-cientifics-a-cicle-mitja\/","title":{"rendered":"Tallers Interactius Internivells a Cicle Mitj\u00e0"},"content":{"rendered":"<p style=\"text-align: justify;\">Els alumnes de Cicle Mitj\u00e0 han participat aquest primer trimestre en l\u2019activitat \u201cTallers Interactius Internivells\u201d. Es tracta d\u2019una proposta encaminada a millorar el treball competencial dels nens i nenes de tercer i quart, aix\u00ed com despertar el seu inter\u00e8s cient\u00edfic en una edat clau per fomentar la inquietud i la experimentaci\u00f3.<\/p>\n<p style=\"text-align: justify;\">El centenar d\u2019alumnes que hi ha pres part s\u2019ha dividit en sis grups internivells i tots ells han pogut passar per les sis activitats proposades. La tem\u00e0tica dels tallers ha estat variada, per\u00f2 sempre ha tingut en com\u00fa que han abordat d\u2019una manera molt pr\u00e0ctica i manipulativa l\u2019\u00e0rea de Medi Natural.<\/p>\n<p style=\"text-align: justify;\">Els tallers organitzats han estat <strong>El nostre cor batega sempre igual?<\/strong>, <strong>Coneixem l\u2019anatomia dels \u00e9ssers que viuen al mar?<\/strong>, <strong>T\u00e9 m\u00e0gia la llum?<\/strong>, <strong>El misteri dels imants<\/strong>, <strong>Com podem evitar la contaminaci\u00f3 dels pl\u00e0stics?<\/strong> i <strong>Com puc tenir m\u00e9s for\u00e7a?<\/strong>, els quals han perm\u00e8s disseccionar un peix, aprendre a controlar las pulsacions del cor hum\u00e0, descobrir efectes lum\u00ednics, entendre com funcionen els camps magn\u00e8tics, saber tenir cura del medi ambient o moure objectes amb l\u2019ajuda de palanques.<\/p>\n<p style=\"text-align: justify;\">La resta de curs es tornaran a posar en marxa els \u201cTallers Cient\u00edfics\u201d tant al segon com al tercer trimestre, amb noves propostes que enriqueixin el bagatge del nostre alumnat.<\/p>\n<figure id=\"attachment_11861\" aria-describedby=\"caption-attachment-11861\" style=\"width: 1024px\" class=\"wp-caption alignnone\"><a href=\"https:\/\/agora.xtec.cat\/ceip-torrojaimiret\/wp-content\/uploads\/usu1688\/2019\/12\/IMG-20191113-WA0019-1.jpg\"><img loading=\"lazy\" decoding=\"async\" class=\"wp-image-11861 size-large\" src=\"https:\/\/agora.xtec.cat\/ceip-torrojaimiret\/wp-content\/uploads\/usu1688\/2019\/12\/IMG-20191113-WA0019-1-1024x768.jpg\" alt=\"\" width=\"1024\" height=\"768\" srcset=\"https:\/\/agora.xtec.cat\/ceip-torrojaimiret\/wp-content\/uploads\/usu1688\/2019\/12\/IMG-20191113-WA0019-1-1024x768.jpg 1024w, https:\/\/agora.xtec.cat\/ceip-torrojaimiret\/wp-content\/uploads\/usu1688\/2019\/12\/IMG-20191113-WA0019-1-300x225.jpg 300w, https:\/\/agora.xtec.cat\/ceip-torrojaimiret\/wp-content\/uploads\/usu1688\/2019\/12\/IMG-20191113-WA0019-1-768x576.jpg 768w, https:\/\/agora.xtec.cat\/ceip-torrojaimiret\/wp-content\/uploads\/usu1688\/2019\/12\/IMG-20191113-WA0019-1-200x150.jpg 200w, https:\/\/agora.xtec.cat\/ceip-torrojaimiret\/wp-content\/uploads\/usu1688\/2019\/12\/IMG-20191113-WA0019-1.jpg 2048w\" sizes=\"auto, (max-width: 1024px) 100vw, 1024px\" \/><\/a><figcaption id=\"caption-attachment-11861\" class=\"wp-caption-text\">Taller de com podem evitar la contaminaci\u00f3 amb pl\u00e0stics<\/figcaption><\/figure>\n<p>&nbsp;<\/p>\n<figure style=\"width: 1024px\" class=\"wp-caption alignnone\"><a href=\"https:\/\/agora.xtec.cat\/ceip-torrojaimiret\/wp-content\/uploads\/usu1688\/2019\/12\/IMG_6638.jpg\"><img loading=\"lazy\" decoding=\"async\" class=\"wp-image-11867 size-large\" src=\"https:\/\/agora.xtec.cat\/ceip-torrojaimiret\/wp-content\/uploads\/usu1688\/2019\/12\/IMG_6638-1024x768.jpg\" alt=\"\" width=\"1024\" height=\"768\" srcset=\"https:\/\/agora.xtec.cat\/ceip-torrojaimiret\/wp-content\/uploads\/usu1688\/2019\/12\/IMG_6638-1024x768.jpg 1024w, https:\/\/agora.xtec.cat\/ceip-torrojaimiret\/wp-content\/uploads\/usu1688\/2019\/12\/IMG_6638-300x225.jpg 300w, https:\/\/agora.xtec.cat\/ceip-torrojaimiret\/wp-content\/uploads\/usu1688\/2019\/12\/IMG_6638-768x576.jpg 768w, https:\/\/agora.xtec.cat\/ceip-torrojaimiret\/wp-content\/uploads\/usu1688\/2019\/12\/IMG_6638-200x150.jpg 200w\" sizes=\"auto, (max-width: 1024px) 100vw, 1024px\" \/><\/a><figcaption class=\"wp-caption-text\">Taller del misteri dels imants<\/figcaption><\/figure>\n<p>&nbsp;<\/p>\n<figure id=\"attachment_11868\" aria-describedby=\"caption-attachment-11868\" style=\"width: 1024px\" class=\"wp-caption alignnone\"><a href=\"https:\/\/agora.xtec.cat\/ceip-torrojaimiret\/wp-content\/uploads\/usu1688\/2019\/12\/Foto-2-taller-llum.jpg\"><img loading=\"lazy\" decoding=\"async\" class=\"size-large wp-image-11868\" src=\"https:\/\/agora.xtec.cat\/ceip-torrojaimiret\/wp-content\/uploads\/usu1688\/2019\/12\/Foto-2-taller-llum-1024x768.jpg\" alt=\"\" width=\"1024\" height=\"768\" srcset=\"https:\/\/agora.xtec.cat\/ceip-torrojaimiret\/wp-content\/uploads\/usu1688\/2019\/12\/Foto-2-taller-llum.jpg 1024w, https:\/\/agora.xtec.cat\/ceip-torrojaimiret\/wp-content\/uploads\/usu1688\/2019\/12\/Foto-2-taller-llum-300x225.jpg 300w, https:\/\/agora.xtec.cat\/ceip-torrojaimiret\/wp-content\/uploads\/usu1688\/2019\/12\/Foto-2-taller-llum-768x576.jpg 768w, https:\/\/agora.xtec.cat\/ceip-torrojaimiret\/wp-content\/uploads\/usu1688\/2019\/12\/Foto-2-taller-llum-200x150.jpg 200w\" sizes=\"auto, (max-width: 1024px) 100vw, 1024px\" \/><\/a><figcaption id=\"caption-attachment-11868\" class=\"wp-caption-text\">Taller dels efectes de la llum<\/figcaption><\/figure>\n<p>&nbsp;<\/p>\n<figure id=\"attachment_11870\" aria-describedby=\"caption-attachment-11870\" style=\"width: 1024px\" class=\"wp-caption alignnone\"><a href=\"https:\/\/agora.xtec.cat\/ceip-torrojaimiret\/wp-content\/uploads\/usu1688\/2019\/12\/IMG_20191023_154732.jpg\"><img loading=\"lazy\" decoding=\"async\" class=\"wp-image-11870 size-large\" src=\"https:\/\/agora.xtec.cat\/ceip-torrojaimiret\/wp-content\/uploads\/usu1688\/2019\/12\/IMG_20191023_154732-1024x768.jpg\" alt=\"\" width=\"1024\" height=\"768\" srcset=\"https:\/\/agora.xtec.cat\/ceip-torrojaimiret\/wp-content\/uploads\/usu1688\/2019\/12\/IMG_20191023_154732-1024x768.jpg 1024w, https:\/\/agora.xtec.cat\/ceip-torrojaimiret\/wp-content\/uploads\/usu1688\/2019\/12\/IMG_20191023_154732-300x225.jpg 300w, https:\/\/agora.xtec.cat\/ceip-torrojaimiret\/wp-content\/uploads\/usu1688\/2019\/12\/IMG_20191023_154732-768x576.jpg 768w, https:\/\/agora.xtec.cat\/ceip-torrojaimiret\/wp-content\/uploads\/usu1688\/2019\/12\/IMG_20191023_154732-200x150.jpg 200w\" sizes=\"auto, (max-width: 1024px) 100vw, 1024px\" \/><\/a><figcaption id=\"caption-attachment-11870\" class=\"wp-caption-text\">Taller de con\u00e8ixer l\u2019anatomia dels \u00e9ssers que viuen al mar<\/figcaption><\/figure>\n<p>&nbsp;<\/p>\n<figure id=\"attachment_11869\" aria-describedby=\"caption-attachment-11869\" style=\"width: 768px\" class=\"wp-caption alignnone\"><a href=\"https:\/\/agora.xtec.cat\/ceip-torrojaimiret\/wp-content\/uploads\/usu1688\/2019\/12\/IMG-20191106-WA0006.jpg\"><img loading=\"lazy\" decoding=\"async\" class=\"size-large wp-image-11869\" src=\"https:\/\/agora.xtec.cat\/ceip-torrojaimiret\/wp-content\/uploads\/usu1688\/2019\/12\/IMG-20191106-WA0006-768x1024.jpg\" alt=\"\" width=\"768\" height=\"1024\" srcset=\"https:\/\/agora.xtec.cat\/ceip-torrojaimiret\/wp-content\/uploads\/usu1688\/2019\/12\/IMG-20191106-WA0006-768x1024.jpg 768w, https:\/\/agora.xtec.cat\/ceip-torrojaimiret\/wp-content\/uploads\/usu1688\/2019\/12\/IMG-20191106-WA0006-225x300.jpg 225w, https:\/\/agora.xtec.cat\/ceip-torrojaimiret\/wp-content\/uploads\/usu1688\/2019\/12\/IMG-20191106-WA0006.jpg 1512w\" sizes=\"auto, (max-width: 768px) 100vw, 768px\" \/><\/a><figcaption id=\"caption-attachment-11869\" class=\"wp-caption-text\">Fitxa de treball de la dissecci\u00f3 d&#8217;un peix<\/figcaption><\/figure>\n<p>&nbsp;<\/p>\n<figure id=\"attachment_11873\" aria-describedby=\"caption-attachment-11873\" style=\"width: 996px\" class=\"wp-caption alignnone\"><a href=\"https:\/\/agora.xtec.cat\/ceip-torrojaimiret\/wp-content\/uploads\/usu1688\/2019\/12\/IMG_4318.jpg\"><img loading=\"lazy\" decoding=\"async\" class=\"size-full wp-image-11873\" src=\"https:\/\/agora.xtec.cat\/ceip-torrojaimiret\/wp-content\/uploads\/usu1688\/2019\/12\/IMG_4318.jpg\" alt=\"\" width=\"996\" height=\"664\" srcset=\"https:\/\/agora.xtec.cat\/ceip-torrojaimiret\/wp-content\/uploads\/usu1688\/2019\/12\/IMG_4318.jpg 996w, https:\/\/agora.xtec.cat\/ceip-torrojaimiret\/wp-content\/uploads\/usu1688\/2019\/12\/IMG_4318-300x200.jpg 300w, https:\/\/agora.xtec.cat\/ceip-torrojaimiret\/wp-content\/uploads\/usu1688\/2019\/12\/IMG_4318-768x512.jpg 768w\" sizes=\"auto, (max-width: 996px) 100vw, 996px\" \/><\/a><figcaption id=\"caption-attachment-11873\" class=\"wp-caption-text\">Taller d&#8217;aprenentatge i descoberta de la palanca<\/figcaption><\/figure>\n","protected":false},"excerpt":{"rendered":"<p>Els alumnes de Cicle Mitj\u00e0 han participat aquest primer trimestre en l\u2019activitat \u201cTallers Interactius Internivells\u201d. Es tracta d\u2019una proposta encaminada a millorar el treball competencial dels nens i nenes de tercer i quart, aix\u00ed com despertar el seu inter\u00e8s cient\u00edfic en una edat clau per fomentar la inquietud i la experimentaci\u00f3. El centenar d\u2019alumnes que [&hellip;]<\/p>\n","protected":false},"author":37,"featured_media":11861,"comment_status":"open","ping_status":"closed","sticky":false,"template":"","format":"standard","meta":{"_bbp_topic_count":0,"_bbp_reply_count":0,"_bbp_total_topic_count":0,"_bbp_total_reply_count":0,"_bbp_voice_count":0,"_bbp_anonymous_reply_count":0,"_bbp_topic_count_hidden":0,"_bbp_reply_count_hidden":0,"_bbp_forum_subforum_count":0,"site-sidebar-layout":"default","site-content-layout":"","ast-site-content-layout":"","site-content-style":"default","site-sidebar-style":"default","ast-global-header-display":"","ast-banner-title-visibility":"","ast-main-header-display":"","ast-hfb-above-header-display":"","ast-hfb-below-header-display":"","ast-hfb-mobile-header-display":"","site-post-title":"","ast-breadcrumbs-content":"","ast-featured-img":"","footer-sml-layout":"","theme-transparent-header-meta":"","adv-header-id-meta":"","stick-header-meta":"","header-above-stick-meta":"","header-main-stick-meta":"","header-below-stick-meta":"","astra-migrate-meta-layouts":"default","ast-page-background-enabled":"default","ast-page-background-meta":{"desktop":{"background-color":"var(--ast-global-color-4)","background-image":"","background-repeat":"repeat","background-position":"center center","background-size":"auto","background-attachment":"scroll","background-type":"","background-media":"","overlay-type":"","overlay-color":"","overlay-opacity":"","overlay-gradient":""},"tablet":{"background-color":"","background-image":"","background-repeat":"repeat","background-position":"center center","background-size":"auto","background-attachment":"scroll","background-type":"","background-media":"","overlay-type":"","overlay-color":"","overlay-opacity":"","overlay-gradient":""},"mobile":{"background-color":"","background-image":"","background-repeat":"repeat","background-position":"center center","background-size":"auto","background-attachment":"scroll","background-type":"","background-media":"","overlay-type":"","overlay-color":"","overlay-opacity":"","overlay-gradient":""}},"ast-content-background-meta":{"desktop":{"background-color":"var(--ast-global-color-5)","background-image":"","background-repeat":"repeat","background-position":"center center","background-size":"auto","background-attachment":"scroll","background-type":"","background-media":"","overlay-type":"","overlay-color":"","overlay-opacity":"","overlay-gradient":""},"tablet":{"background-color":"var(--ast-global-color-5)","background-image":"","background-repeat":"repeat","background-position":"center center","background-size":"auto","background-attachment":"scroll","background-type":"","background-media":"","overlay-type":"","overlay-color":"","overlay-opacity":"","overlay-gradient":""},"mobile":{"background-color":"var(--ast-global-color-5)","background-image":"","background-repeat":"repeat","background-position":"center center","background-size":"auto","background-attachment":"scroll","background-type":"","background-media":"","overlay-type":"","overlay-color":"","overlay-opacity":"","overlay-gradient":""}},"footnotes":""},"categories":[12,13,1,71,72,4,5],"tags":[106,76,107,120,96,97,119],"class_list":["post-11859","post","type-post","status-publish","format-standard","has-post-thumbnail","hentry","category-3r","category-4t","category-general","category-lescola-verda","category-noticies","category-portada","category-primaria","tag-3r","tag-4t","tag-cicle-mitja","tag-ciencia","tag-experimentacio","tag-medi","tag-tallers-cientifics"],"post_mailing_queue_ids":[],"_links":{"self":[{"href":"https:\/\/agora.xtec.cat\/ceip-torrojaimiret\/wp-json\/wp\/v2\/posts\/11859","targetHints":{"allow":["GET"]}}],"collection":[{"href":"https:\/\/agora.xtec.cat\/ceip-torrojaimiret\/wp-json\/wp\/v2\/posts"}],"about":[{"href":"https:\/\/agora.xtec.cat\/ceip-torrojaimiret\/wp-json\/wp\/v2\/types\/post"}],"author":[{"embeddable":true,"href":"https:\/\/agora.xtec.cat\/ceip-torrojaimiret\/wp-json\/wp\/v2\/users\/37"}],"replies":[{"embeddable":true,"href":"https:\/\/agora.xtec.cat\/ceip-torrojaimiret\/wp-json\/wp\/v2\/comments?post=11859"}],"version-history":[{"count":3,"href":"https:\/\/agora.xtec.cat\/ceip-torrojaimiret\/wp-json\/wp\/v2\/posts\/11859\/revisions"}],"predecessor-version":[{"id":12008,"href":"https:\/\/agora.xtec.cat\/ceip-torrojaimiret\/wp-json\/wp\/v2\/posts\/11859\/revisions\/12008"}],"wp:featuredmedia":[{"embeddable":true,"href":"https:\/\/agora.xtec.cat\/ceip-torrojaimiret\/wp-json\/wp\/v2\/media\/11861"}],"wp:attachment":[{"href":"https:\/\/agora.xtec.cat\/ceip-torrojaimiret\/wp-json\/wp\/v2\/media?parent=11859"}],"wp:term":[{"taxonomy":"category","embeddable":true,"href":"https:\/\/agora.xtec.cat\/ceip-torrojaimiret\/wp-json\/wp\/v2\/categories?post=11859"},{"taxonomy":"post_tag","embeddable":true,"href":"https:\/\/agora.xtec.cat\/ceip-torrojaimiret\/wp-json\/wp\/v2\/tags?post=11859"}],"curies":[{"name":"wp","href":"https:\/\/api.w.org\/{rel}","templated":true}]}}