{"id":11654,"date":"2019-06-19T13:10:29","date_gmt":"2019-06-19T11:10:29","guid":{"rendered":"http:\/\/agora.xtec.cat\/ceip-torrojaimiret\/?p=11654"},"modified":"2019-06-19T13:10:29","modified_gmt":"2019-06-19T11:10:29","slug":"els-alumnes-de-cinque-van-de-concert","status":"publish","type":"post","link":"https:\/\/agora.xtec.cat\/ceip-torrojaimiret\/general\/els-alumnes-de-cinque-van-de-concert\/","title":{"rendered":"ELS ALUMNES DE CINQU\u00c8 VAN DE CONCERT"},"content":{"rendered":"<p>El dimarts 18 de juny els alumnes de cinqu\u00e8 van poder gaudir d\u2019un concert molt especial. Aquest es va dur a terme per nens i nenes del mateix curs. Cadasc\u00fa va tocar una can\u00e7\u00f3 amb el seu instrument i despr\u00e9s van interpretar dues can\u00e7ons tots junts.<\/p>\n<p>Els m\u00fasics van ser:<\/p>\n<ul>\n<li>Nayeli: Teclat<\/li>\n<li>Julieta: Clarinet<img loading=\"lazy\" decoding=\"async\" class=\"alignright\" src=\"https:\/\/i0.wp.com\/huete.org\/wp\/wp-content\/uploads\/2018\/06\/musica.png\" alt=\"Resultat d'imatges de musica\" width=\"223\" height=\"91\" \/><\/li>\n<li>Pol: Guitarral<\/li>\n<li>Daniel: Teclat<\/li>\n<\/ul>\n<p>Podeu veure les fotos del concert:\u00a0<a href=\"https:\/\/drive.google.com\/drive\/folders\/11rppxphYnYrG4SSf55QG4rIoJWlcLSA_?usp=sharing\" target=\"_blank\" rel=\"noopener noreferrer\">AQU\u00cd\u00a0<img loading=\"lazy\" decoding=\"async\" class=\"\" src=\"https:\/\/www.sketchappsources.com\/resources\/source-image\/instagram-logo-sketch.png\" alt=\"Imagen relacionada\" width=\"27\" height=\"20\" \/><\/a><\/p>\n<p><img loading=\"lazy\" decoding=\"async\" class=\"aligncenter\" src=\"http:\/\/blog.ticketbell.com\/wp-content\/uploads\/2014\/06\/musica.jpg\" alt=\"Resultat d'imatges de musica\" width=\"166\" height=\"74\" \/><\/p>\n","protected":false},"excerpt":{"rendered":"<p>El dimarts 18 de juny els alumnes de cinqu\u00e8 van poder gaudir d\u2019un concert molt especial. Aquest es va dur a terme per nens i nenes del mateix curs. Cadasc\u00fa va tocar una can\u00e7\u00f3 amb el seu instrument i despr\u00e9s van interpretar dues can\u00e7ons tots junts. Els m\u00fasics van ser: Nayeli: Teclat Julieta: Clarinet Pol: [&hellip;]<\/p>\n","protected":false},"author":37,"featured_media":11656,"comment_status":"closed","ping_status":"closed","sticky":false,"template":"","format":"standard","meta":{"_bbp_topic_count":0,"_bbp_reply_count":0,"_bbp_total_topic_count":0,"_bbp_total_reply_count":0,"_bbp_voice_count":0,"_bbp_anonymous_reply_count":0,"_bbp_topic_count_hidden":0,"_bbp_reply_count_hidden":0,"_bbp_forum_subforum_count":0,"site-sidebar-layout":"default","site-content-layout":"","ast-site-content-layout":"","site-content-style":"default","site-sidebar-style":"default","ast-global-header-display":"","ast-banner-title-visibility":"","ast-main-header-display":"","ast-hfb-above-header-display":"","ast-hfb-below-header-display":"","ast-hfb-mobile-header-display":"","site-post-title":"","ast-breadcrumbs-content":"","ast-featured-img":"","footer-sml-layout":"","theme-transparent-header-meta":"","adv-header-id-meta":"","stick-header-meta":"","header-above-stick-meta":"","header-main-stick-meta":"","header-below-stick-meta":"","astra-migrate-meta-layouts":"default","ast-page-background-enabled":"default","ast-page-background-meta":{"desktop":{"background-color":"var(--ast-global-color-4)","background-image":"","background-repeat":"repeat","background-position":"center center","background-size":"auto","background-attachment":"scroll","background-type":"","background-media":"","overlay-type":"","overlay-color":"","overlay-opacity":"","overlay-gradient":""},"tablet":{"background-color":"","background-image":"","background-repeat":"repeat","background-position":"center center","background-size":"auto","background-attachment":"scroll","background-type":"","background-media":"","overlay-type":"","overlay-color":"","overlay-opacity":"","overlay-gradient":""},"mobile":{"background-color":"","background-image":"","background-repeat":"repeat","background-position":"center center","background-size":"auto","background-attachment":"scroll","background-type":"","background-media":"","overlay-type":"","overlay-color":"","overlay-opacity":"","overlay-gradient":""}},"ast-content-background-meta":{"desktop":{"background-color":"var(--ast-global-color-5)","background-image":"","background-repeat":"repeat","background-position":"center center","background-size":"auto","background-attachment":"scroll","background-type":"","background-media":"","overlay-type":"","overlay-color":"","overlay-opacity":"","overlay-gradient":""},"tablet":{"background-color":"var(--ast-global-color-5)","background-image":"","background-repeat":"repeat","background-position":"center center","background-size":"auto","background-attachment":"scroll","background-type":"","background-media":"","overlay-type":"","overlay-color":"","overlay-opacity":"","overlay-gradient":""},"mobile":{"background-color":"var(--ast-global-color-5)","background-image":"","background-repeat":"repeat","background-position":"center center","background-size":"auto","background-attachment":"scroll","background-type":"","background-media":"","overlay-type":"","overlay-color":"","overlay-opacity":"","overlay-gradient":""}},"footnotes":""},"categories":[14,1,70,72,4,5],"tags":[],"class_list":["post-11654","post","type-post","status-publish","format-standard","has-post-thumbnail","hentry","category-5e","category-general","category-laula-de-musica","category-noticies","category-portada","category-primaria"],"post_mailing_queue_ids":[],"_links":{"self":[{"href":"https:\/\/agora.xtec.cat\/ceip-torrojaimiret\/wp-json\/wp\/v2\/posts\/11654","targetHints":{"allow":["GET"]}}],"collection":[{"href":"https:\/\/agora.xtec.cat\/ceip-torrojaimiret\/wp-json\/wp\/v2\/posts"}],"about":[{"href":"https:\/\/agora.xtec.cat\/ceip-torrojaimiret\/wp-json\/wp\/v2\/types\/post"}],"author":[{"embeddable":true,"href":"https:\/\/agora.xtec.cat\/ceip-torrojaimiret\/wp-json\/wp\/v2\/users\/37"}],"replies":[{"embeddable":true,"href":"https:\/\/agora.xtec.cat\/ceip-torrojaimiret\/wp-json\/wp\/v2\/comments?post=11654"}],"version-history":[{"count":2,"href":"https:\/\/agora.xtec.cat\/ceip-torrojaimiret\/wp-json\/wp\/v2\/posts\/11654\/revisions"}],"predecessor-version":[{"id":11657,"href":"https:\/\/agora.xtec.cat\/ceip-torrojaimiret\/wp-json\/wp\/v2\/posts\/11654\/revisions\/11657"}],"wp:featuredmedia":[{"embeddable":true,"href":"https:\/\/agora.xtec.cat\/ceip-torrojaimiret\/wp-json\/wp\/v2\/media\/11656"}],"wp:attachment":[{"href":"https:\/\/agora.xtec.cat\/ceip-torrojaimiret\/wp-json\/wp\/v2\/media?parent=11654"}],"wp:term":[{"taxonomy":"category","embeddable":true,"href":"https:\/\/agora.xtec.cat\/ceip-torrojaimiret\/wp-json\/wp\/v2\/categories?post=11654"},{"taxonomy":"post_tag","embeddable":true,"href":"https:\/\/agora.xtec.cat\/ceip-torrojaimiret\/wp-json\/wp\/v2\/tags?post=11654"}],"curies":[{"name":"wp","href":"https:\/\/api.w.org\/{rel}","templated":true}]}}