{"id":11644,"date":"2019-06-14T13:03:33","date_gmt":"2019-06-14T11:03:33","guid":{"rendered":"http:\/\/agora.xtec.cat\/ceip-torrojaimiret\/?p=11644"},"modified":"2019-06-14T14:01:56","modified_gmt":"2019-06-14T12:01:56","slug":"els-alumnes-de-cicle-mitja-van-de-concert","status":"publish","type":"post","link":"https:\/\/agora.xtec.cat\/ceip-torrojaimiret\/general\/els-alumnes-de-cicle-mitja-van-de-concert\/","title":{"rendered":"ELS ALUMNES DE CICLE MITJ\u00c0 VAN DE CONCERT"},"content":{"rendered":"<p>El dimecres 12 de juny els alumnes de cicle mitj\u00e0 van poder gaudir d&#8217;un concert molt especial. Aquest es va dur a terme per nens i nenes del mateix cicle.<\/p>\n<p><img loading=\"lazy\" decoding=\"async\" class=\"aligncenter\" src=\"https:\/\/promocionmusical.es\/wp-content\/uploads\/2018\/07\/la-musica-mejora-la-vida-810x513.jpg\" alt=\"Resultado de imagen para musica\" width=\"142\" height=\"90\" \/>Els m\u00fasics van ser:<\/p>\n<ul>\n<li>Aina: Flauta travessera<\/li>\n<li>Lara i Paula: Veu<img loading=\"lazy\" decoding=\"async\" class=\"alignright\" src=\"https:\/\/i0.wp.com\/huete.org\/wp\/wp-content\/uploads\/2018\/06\/musica.png\" alt=\"Resultat d'imatges de musica\" width=\"223\" height=\"91\" \/><\/li>\n<li>Oriol: Timbal<\/li>\n<li>D\u00eddac: Bateria<\/li>\n<li>Laura: Teclat<\/li>\n<li>Tabita: Flauta travessera<\/li>\n<li>Fran: Guitarra<\/li>\n<\/ul>\n<p>Podeu veure les fotos del concert: <a href=\"https:\/\/drive.google.com\/drive\/folders\/1cmwjAl8bbXL6jT2YkHNPlwM1ZZKinl1N?usp=sharing\" target=\"_blank\" rel=\"noopener noreferrer\">AQU\u00cd <img loading=\"lazy\" decoding=\"async\" class=\"\" src=\"https:\/\/www.sketchappsources.com\/resources\/source-image\/instagram-logo-sketch.png\" alt=\"Imagen relacionada\" width=\"27\" height=\"20\" \/><\/a><\/p>\n<p><img loading=\"lazy\" decoding=\"async\" class=\"aligncenter\" src=\"http:\/\/blog.ticketbell.com\/wp-content\/uploads\/2014\/06\/musica.jpg\" alt=\"Resultat d'imatges de musica\" width=\"166\" height=\"74\" \/><\/p>\n","protected":false},"excerpt":{"rendered":"<p>El dimecres 12 de juny els alumnes de cicle mitj\u00e0 van poder gaudir d&#8217;un concert molt especial. Aquest es va dur a terme per nens i nenes del mateix cicle. Els m\u00fasics van ser: Aina: Flauta travessera Lara i Paula: Veu Oriol: Timbal D\u00eddac: Bateria Laura: Teclat Tabita: Flauta travessera Fran: Guitarra Podeu veure les [&hellip;]<\/p>\n","protected":false},"author":37,"featured_media":11646,"comment_status":"closed","ping_status":"closed","sticky":false,"template":"","format":"standard","meta":{"_bbp_topic_count":0,"_bbp_reply_count":0,"_bbp_total_topic_count":0,"_bbp_total_reply_count":0,"_bbp_voice_count":0,"_bbp_anonymous_reply_count":0,"_bbp_topic_count_hidden":0,"_bbp_reply_count_hidden":0,"_bbp_forum_subforum_count":0,"site-sidebar-layout":"default","site-content-layout":"","ast-site-content-layout":"","site-content-style":"default","site-sidebar-style":"default","ast-global-header-display":"","ast-banner-title-visibility":"","ast-main-header-display":"","ast-hfb-above-header-display":"","ast-hfb-below-header-display":"","ast-hfb-mobile-header-display":"","site-post-title":"","ast-breadcrumbs-content":"","ast-featured-img":"","footer-sml-layout":"","theme-transparent-header-meta":"","adv-header-id-meta":"","stick-header-meta":"","header-above-stick-meta":"","header-main-stick-meta":"","header-below-stick-meta":"","astra-migrate-meta-layouts":"default","ast-page-background-enabled":"default","ast-page-background-meta":{"desktop":{"background-color":"var(--ast-global-color-4)","background-image":"","background-repeat":"repeat","background-position":"center center","background-size":"auto","background-attachment":"scroll","background-type":"","background-media":"","overlay-type":"","overlay-color":"","overlay-opacity":"","overlay-gradient":""},"tablet":{"background-color":"","background-image":"","background-repeat":"repeat","background-position":"center center","background-size":"auto","background-attachment":"scroll","background-type":"","background-media":"","overlay-type":"","overlay-color":"","overlay-opacity":"","overlay-gradient":""},"mobile":{"background-color":"","background-image":"","background-repeat":"repeat","background-position":"center center","background-size":"auto","background-attachment":"scroll","background-type":"","background-media":"","overlay-type":"","overlay-color":"","overlay-opacity":"","overlay-gradient":""}},"ast-content-background-meta":{"desktop":{"background-color":"var(--ast-global-color-5)","background-image":"","background-repeat":"repeat","background-position":"center center","background-size":"auto","background-attachment":"scroll","background-type":"","background-media":"","overlay-type":"","overlay-color":"","overlay-opacity":"","overlay-gradient":""},"tablet":{"background-color":"var(--ast-global-color-5)","background-image":"","background-repeat":"repeat","background-position":"center center","background-size":"auto","background-attachment":"scroll","background-type":"","background-media":"","overlay-type":"","overlay-color":"","overlay-opacity":"","overlay-gradient":""},"mobile":{"background-color":"var(--ast-global-color-5)","background-image":"","background-repeat":"repeat","background-position":"center center","background-size":"auto","background-attachment":"scroll","background-type":"","background-media":"","overlay-type":"","overlay-color":"","overlay-opacity":"","overlay-gradient":""}},"footnotes":""},"categories":[12,13,1,70,72,4,5],"tags":[],"class_list":["post-11644","post","type-post","status-publish","format-standard","has-post-thumbnail","hentry","category-3r","category-4t","category-general","category-laula-de-musica","category-noticies","category-portada","category-primaria"],"post_mailing_queue_ids":[],"_links":{"self":[{"href":"https:\/\/agora.xtec.cat\/ceip-torrojaimiret\/wp-json\/wp\/v2\/posts\/11644","targetHints":{"allow":["GET"]}}],"collection":[{"href":"https:\/\/agora.xtec.cat\/ceip-torrojaimiret\/wp-json\/wp\/v2\/posts"}],"about":[{"href":"https:\/\/agora.xtec.cat\/ceip-torrojaimiret\/wp-json\/wp\/v2\/types\/post"}],"author":[{"embeddable":true,"href":"https:\/\/agora.xtec.cat\/ceip-torrojaimiret\/wp-json\/wp\/v2\/users\/37"}],"replies":[{"embeddable":true,"href":"https:\/\/agora.xtec.cat\/ceip-torrojaimiret\/wp-json\/wp\/v2\/comments?post=11644"}],"version-history":[{"count":3,"href":"https:\/\/agora.xtec.cat\/ceip-torrojaimiret\/wp-json\/wp\/v2\/posts\/11644\/revisions"}],"predecessor-version":[{"id":11648,"href":"https:\/\/agora.xtec.cat\/ceip-torrojaimiret\/wp-json\/wp\/v2\/posts\/11644\/revisions\/11648"}],"wp:featuredmedia":[{"embeddable":true,"href":"https:\/\/agora.xtec.cat\/ceip-torrojaimiret\/wp-json\/wp\/v2\/media\/11646"}],"wp:attachment":[{"href":"https:\/\/agora.xtec.cat\/ceip-torrojaimiret\/wp-json\/wp\/v2\/media?parent=11644"}],"wp:term":[{"taxonomy":"category","embeddable":true,"href":"https:\/\/agora.xtec.cat\/ceip-torrojaimiret\/wp-json\/wp\/v2\/categories?post=11644"},{"taxonomy":"post_tag","embeddable":true,"href":"https:\/\/agora.xtec.cat\/ceip-torrojaimiret\/wp-json\/wp\/v2\/tags?post=11644"}],"curies":[{"name":"wp","href":"https:\/\/api.w.org\/{rel}","templated":true}]}}