{"id":11509,"date":"2019-04-29T12:46:16","date_gmt":"2019-04-29T10:46:16","guid":{"rendered":"http:\/\/agora.xtec.cat\/ceip-torrojaimiret\/?p=11509"},"modified":"2019-04-30T16:11:56","modified_gmt":"2019-04-30T14:11:56","slug":"projecte-dels-volcans-a-tercer","status":"publish","type":"post","link":"https:\/\/agora.xtec.cat\/ceip-torrojaimiret\/general\/projecte-dels-volcans-a-tercer\/","title":{"rendered":"Projecte dels volcans a tercer"},"content":{"rendered":"<p>L&#8217;alumnat de tercer durant el segon trimestre ha realitzat el projecte dels volcans.<br \/>\nLa primera setmana va ser molt interessant tot el proc\u00e9s de les votacions. Primer vam fer les primeres votacions a classe i despr\u00e9s ens vam ajuntar 3rA i B per tornar a votar entre els temes m\u00e9s votats de cada classe. Posteriorment vam fer la  defensa en petits grups del tema que m\u00e9s els agradava per fer finalment la \u00faltima votaci\u00f3. Durant les votacions vam aprendre a argumentar, compartir idees i acceptar el resultat final. Tamb\u00e9 vam aprofitar les votacions per treballar  els diferents tipus de gr\u00e0fiques (de barres, lineals i amb pictogrames) de manera manipulativa i propera, aix\u00ed com extreure informaci\u00f3 d&#8217;elles.<br \/>\nEl projecte ha estat basat en treball cooperatiu, investigaci\u00f3 a partir del qu\u00e8 volem saber, elaboraci\u00f3 de murals, construcci\u00f3 d&#8217;un volc\u00e0 amb fang i posterior experiment de l&#8217;erupci\u00f3, exposicions, treball interdisciplinari en totes les \u00e0rees aix\u00ed com en l&#8217;\u00e0mbit emocional amb la t\u00e8cnica del volc\u00e0 i l&#8217;autoavaluaci\u00f3.<br \/>\nHem aconseguit la finalitat del projecte: &#8220;Aprendre a aprendre&#8221;.<\/p>\n<p><a href=\"https:\/\/photos.google.com\/share\/AF1QipM2YSyep9zJh6g1FiMCJ3Yl2oLn4KCindRSp06BivQuG7fItll1AbiTsJAOBsoE1g?key=RllaSWU2bldCYUNYX1dMWks2WTl5RVViblFRLUJn\">Fotos del projecte<\/a><\/p>\n","protected":false},"excerpt":{"rendered":"<p>L&#8217;alumnat de tercer durant el segon trimestre ha realitzat el projecte dels volcans. La primera setmana va ser molt interessant tot el proc\u00e9s de les votacions. Primer vam fer les primeres votacions a classe i despr\u00e9s ens vam ajuntar 3rA i B per tornar a votar entre els temes m\u00e9s votats de cada classe. Posteriorment [&hellip;]<\/p>\n","protected":false},"author":37,"featured_media":11514,"comment_status":"closed","ping_status":"closed","sticky":false,"template":"","format":"standard","meta":{"_bbp_topic_count":0,"_bbp_reply_count":0,"_bbp_total_topic_count":0,"_bbp_total_reply_count":0,"_bbp_voice_count":0,"_bbp_anonymous_reply_count":0,"_bbp_topic_count_hidden":0,"_bbp_reply_count_hidden":0,"_bbp_forum_subforum_count":0,"site-sidebar-layout":"default","site-content-layout":"","ast-site-content-layout":"","site-content-style":"default","site-sidebar-style":"default","ast-global-header-display":"","ast-banner-title-visibility":"","ast-main-header-display":"","ast-hfb-above-header-display":"","ast-hfb-below-header-display":"","ast-hfb-mobile-header-display":"","site-post-title":"","ast-breadcrumbs-content":"","ast-featured-img":"","footer-sml-layout":"","theme-transparent-header-meta":"","adv-header-id-meta":"","stick-header-meta":"","header-above-stick-meta":"","header-main-stick-meta":"","header-below-stick-meta":"","astra-migrate-meta-layouts":"default","ast-page-background-enabled":"default","ast-page-background-meta":{"desktop":{"background-color":"var(--ast-global-color-4)","background-image":"","background-repeat":"repeat","background-position":"center center","background-size":"auto","background-attachment":"scroll","background-type":"","background-media":"","overlay-type":"","overlay-color":"","overlay-opacity":"","overlay-gradient":""},"tablet":{"background-color":"","background-image":"","background-repeat":"repeat","background-position":"center center","background-size":"auto","background-attachment":"scroll","background-type":"","background-media":"","overlay-type":"","overlay-color":"","overlay-opacity":"","overlay-gradient":""},"mobile":{"background-color":"","background-image":"","background-repeat":"repeat","background-position":"center center","background-size":"auto","background-attachment":"scroll","background-type":"","background-media":"","overlay-type":"","overlay-color":"","overlay-opacity":"","overlay-gradient":""}},"ast-content-background-meta":{"desktop":{"background-color":"var(--ast-global-color-5)","background-image":"","background-repeat":"repeat","background-position":"center center","background-size":"auto","background-attachment":"scroll","background-type":"","background-media":"","overlay-type":"","overlay-color":"","overlay-opacity":"","overlay-gradient":""},"tablet":{"background-color":"var(--ast-global-color-5)","background-image":"","background-repeat":"repeat","background-position":"center center","background-size":"auto","background-attachment":"scroll","background-type":"","background-media":"","overlay-type":"","overlay-color":"","overlay-opacity":"","overlay-gradient":""},"mobile":{"background-color":"var(--ast-global-color-5)","background-image":"","background-repeat":"repeat","background-position":"center center","background-size":"auto","background-attachment":"scroll","background-type":"","background-media":"","overlay-type":"","overlay-color":"","overlay-opacity":"","overlay-gradient":""}},"footnotes":""},"categories":[12,1],"tags":[],"class_list":["post-11509","post","type-post","status-publish","format-standard","has-post-thumbnail","hentry","category-3r","category-general"],"post_mailing_queue_ids":[],"_links":{"self":[{"href":"https:\/\/agora.xtec.cat\/ceip-torrojaimiret\/wp-json\/wp\/v2\/posts\/11509","targetHints":{"allow":["GET"]}}],"collection":[{"href":"https:\/\/agora.xtec.cat\/ceip-torrojaimiret\/wp-json\/wp\/v2\/posts"}],"about":[{"href":"https:\/\/agora.xtec.cat\/ceip-torrojaimiret\/wp-json\/wp\/v2\/types\/post"}],"author":[{"embeddable":true,"href":"https:\/\/agora.xtec.cat\/ceip-torrojaimiret\/wp-json\/wp\/v2\/users\/37"}],"replies":[{"embeddable":true,"href":"https:\/\/agora.xtec.cat\/ceip-torrojaimiret\/wp-json\/wp\/v2\/comments?post=11509"}],"version-history":[{"count":3,"href":"https:\/\/agora.xtec.cat\/ceip-torrojaimiret\/wp-json\/wp\/v2\/posts\/11509\/revisions"}],"predecessor-version":[{"id":11528,"href":"https:\/\/agora.xtec.cat\/ceip-torrojaimiret\/wp-json\/wp\/v2\/posts\/11509\/revisions\/11528"}],"wp:featuredmedia":[{"embeddable":true,"href":"https:\/\/agora.xtec.cat\/ceip-torrojaimiret\/wp-json\/wp\/v2\/media\/11514"}],"wp:attachment":[{"href":"https:\/\/agora.xtec.cat\/ceip-torrojaimiret\/wp-json\/wp\/v2\/media?parent=11509"}],"wp:term":[{"taxonomy":"category","embeddable":true,"href":"https:\/\/agora.xtec.cat\/ceip-torrojaimiret\/wp-json\/wp\/v2\/categories?post=11509"},{"taxonomy":"post_tag","embeddable":true,"href":"https:\/\/agora.xtec.cat\/ceip-torrojaimiret\/wp-json\/wp\/v2\/tags?post=11509"}],"curies":[{"name":"wp","href":"https:\/\/api.w.org\/{rel}","templated":true}]}}