{"id":11444,"date":"2019-04-02T13:54:55","date_gmt":"2019-04-02T11:54:55","guid":{"rendered":"http:\/\/agora.xtec.cat\/ceip-torrojaimiret\/?p=11444"},"modified":"2019-04-26T10:03:36","modified_gmt":"2019-04-26T08:03:36","slug":"forum-descoles-verdes-2","status":"publish","type":"post","link":"https:\/\/agora.xtec.cat\/ceip-torrojaimiret\/general\/forum-descoles-verdes-2\/","title":{"rendered":"F\u00d2RUM D&#8217;ESCOLES VERDES"},"content":{"rendered":"<p>El F\u00f2rum d\u2019Escoles Verdes s\u2019ha celebrat al Centre Cultural de Cambrils, al Parc del Pescador i a la platja el dimecres 20 de mar\u00e7. La trobada s\u2019ha organitzat a Cambrils perqu\u00e8 \u00e9s un dels municipis del Camp de Tarragona amb m\u00e9s escoles verdes.<\/p>\n<p>De la nostra escola hi han participat 4 alumnes de 2n de prim\u00e0ria, acompanyats de les mestres Rosa i Gemma. Els alumnes que hi han anat s\u00f3n: Soraya, Adri\u00e0, Isaac i Naiara.<\/p>\n<p>Han presentat l&#8217;activitat del mercat d&#8217;intercanvi que van realitzar a l&#8217;escola.<\/p>\n<p>I han pogut observar altres activitats que es fan a les altres escoles participants.<\/p>\n<p>Tots els F\u00f2rums d\u2019Escoles Verdes conclouen amb la realitzaci\u00f3 d\u2019una acci\u00f3, per part de les persones participants, que posi en relleu algun valor natural del lloc que es visita, i en la qual, a m\u00e9s de con\u00e8ixer-lo, puguin realitzar alguna acci\u00f3 de millora. En aquest cas,\u00a0els participants han visitat la platja per realitzar una din\u00e0mica de detecci\u00f3 de micropl\u00e0stics a la sorra.<\/p>\n<p>S&#8217;han detectat masopl\u00e0stics (grans) que s&#8217;han dipositat als contenidors i microspl\u00e0stics (petits). Aquests \u00faltims es colaven amb un colador i s&#8217;ha elaborat un mural conjunt.<\/p>\n<p>L&#8217;experi\u00e8ncia dels participants de la nostra escola ha estat molt positiva. S&#8217;ho han passat genial!<\/p>\n<p><a href=\"https:\/\/photos.app.goo.gl\/4EKG2xa6LMHwTJm57\">FOTOS<\/a><\/p>\n","protected":false},"excerpt":{"rendered":"<p>El F\u00f2rum d\u2019Escoles Verdes s\u2019ha celebrat al Centre Cultural de Cambrils, al Parc del Pescador i a la platja el dimecres 20 de mar\u00e7. La trobada s\u2019ha organitzat a Cambrils perqu\u00e8 \u00e9s un dels municipis del Camp de Tarragona amb m\u00e9s escoles verdes. De la nostra escola hi han participat 4 alumnes de 2n de [&hellip;]<\/p>\n","protected":false},"author":24,"featured_media":11446,"comment_status":"closed","ping_status":"closed","sticky":false,"template":"","format":"standard","meta":{"_bbp_topic_count":0,"_bbp_reply_count":0,"_bbp_total_topic_count":0,"_bbp_total_reply_count":0,"_bbp_voice_count":0,"_bbp_anonymous_reply_count":0,"_bbp_topic_count_hidden":0,"_bbp_reply_count_hidden":0,"_bbp_forum_subforum_count":0,"site-sidebar-layout":"default","site-content-layout":"","ast-site-content-layout":"","site-content-style":"default","site-sidebar-style":"default","ast-global-header-display":"","ast-banner-title-visibility":"","ast-main-header-display":"","ast-hfb-above-header-display":"","ast-hfb-below-header-display":"","ast-hfb-mobile-header-display":"","site-post-title":"","ast-breadcrumbs-content":"","ast-featured-img":"","footer-sml-layout":"","theme-transparent-header-meta":"","adv-header-id-meta":"","stick-header-meta":"","header-above-stick-meta":"","header-main-stick-meta":"","header-below-stick-meta":"","astra-migrate-meta-layouts":"default","ast-page-background-enabled":"default","ast-page-background-meta":{"desktop":{"background-color":"var(--ast-global-color-4)","background-image":"","background-repeat":"repeat","background-position":"center center","background-size":"auto","background-attachment":"scroll","background-type":"","background-media":"","overlay-type":"","overlay-color":"","overlay-opacity":"","overlay-gradient":""},"tablet":{"background-color":"","background-image":"","background-repeat":"repeat","background-position":"center center","background-size":"auto","background-attachment":"scroll","background-type":"","background-media":"","overlay-type":"","overlay-color":"","overlay-opacity":"","overlay-gradient":""},"mobile":{"background-color":"","background-image":"","background-repeat":"repeat","background-position":"center center","background-size":"auto","background-attachment":"scroll","background-type":"","background-media":"","overlay-type":"","overlay-color":"","overlay-opacity":"","overlay-gradient":""}},"ast-content-background-meta":{"desktop":{"background-color":"var(--ast-global-color-5)","background-image":"","background-repeat":"repeat","background-position":"center center","background-size":"auto","background-attachment":"scroll","background-type":"","background-media":"","overlay-type":"","overlay-color":"","overlay-opacity":"","overlay-gradient":""},"tablet":{"background-color":"var(--ast-global-color-5)","background-image":"","background-repeat":"repeat","background-position":"center center","background-size":"auto","background-attachment":"scroll","background-type":"","background-media":"","overlay-type":"","overlay-color":"","overlay-opacity":"","overlay-gradient":""},"mobile":{"background-color":"var(--ast-global-color-5)","background-image":"","background-repeat":"repeat","background-position":"center center","background-size":"auto","background-attachment":"scroll","background-type":"","background-media":"","overlay-type":"","overlay-color":"","overlay-opacity":"","overlay-gradient":""}},"footnotes":""},"categories":[11,1,2,71,72,5],"tags":[],"class_list":["post-11444","post","type-post","status-publish","format-standard","has-post-thumbnail","hentry","category-2n","category-general","category-infantil","category-lescola-verda","category-noticies","category-primaria"],"post_mailing_queue_ids":[],"_links":{"self":[{"href":"https:\/\/agora.xtec.cat\/ceip-torrojaimiret\/wp-json\/wp\/v2\/posts\/11444","targetHints":{"allow":["GET"]}}],"collection":[{"href":"https:\/\/agora.xtec.cat\/ceip-torrojaimiret\/wp-json\/wp\/v2\/posts"}],"about":[{"href":"https:\/\/agora.xtec.cat\/ceip-torrojaimiret\/wp-json\/wp\/v2\/types\/post"}],"author":[{"embeddable":true,"href":"https:\/\/agora.xtec.cat\/ceip-torrojaimiret\/wp-json\/wp\/v2\/users\/24"}],"replies":[{"embeddable":true,"href":"https:\/\/agora.xtec.cat\/ceip-torrojaimiret\/wp-json\/wp\/v2\/comments?post=11444"}],"version-history":[{"count":2,"href":"https:\/\/agora.xtec.cat\/ceip-torrojaimiret\/wp-json\/wp\/v2\/posts\/11444\/revisions"}],"predecessor-version":[{"id":11505,"href":"https:\/\/agora.xtec.cat\/ceip-torrojaimiret\/wp-json\/wp\/v2\/posts\/11444\/revisions\/11505"}],"wp:featuredmedia":[{"embeddable":true,"href":"https:\/\/agora.xtec.cat\/ceip-torrojaimiret\/wp-json\/wp\/v2\/media\/11446"}],"wp:attachment":[{"href":"https:\/\/agora.xtec.cat\/ceip-torrojaimiret\/wp-json\/wp\/v2\/media?parent=11444"}],"wp:term":[{"taxonomy":"category","embeddable":true,"href":"https:\/\/agora.xtec.cat\/ceip-torrojaimiret\/wp-json\/wp\/v2\/categories?post=11444"},{"taxonomy":"post_tag","embeddable":true,"href":"https:\/\/agora.xtec.cat\/ceip-torrojaimiret\/wp-json\/wp\/v2\/tags?post=11444"}],"curies":[{"name":"wp","href":"https:\/\/api.w.org\/{rel}","templated":true}]}}