{"id":11417,"date":"2019-03-24T10:44:08","date_gmt":"2019-03-24T09:44:08","guid":{"rendered":"http:\/\/agora.xtec.cat\/ceip-torrojaimiret\/?p=11417"},"modified":"2019-03-24T11:12:45","modified_gmt":"2019-03-24T10:12:45","slug":"lectura-en-rus-per-el-miron-kovalev","status":"publish","type":"post","link":"https:\/\/agora.xtec.cat\/ceip-torrojaimiret\/general\/lectura-en-rus-per-el-miron-kovalev\/","title":{"rendered":"Lectura en Rus per el Miron Kovalev"},"content":{"rendered":"<p>&nbsp;<\/p>\n<p><a href=\"https:\/\/agora.xtec.cat\/ceip-torrojaimiret\/wp-content\/uploads\/usu1688\/2019\/03\/Foto-de-Lourdes.jpg\"><img loading=\"lazy\" decoding=\"async\" class=\"alignnone wp-image-11418\" src=\"https:\/\/agora.xtec.cat\/ceip-torrojaimiret\/wp-content\/uploads\/usu1688\/2019\/03\/Foto-de-Lourdes-925x1024.jpg\" alt=\"\" width=\"247\" height=\"273\" srcset=\"https:\/\/agora.xtec.cat\/ceip-torrojaimiret\/wp-content\/uploads\/usu1688\/2019\/03\/Foto-de-Lourdes-925x1024.jpg 925w, https:\/\/agora.xtec.cat\/ceip-torrojaimiret\/wp-content\/uploads\/usu1688\/2019\/03\/Foto-de-Lourdes-271x300.jpg 271w, https:\/\/agora.xtec.cat\/ceip-torrojaimiret\/wp-content\/uploads\/usu1688\/2019\/03\/Foto-de-Lourdes-768x850.jpg 768w, https:\/\/agora.xtec.cat\/ceip-torrojaimiret\/wp-content\/uploads\/usu1688\/2019\/03\/Foto-de-Lourdes.jpg 1093w\" sizes=\"auto, (max-width: 247px) 100vw, 247px\" \/><\/a><a style=\"color: #2795b6;\" href=\"https:\/\/agora.xtec.cat\/ceip-torrojaimiret\/wp-content\/uploads\/usu1688\/2019\/03\/jurat.jpg\"><img loading=\"lazy\" decoding=\"async\" class=\"alignnone wp-image-11419\" src=\"https:\/\/agora.xtec.cat\/ceip-torrojaimiret\/wp-content\/uploads\/usu1688\/2019\/03\/jurat-1024x768.jpg\" alt=\"\" width=\"234\" height=\"175\" srcset=\"https:\/\/agora.xtec.cat\/ceip-torrojaimiret\/wp-content\/uploads\/usu1688\/2019\/03\/jurat-1024x768.jpg 1024w, https:\/\/agora.xtec.cat\/ceip-torrojaimiret\/wp-content\/uploads\/usu1688\/2019\/03\/jurat-300x225.jpg 300w, https:\/\/agora.xtec.cat\/ceip-torrojaimiret\/wp-content\/uploads\/usu1688\/2019\/03\/jurat-768x576.jpg 768w, https:\/\/agora.xtec.cat\/ceip-torrojaimiret\/wp-content\/uploads\/usu1688\/2019\/03\/jurat-200x150.jpg 200w, https:\/\/agora.xtec.cat\/ceip-torrojaimiret\/wp-content\/uploads\/usu1688\/2019\/03\/jurat.jpg 1280w\" sizes=\"auto, (max-width: 234px) 100vw, 234px\" \/><\/a><a href=\"https:\/\/agora.xtec.cat\/ceip-torrojaimiret\/wp-content\/uploads\/usu1688\/2019\/03\/Foto-de-Lourdes-1.jpg\"><img loading=\"lazy\" decoding=\"async\" class=\"wp-image-11420 alignnone\" src=\"https:\/\/agora.xtec.cat\/ceip-torrojaimiret\/wp-content\/uploads\/usu1688\/2019\/03\/Foto-de-Lourdes-1-1024x768.jpg\" alt=\"\" width=\"333\" height=\"250\" srcset=\"https:\/\/agora.xtec.cat\/ceip-torrojaimiret\/wp-content\/uploads\/usu1688\/2019\/03\/Foto-de-Lourdes-1-1024x768.jpg 1024w, https:\/\/agora.xtec.cat\/ceip-torrojaimiret\/wp-content\/uploads\/usu1688\/2019\/03\/Foto-de-Lourdes-1-300x225.jpg 300w, https:\/\/agora.xtec.cat\/ceip-torrojaimiret\/wp-content\/uploads\/usu1688\/2019\/03\/Foto-de-Lourdes-1-768x576.jpg 768w, https:\/\/agora.xtec.cat\/ceip-torrojaimiret\/wp-content\/uploads\/usu1688\/2019\/03\/Foto-de-Lourdes-1-200x150.jpg 200w, https:\/\/agora.xtec.cat\/ceip-torrojaimiret\/wp-content\/uploads\/usu1688\/2019\/03\/Foto-de-Lourdes-1.jpg 1280w\" sizes=\"auto, (max-width: 333px) 100vw, 333px\" \/><\/a><\/p>\n<p>En Miron Kovalev \u00e9s un nen de 5\u00e8 B de la nostra escola i el passat 15 de mar\u00e7 va concursar en un certamen de lectura i representaci\u00f3 d&#8217;un llibre en llengua rusa, celebrat a Madrid\u00a0 i amb persones tant importants al jurat com l&#8217;\u00c0ngel Guti\u00e8rrez director art\u00edstic del Teatre de C\u00e1mara de Madrid.<\/p>\n<p>Nuestro compa\u00f1ero ha quedado en segundo lugar lo que le permitir\u00e1 pasar unos dias en &#8220;Artek&#8221; un campamento internacional para ni\u00f1os situado en Crimea.<\/p>\n<p>We are very happy Miron is a good reader and we encourage him to improve every day. Felicitats, Felicidades, Congratulations Miron.<a href=\"https:\/\/agora.xtec.cat\/ceip-torrojaimiret\/wp-content\/uploads\/usu1688\/2019\/03\/jurat.jpg\">\u00a0<\/a><\/p>\n","protected":false},"excerpt":{"rendered":"<p>&nbsp; En Miron Kovalev \u00e9s un nen de 5\u00e8 B de la nostra escola i el passat 15 de mar\u00e7 va concursar en un certamen de lectura i representaci\u00f3 d&#8217;un llibre en llengua rusa, celebrat a Madrid\u00a0 i amb persones tant importants al jurat com l&#8217;\u00c0ngel Guti\u00e8rrez director art\u00edstic del Teatre de C\u00e1mara de Madrid. [&hellip;]<\/p>\n","protected":false},"author":28,"featured_media":11418,"comment_status":"closed","ping_status":"closed","sticky":false,"template":"","format":"standard","meta":{"_bbp_topic_count":0,"_bbp_reply_count":0,"_bbp_total_topic_count":0,"_bbp_total_reply_count":0,"_bbp_voice_count":0,"_bbp_anonymous_reply_count":0,"_bbp_topic_count_hidden":0,"_bbp_reply_count_hidden":0,"_bbp_forum_subforum_count":0,"site-sidebar-layout":"default","site-content-layout":"","ast-site-content-layout":"","site-content-style":"default","site-sidebar-style":"default","ast-global-header-display":"","ast-banner-title-visibility":"","ast-main-header-display":"","ast-hfb-above-header-display":"","ast-hfb-below-header-display":"","ast-hfb-mobile-header-display":"","site-post-title":"","ast-breadcrumbs-content":"","ast-featured-img":"","footer-sml-layout":"","theme-transparent-header-meta":"","adv-header-id-meta":"","stick-header-meta":"","header-above-stick-meta":"","header-main-stick-meta":"","header-below-stick-meta":"","astra-migrate-meta-layouts":"default","ast-page-background-enabled":"default","ast-page-background-meta":{"desktop":{"background-color":"var(--ast-global-color-4)","background-image":"","background-repeat":"repeat","background-position":"center center","background-size":"auto","background-attachment":"scroll","background-type":"","background-media":"","overlay-type":"","overlay-color":"","overlay-opacity":"","overlay-gradient":""},"tablet":{"background-color":"","background-image":"","background-repeat":"repeat","background-position":"center center","background-size":"auto","background-attachment":"scroll","background-type":"","background-media":"","overlay-type":"","overlay-color":"","overlay-opacity":"","overlay-gradient":""},"mobile":{"background-color":"","background-image":"","background-repeat":"repeat","background-position":"center center","background-size":"auto","background-attachment":"scroll","background-type":"","background-media":"","overlay-type":"","overlay-color":"","overlay-opacity":"","overlay-gradient":""}},"ast-content-background-meta":{"desktop":{"background-color":"var(--ast-global-color-5)","background-image":"","background-repeat":"repeat","background-position":"center center","background-size":"auto","background-attachment":"scroll","background-type":"","background-media":"","overlay-type":"","overlay-color":"","overlay-opacity":"","overlay-gradient":""},"tablet":{"background-color":"var(--ast-global-color-5)","background-image":"","background-repeat":"repeat","background-position":"center center","background-size":"auto","background-attachment":"scroll","background-type":"","background-media":"","overlay-type":"","overlay-color":"","overlay-opacity":"","overlay-gradient":""},"mobile":{"background-color":"var(--ast-global-color-5)","background-image":"","background-repeat":"repeat","background-position":"center center","background-size":"auto","background-attachment":"scroll","background-type":"","background-media":"","overlay-type":"","overlay-color":"","overlay-opacity":"","overlay-gradient":""}},"footnotes":""},"categories":[14,1],"tags":[],"class_list":["post-11417","post","type-post","status-publish","format-standard","has-post-thumbnail","hentry","category-5e","category-general"],"post_mailing_queue_ids":[],"_links":{"self":[{"href":"https:\/\/agora.xtec.cat\/ceip-torrojaimiret\/wp-json\/wp\/v2\/posts\/11417","targetHints":{"allow":["GET"]}}],"collection":[{"href":"https:\/\/agora.xtec.cat\/ceip-torrojaimiret\/wp-json\/wp\/v2\/posts"}],"about":[{"href":"https:\/\/agora.xtec.cat\/ceip-torrojaimiret\/wp-json\/wp\/v2\/types\/post"}],"author":[{"embeddable":true,"href":"https:\/\/agora.xtec.cat\/ceip-torrojaimiret\/wp-json\/wp\/v2\/users\/28"}],"replies":[{"embeddable":true,"href":"https:\/\/agora.xtec.cat\/ceip-torrojaimiret\/wp-json\/wp\/v2\/comments?post=11417"}],"version-history":[{"count":2,"href":"https:\/\/agora.xtec.cat\/ceip-torrojaimiret\/wp-json\/wp\/v2\/posts\/11417\/revisions"}],"predecessor-version":[{"id":11430,"href":"https:\/\/agora.xtec.cat\/ceip-torrojaimiret\/wp-json\/wp\/v2\/posts\/11417\/revisions\/11430"}],"wp:featuredmedia":[{"embeddable":true,"href":"https:\/\/agora.xtec.cat\/ceip-torrojaimiret\/wp-json\/wp\/v2\/media\/11418"}],"wp:attachment":[{"href":"https:\/\/agora.xtec.cat\/ceip-torrojaimiret\/wp-json\/wp\/v2\/media?parent=11417"}],"wp:term":[{"taxonomy":"category","embeddable":true,"href":"https:\/\/agora.xtec.cat\/ceip-torrojaimiret\/wp-json\/wp\/v2\/categories?post=11417"},{"taxonomy":"post_tag","embeddable":true,"href":"https:\/\/agora.xtec.cat\/ceip-torrojaimiret\/wp-json\/wp\/v2\/tags?post=11417"}],"curies":[{"name":"wp","href":"https:\/\/api.w.org\/{rel}","templated":true}]}}