{"id":11363,"date":"2019-03-14T13:31:53","date_gmt":"2019-03-14T12:31:53","guid":{"rendered":"http:\/\/agora.xtec.cat\/ceip-torrojaimiret\/?p=11363"},"modified":"2019-03-19T13:54:01","modified_gmt":"2019-03-19T12:54:01","slug":"cantata-el-follet-valent-2","status":"publish","type":"post","link":"https:\/\/agora.xtec.cat\/ceip-torrojaimiret\/general\/cantata-el-follet-valent-2\/","title":{"rendered":"CANTATA &#8220;EL FOLLET VALENT&#8221;"},"content":{"rendered":"<p><img loading=\"lazy\" decoding=\"async\" class=\"alignleft\" src=\"http:\/\/cdn5.dibuixos.cat\/dibuixos\/pintats\/201643\/follet-felic-festes-nadal-545505.jpg\" alt=\"Resultat d'imatges de follet\" width=\"225\" height=\"177\" \/>Aquest any els alumnes de 2n, 3r i 4t de totes les escoles de Vila-seca faran una cantata que s&#8217;anomena &#8220;El Follet Valent&#8221;.<\/p>\n<p>La cantata es far\u00e0 el dimarts 23 d&#8217;abril al mat\u00ed al\u00a0Pavell\u00f3 Municipal d\u2019Esports de Vila-seca.<\/p>\n<p>&nbsp;<\/p>\n<p>A continuaci\u00f3, us poso diversos materials per tal que els nens i les nenes puguin treballar les diferents can\u00e7ons de la cantata.<\/p>\n<p>Si cliqueu on posa &#8220;V\u00eddeo karaoke&#8221; s&#8217;obrir\u00e0 un v\u00eddeo amb el qual podreu escoltar totes les can\u00e7ons alhora que surt la lletra de la can\u00e7\u00f3.<\/p>\n<p><img loading=\"lazy\" decoding=\"async\" class=\"alignright\" src=\"http:\/\/cdn5.dibuixos.cat\/dibuixos\/pintats\/201551\/follet-relaxat-festes-nadal-539571.jpg\" alt=\"Resultat d'imatges de follet\" width=\"184\" height=\"144\" \/><\/p>\n<p><u>Can\u00e7ons de la cantata<\/u><\/p>\n<ol>\n<li>Soc el follet (Tots)<\/li>\n<\/ol>\n<p><a href=\"https:\/\/youtu.be\/B46n8AZyR4E\" target=\"_blank\" rel=\"noopener\">V\u00eddeo karaoke<\/a><\/p>\n<p><a href=\"https:\/\/drive.google.com\/file\/d\/1ro4I2pPS03lxbfDlFZQEL9xk2LBmPrvp\/view?usp=sharing\" target=\"_blank\" rel=\"noopener\">Escolta la can\u00e7\u00f3<\/a><\/p>\n<p>2. Sempre alerta (2n)<\/p>\n<p><a href=\"https:\/\/www.youtube.com\/watch?v=kuHgozuHpI0\" target=\"_blank\" rel=\"noopener\">V\u00eddeo karaoke<\/a><\/p>\n<p><a href=\"https:\/\/drive.google.com\/file\/d\/1YnTyMafxt5SWo7tEzTa7dGShl1sBB8P5\/view?usp=sharing\" target=\"_blank\" rel=\"noopener\">Escolta la can\u00e7\u00f3<\/a><\/p>\n<p>3. Flic-flac-floc (3r)<img loading=\"lazy\" decoding=\"async\" class=\"alignright\" src=\"https:\/\/rosamariacurto.files.wordpress.com\/2013\/07\/sketches-follet1.jpg\" alt=\"Resultat d'imatges de follet\" width=\"177\" height=\"188\" \/><\/p>\n<p><a href=\"https:\/\/www.youtube.com\/watch?v=wgCLIKB--0s\" target=\"_blank\" rel=\"noopener\">V\u00eddeo karaoke<\/a><\/p>\n<p><a href=\"https:\/\/drive.google.com\/file\/d\/1gEWADYIaaT96qM3rpUyO6UGf-T0Dq4XQ\/view?usp=sharing\" target=\"_blank\" rel=\"noopener\">Escolta<\/a><\/p>\n<p>4. La colla del follet valent (Tots)<\/p>\n<p><a href=\"https:\/\/youtu.be\/mAXWuIF7zCo\" target=\"_blank\" rel=\"noopener\">V\u00eddeo karaoke<\/a><\/p>\n<p><a href=\"https:\/\/drive.google.com\/file\/d\/1lba1FpiMb4MPvBdICsdBO5YiVPox-mz0\/view?usp=sharing\" target=\"_blank\" rel=\"noopener\">Escolta<\/a><\/p>\n<p>5. La teranyina (4t)<\/p>\n<p><a href=\"https:\/\/youtu.be\/yfsTE5mcMiA\" target=\"_blank\" rel=\"noopener\">V\u00eddeo karaoke<\/a><\/p>\n<p><a href=\"https:\/\/drive.google.com\/file\/d\/1MCVyzeDRFKsaLOwaFbPve7VwnRndccaD\/view?usp=sharing\" target=\"_blank\" rel=\"noopener\">Escolta<\/a><\/p>\n<p>6. Nostalgia del follet (2n)<\/p>\n<p><a href=\"https:\/\/youtu.be\/tWEoHCTXoho\" target=\"_blank\" rel=\"noopener\">V\u00eddeo karaoke<\/a><\/p>\n<p><a href=\"https:\/\/drive.google.com\/file\/d\/14gNgg1iwZ3nIOMdxfdE5Y4CAWYYZLyc9\/view?usp=sharing\" target=\"_blank\" rel=\"noopener\">Escolta<\/a><\/p>\n<p>7. Els animalets del bosc (3r)<\/p>\n<p><a href=\"https:\/\/youtu.be\/xx4xt-iM3vY\" target=\"_blank\" rel=\"noopener\">V\u00eddeo karaoke<\/a><\/p>\n<p><a href=\"https:\/\/drive.google.com\/file\/d\/1hJxEQoH-j4ymRX-4QDNV9tmKMfauirmo\/view?usp=sharing\" target=\"_blank\" rel=\"noopener\">Escolta<\/a><\/p>\n<p>8. Un amic mes (4t)\u00a0<img loading=\"lazy\" decoding=\"async\" class=\"alignright\" src=\"http:\/\/neo-deco.es\/wp-content\/uploads\/2013\/01\/Abeja-loca.jpg\" alt=\"Resultat d'imatges de abeja\" width=\"185\" height=\"185\" \/><\/p>\n<p><a href=\"https:\/\/youtu.be\/v5Po1fbQoCc\" target=\"_blank\" rel=\"noopener\">V\u00eddeo karaoke<\/a><\/p>\n<p><a href=\"https:\/\/drive.google.com\/file\/d\/1Xf_LteTkVnUr587QK0gXpS62q_-NM665\/view?usp=sharing\" target=\"_blank\" rel=\"noopener\">Escolta<\/a><\/p>\n<p>9. La colla del follet valent (Tots)<\/p>\n<p><a href=\"https:\/\/youtu.be\/mAXWuIF7zCo\" target=\"_blank\" rel=\"noopener\">V\u00eddeo karaoke<\/a><\/p>\n<p><a href=\"https:\/\/drive.google.com\/file\/d\/1lba1FpiMb4MPvBdICsdBO5YiVPox-mz0\/view?usp=sharing\" target=\"_blank\" rel=\"noopener\">Escolta<\/a><\/p>\n<p>&nbsp;<\/p>\n<p><u>Can\u00e7\u00f3 de Sant Jordi<\/u><\/p>\n<p style=\"font-family: 'Helvetica Neue', Helvetica, Helvetica, Arial, sans-serif; font-size: 16px;\"><img loading=\"lazy\" decoding=\"async\" class=\"alignright\" src=\"http:\/\/cdn5.dibuixos.cat\/dibuixos\/pintats\/201735\/drac-volador-fantasia-dracs-549066.jpg\" alt=\"Resultat d'imatges de drac\" width=\"257\" height=\"201\" \/><\/p>\n<p>10. UN DRAC FEROTGE (Tots)<\/p>\n<p><a style=\"font-family: inherit; font-size: 1em;\" href=\"https:\/\/youtu.be\/wdoeuBOHupc\" target=\"_blank\" rel=\"noopener\">V\u00eddeo de la can\u00e7\u00f3<\/a><\/p>\n<p><a style=\"font-family: inherit; font-size: 1em;\" href=\"https:\/\/youtu.be\/4MoTpzl2C74\" target=\"_blank\" rel=\"noopener\">V\u00eddeo de la can\u00e7\u00f3 amb lletra<\/a><\/p>\n","protected":false},"excerpt":{"rendered":"<p>Aquest any els alumnes de 2n, 3r i 4t de totes les escoles de Vila-seca faran una cantata que s&#8217;anomena &#8220;El Follet Valent&#8221;. La cantata es far\u00e0 el dimarts 23 d&#8217;abril al mat\u00ed al\u00a0Pavell\u00f3 Municipal d\u2019Esports de Vila-seca. &nbsp; A continuaci\u00f3, us poso diversos materials per tal que els nens i les nenes puguin treballar [&hellip;]<\/p>\n","protected":false},"author":37,"featured_media":11329,"comment_status":"closed","ping_status":"closed","sticky":false,"template":"","format":"standard","meta":{"_bbp_topic_count":0,"_bbp_reply_count":0,"_bbp_total_topic_count":0,"_bbp_total_reply_count":0,"_bbp_voice_count":0,"_bbp_anonymous_reply_count":0,"_bbp_topic_count_hidden":0,"_bbp_reply_count_hidden":0,"_bbp_forum_subforum_count":0,"site-sidebar-layout":"default","site-content-layout":"","ast-site-content-layout":"","site-content-style":"default","site-sidebar-style":"default","ast-global-header-display":"","ast-banner-title-visibility":"","ast-main-header-display":"","ast-hfb-above-header-display":"","ast-hfb-below-header-display":"","ast-hfb-mobile-header-display":"","site-post-title":"","ast-breadcrumbs-content":"","ast-featured-img":"","footer-sml-layout":"","theme-transparent-header-meta":"","adv-header-id-meta":"","stick-header-meta":"","header-above-stick-meta":"","header-main-stick-meta":"","header-below-stick-meta":"","astra-migrate-meta-layouts":"default","ast-page-background-enabled":"default","ast-page-background-meta":{"desktop":{"background-color":"var(--ast-global-color-4)","background-image":"","background-repeat":"repeat","background-position":"center center","background-size":"auto","background-attachment":"scroll","background-type":"","background-media":"","overlay-type":"","overlay-color":"","overlay-opacity":"","overlay-gradient":""},"tablet":{"background-color":"","background-image":"","background-repeat":"repeat","background-position":"center center","background-size":"auto","background-attachment":"scroll","background-type":"","background-media":"","overlay-type":"","overlay-color":"","overlay-opacity":"","overlay-gradient":""},"mobile":{"background-color":"","background-image":"","background-repeat":"repeat","background-position":"center center","background-size":"auto","background-attachment":"scroll","background-type":"","background-media":"","overlay-type":"","overlay-color":"","overlay-opacity":"","overlay-gradient":""}},"ast-content-background-meta":{"desktop":{"background-color":"var(--ast-global-color-5)","background-image":"","background-repeat":"repeat","background-position":"center center","background-size":"auto","background-attachment":"scroll","background-type":"","background-media":"","overlay-type":"","overlay-color":"","overlay-opacity":"","overlay-gradient":""},"tablet":{"background-color":"var(--ast-global-color-5)","background-image":"","background-repeat":"repeat","background-position":"center center","background-size":"auto","background-attachment":"scroll","background-type":"","background-media":"","overlay-type":"","overlay-color":"","overlay-opacity":"","overlay-gradient":""},"mobile":{"background-color":"var(--ast-global-color-5)","background-image":"","background-repeat":"repeat","background-position":"center center","background-size":"auto","background-attachment":"scroll","background-type":"","background-media":"","overlay-type":"","overlay-color":"","overlay-opacity":"","overlay-gradient":""}},"footnotes":""},"categories":[11,12,13,1,70,72,4,5],"tags":[],"class_list":["post-11363","post","type-post","status-publish","format-standard","has-post-thumbnail","hentry","category-2n","category-3r","category-4t","category-general","category-laula-de-musica","category-noticies","category-portada","category-primaria"],"post_mailing_queue_ids":[],"_links":{"self":[{"href":"https:\/\/agora.xtec.cat\/ceip-torrojaimiret\/wp-json\/wp\/v2\/posts\/11363","targetHints":{"allow":["GET"]}}],"collection":[{"href":"https:\/\/agora.xtec.cat\/ceip-torrojaimiret\/wp-json\/wp\/v2\/posts"}],"about":[{"href":"https:\/\/agora.xtec.cat\/ceip-torrojaimiret\/wp-json\/wp\/v2\/types\/post"}],"author":[{"embeddable":true,"href":"https:\/\/agora.xtec.cat\/ceip-torrojaimiret\/wp-json\/wp\/v2\/users\/37"}],"replies":[{"embeddable":true,"href":"https:\/\/agora.xtec.cat\/ceip-torrojaimiret\/wp-json\/wp\/v2\/comments?post=11363"}],"version-history":[{"count":3,"href":"https:\/\/agora.xtec.cat\/ceip-torrojaimiret\/wp-json\/wp\/v2\/posts\/11363\/revisions"}],"predecessor-version":[{"id":11365,"href":"https:\/\/agora.xtec.cat\/ceip-torrojaimiret\/wp-json\/wp\/v2\/posts\/11363\/revisions\/11365"}],"wp:featuredmedia":[{"embeddable":true,"href":"https:\/\/agora.xtec.cat\/ceip-torrojaimiret\/wp-json\/wp\/v2\/media\/11329"}],"wp:attachment":[{"href":"https:\/\/agora.xtec.cat\/ceip-torrojaimiret\/wp-json\/wp\/v2\/media?parent=11363"}],"wp:term":[{"taxonomy":"category","embeddable":true,"href":"https:\/\/agora.xtec.cat\/ceip-torrojaimiret\/wp-json\/wp\/v2\/categories?post=11363"},{"taxonomy":"post_tag","embeddable":true,"href":"https:\/\/agora.xtec.cat\/ceip-torrojaimiret\/wp-json\/wp\/v2\/tags?post=11363"}],"curies":[{"name":"wp","href":"https:\/\/api.w.org\/{rel}","templated":true}]}}