{"id":10957,"date":"2018-12-05T12:46:06","date_gmt":"2018-12-05T11:46:06","guid":{"rendered":"http:\/\/agora.xtec.cat\/ceip-torrojaimiret\/?p=10957"},"modified":"2020-03-23T11:15:38","modified_gmt":"2020-03-23T10:15:38","slug":"acollida-erasmus-polonia","status":"publish","type":"post","link":"https:\/\/agora.xtec.cat\/ceip-torrojaimiret\/general\/acollida-erasmus-polonia\/","title":{"rendered":"Acollida Erasmus+ (Pol\u00f2nia)"},"content":{"rendered":"<p>La setmana del 19 al 25 de novembre vam rebre la visita de cinc mestres de l&#8217;escola\u00a0Podstawowa nr 5 im. Marii Konopnickiej de la ciutat d&#8217;Elk a P\u00f2lonia. Aquesta visita forma part del nostre projecte d&#8217;Erasmus+ &#8220;Active and global learning to become competent citizens&#8221;. Durant la setmana que van estar amb nosaltres van aprendre de la nostra metodologia de treball i de les accions educatives que realitzem en llengua anglesa (projectes CLIL). A la vegada, vam compartir experi\u00e8ncies did\u00e0ctiques i de treball a l&#8217;aula. Tamb\u00e9 van participar activament en les jornades de les lleng\u00fces, realitzant jocs tradicionals polonesos i ensenyant al nostre alumnat algunes paraules poloneses.<\/p>\n<p>Per \u00faltim, vam realitzar visites d&#8217;inter\u00e8s cultural a indrets propers com l&#8217;ajuntament, Tarragona, pobles de costa, museus&#8230;.<\/p>\n<p>Aquesta ha estat la primera vegada que ens hem conegut en persona, per\u00f2 des del curs passat portem realitzant actuacions de col\u00b7laboraci\u00f3 a distancia. Al mes de maig, alguns docents de la nostra escola tindrem l&#8217;oportunitat de visitar la seva escola durant deu dies per seguir treballant en xarxa amb els alumnes i docents europeus.<\/p>\n<p>Us deixem un recull de fotografies de la setmana.<\/p>\n<p><a href=\"https:\/\/drive.google.com\/drive\/folders\/1sbK9iaBGL2uZgWvekfPZE88NU0skkPe4?usp=sharing\">https:\/\/drive.google.com\/drive\/folders\/1sbK9iaBGL2uZgWvekfPZE88NU0skkPe4?usp=sharing<\/a><\/p>\n<p><a href=\"https:\/\/agora.xtec.cat\/ceip-torrojaimiret\/wp-content\/uploads\/usu1688\/2020\/03\/46493592_2335157413371838_7160443796558184448_n.jpg\"><img loading=\"lazy\" decoding=\"async\" class=\"alignnone  wp-image-12932\" src=\"https:\/\/agora.xtec.cat\/ceip-torrojaimiret\/wp-content\/uploads\/usu1688\/2020\/03\/46493592_2335157413371838_7160443796558184448_n.jpg\" alt=\"\" width=\"450\" height=\"301\" srcset=\"https:\/\/agora.xtec.cat\/ceip-torrojaimiret\/wp-content\/uploads\/usu1688\/2020\/03\/46493592_2335157413371838_7160443796558184448_n.jpg 960w, https:\/\/agora.xtec.cat\/ceip-torrojaimiret\/wp-content\/uploads\/usu1688\/2020\/03\/46493592_2335157413371838_7160443796558184448_n-300x201.jpg 300w, https:\/\/agora.xtec.cat\/ceip-torrojaimiret\/wp-content\/uploads\/usu1688\/2020\/03\/46493592_2335157413371838_7160443796558184448_n-768x514.jpg 768w\" sizes=\"auto, (max-width: 450px) 100vw, 450px\" \/> <img loading=\"lazy\" decoding=\"async\" class=\"attachment-266x266 \" src=\"https:\/\/agora.xtec.cat\/ceip-torrojaimiret\/wp-content\/uploads\/usu1688\/2018\/12\/46439241_448633175541055_428511717505368064_n.jpg\" sizes=\"auto, (max-width: 266px) 100vw, 266px\" srcset=\"https:\/\/agora.xtec.cat\/ceip-torrojaimiret\/wp-content\/uploads\/usu1688\/2018\/12\/46439241_448633175541055_428511717505368064_n.jpg 960w, https:\/\/agora.xtec.cat\/ceip-torrojaimiret\/wp-content\/uploads\/usu1688\/2018\/12\/46439241_448633175541055_428511717505368064_n-300x224.jpg 300w, https:\/\/agora.xtec.cat\/ceip-torrojaimiret\/wp-content\/uploads\/usu1688\/2018\/12\/46439241_448633175541055_428511717505368064_n-768x574.jpg 768w, https:\/\/agora.xtec.cat\/ceip-torrojaimiret\/wp-content\/uploads\/usu1688\/2018\/12\/46439241_448633175541055_428511717505368064_n-200x150.jpg 200w\" alt=\"\" width=\"402\" height=\"301\" \/><\/a><\/p>\n","protected":false},"excerpt":{"rendered":"<p>La setmana del 19 al 25 de novembre vam rebre la visita de cinc mestres de l&#8217;escola\u00a0Podstawowa nr 5 im. Marii Konopnickiej de la ciutat d&#8217;Elk a P\u00f2lonia. Aquesta visita forma part del nostre projecte d&#8217;Erasmus+ &#8220;Active and global learning to become competent citizens&#8221;. Durant la setmana que van estar amb nosaltres van aprendre de [&hellip;]<\/p>\n","protected":false},"author":27,"featured_media":10959,"comment_status":"closed","ping_status":"closed","sticky":false,"template":"","format":"standard","meta":{"_bbp_topic_count":0,"_bbp_reply_count":0,"_bbp_total_topic_count":0,"_bbp_total_reply_count":0,"_bbp_voice_count":0,"_bbp_anonymous_reply_count":0,"_bbp_topic_count_hidden":0,"_bbp_reply_count_hidden":0,"_bbp_forum_subforum_count":0,"site-sidebar-layout":"default","site-content-layout":"","ast-site-content-layout":"","site-content-style":"default","site-sidebar-style":"default","ast-global-header-display":"","ast-banner-title-visibility":"","ast-main-header-display":"","ast-hfb-above-header-display":"","ast-hfb-below-header-display":"","ast-hfb-mobile-header-display":"","site-post-title":"","ast-breadcrumbs-content":"","ast-featured-img":"","footer-sml-layout":"","theme-transparent-header-meta":"","adv-header-id-meta":"","stick-header-meta":"","header-above-stick-meta":"","header-main-stick-meta":"","header-below-stick-meta":"","astra-migrate-meta-layouts":"default","ast-page-background-enabled":"default","ast-page-background-meta":{"desktop":{"background-color":"var(--ast-global-color-4)","background-image":"","background-repeat":"repeat","background-position":"center center","background-size":"auto","background-attachment":"scroll","background-type":"","background-media":"","overlay-type":"","overlay-color":"","overlay-opacity":"","overlay-gradient":""},"tablet":{"background-color":"","background-image":"","background-repeat":"repeat","background-position":"center center","background-size":"auto","background-attachment":"scroll","background-type":"","background-media":"","overlay-type":"","overlay-color":"","overlay-opacity":"","overlay-gradient":""},"mobile":{"background-color":"","background-image":"","background-repeat":"repeat","background-position":"center center","background-size":"auto","background-attachment":"scroll","background-type":"","background-media":"","overlay-type":"","overlay-color":"","overlay-opacity":"","overlay-gradient":""}},"ast-content-background-meta":{"desktop":{"background-color":"var(--ast-global-color-5)","background-image":"","background-repeat":"repeat","background-position":"center center","background-size":"auto","background-attachment":"scroll","background-type":"","background-media":"","overlay-type":"","overlay-color":"","overlay-opacity":"","overlay-gradient":""},"tablet":{"background-color":"var(--ast-global-color-5)","background-image":"","background-repeat":"repeat","background-position":"center center","background-size":"auto","background-attachment":"scroll","background-type":"","background-media":"","overlay-type":"","overlay-color":"","overlay-opacity":"","overlay-gradient":""},"mobile":{"background-color":"var(--ast-global-color-5)","background-image":"","background-repeat":"repeat","background-position":"center center","background-size":"auto","background-attachment":"scroll","background-type":"","background-media":"","overlay-type":"","overlay-color":"","overlay-opacity":"","overlay-gradient":""}},"footnotes":""},"categories":[1,68,72,4],"tags":[],"class_list":["post-10957","post","type-post","status-publish","format-standard","has-post-thumbnail","hentry","category-general","category-laula-dangles","category-noticies","category-portada"],"post_mailing_queue_ids":[],"_links":{"self":[{"href":"https:\/\/agora.xtec.cat\/ceip-torrojaimiret\/wp-json\/wp\/v2\/posts\/10957","targetHints":{"allow":["GET"]}}],"collection":[{"href":"https:\/\/agora.xtec.cat\/ceip-torrojaimiret\/wp-json\/wp\/v2\/posts"}],"about":[{"href":"https:\/\/agora.xtec.cat\/ceip-torrojaimiret\/wp-json\/wp\/v2\/types\/post"}],"author":[{"embeddable":true,"href":"https:\/\/agora.xtec.cat\/ceip-torrojaimiret\/wp-json\/wp\/v2\/users\/27"}],"replies":[{"embeddable":true,"href":"https:\/\/agora.xtec.cat\/ceip-torrojaimiret\/wp-json\/wp\/v2\/comments?post=10957"}],"version-history":[{"count":3,"href":"https:\/\/agora.xtec.cat\/ceip-torrojaimiret\/wp-json\/wp\/v2\/posts\/10957\/revisions"}],"predecessor-version":[{"id":12935,"href":"https:\/\/agora.xtec.cat\/ceip-torrojaimiret\/wp-json\/wp\/v2\/posts\/10957\/revisions\/12935"}],"wp:featuredmedia":[{"embeddable":true,"href":"https:\/\/agora.xtec.cat\/ceip-torrojaimiret\/wp-json\/wp\/v2\/media\/10959"}],"wp:attachment":[{"href":"https:\/\/agora.xtec.cat\/ceip-torrojaimiret\/wp-json\/wp\/v2\/media?parent=10957"}],"wp:term":[{"taxonomy":"category","embeddable":true,"href":"https:\/\/agora.xtec.cat\/ceip-torrojaimiret\/wp-json\/wp\/v2\/categories?post=10957"},{"taxonomy":"post_tag","embeddable":true,"href":"https:\/\/agora.xtec.cat\/ceip-torrojaimiret\/wp-json\/wp\/v2\/tags?post=10957"}],"curies":[{"name":"wp","href":"https:\/\/api.w.org\/{rel}","templated":true}]}}