{"id":10405,"date":"2018-05-27T12:38:27","date_gmt":"2018-05-27T10:38:27","guid":{"rendered":"http:\/\/agora.xtec.cat\/ceip-torrojaimiret\/?p=10405"},"modified":"2018-05-27T12:38:27","modified_gmt":"2018-05-27T10:38:27","slug":"noticies-per-compartir-samantha","status":"publish","type":"post","link":"https:\/\/agora.xtec.cat\/ceip-torrojaimiret\/general\/noticies-per-compartir-samantha\/","title":{"rendered":"Not\u00edcies per compartir: SAMANTHA"},"content":{"rendered":"<p>Aquesta setmana hem tingut a la Samantha fent de Periodista. Durant tota la setmana ens ha portat diferents fotografies per explicar les seves not\u00edcies.<\/p>\n<p>El primer dia ens va explicar que havia anat al dentista, ens va portar un munt de fotografies de les seves dents i d&#8217;ella. Vam descobrir que les dents s\u00f3n m\u00e9s grans del que pens\u00e0vem, la segona not\u00edcia que ens va portar anava relacionada amb el seu gos Patron, vam poder veure com era de petit i com \u00e9s ara, no pod\u00edem deixar de dir que bonic que \u00e9s!, la tercera i la 4 not\u00edcia que ens va portar anava relacionada amb la seva fam\u00edlia d&#8217;equador, vam con\u00e8ixer als seus familiars i els regals que l&#8217;envien des d&#8217;all\u00ed.<\/p>\n<p>Per explicar l&#8217;\u00faltima not\u00edcia, la va acompanyar la seva mare, l&#8217;Eva. Ens van explicar que quan la Samantha tenia 4 anys van anar a equador i van aprofitar per veure a la fam\u00edlia i con\u00e8ixer alguns dels seus pobles i ciutats. A la Samantha li encanta anar all\u00e0 amb els seus cosins, per\u00f2 t\u00e9 molt clar que ella vol viure aqu\u00ed , ja que diu que aqu\u00ed t\u00e9 m\u00e9s joguines. Per finalitzar aquesta not\u00edcia ens van regalar a tots una bosseta de llaminadures.<\/p>\n<p>Per acabar la sessi\u00f3 vam fer una votaci\u00f3 entre totes les not\u00edcies, i la veritat \u00e9s que va ser una decisi\u00f3 molt dif\u00edcil molts nens i nenes votaven totes, finalment la not\u00edcia m\u00e9s votada va ser la del seu gos Patron.<\/p>\n<p>Moltes gr\u00e0cies fam\u00edlia per la vostra col\u00b7laboraci\u00f3<\/p>\n<p><a href=\"https:\/\/photos.app.goo.gl\/Hrz85QBiS2I4BoVh2\">Periodista Samantha<\/a><\/p>\n","protected":false},"excerpt":{"rendered":"<p>Aquesta setmana hem tingut a la Samantha fent de Periodista. Durant tota la setmana ens ha portat diferents fotografies per explicar les seves not\u00edcies. El primer dia ens va explicar que havia anat al dentista, ens va portar un munt de fotografies de les seves dents i d&#8217;ella. Vam descobrir que les dents s\u00f3n m\u00e9s [&hellip;]<\/p>\n","protected":false},"author":1,"featured_media":10406,"comment_status":"closed","ping_status":"closed","sticky":false,"template":"","format":"standard","meta":{"_bbp_topic_count":0,"_bbp_reply_count":0,"_bbp_total_topic_count":0,"_bbp_total_reply_count":0,"_bbp_voice_count":0,"_bbp_anonymous_reply_count":0,"_bbp_topic_count_hidden":0,"_bbp_reply_count_hidden":0,"_bbp_forum_subforum_count":0,"site-sidebar-layout":"default","site-content-layout":"","ast-site-content-layout":"","site-content-style":"default","site-sidebar-style":"default","ast-global-header-display":"","ast-banner-title-visibility":"","ast-main-header-display":"","ast-hfb-above-header-display":"","ast-hfb-below-header-display":"","ast-hfb-mobile-header-display":"","site-post-title":"","ast-breadcrumbs-content":"","ast-featured-img":"","footer-sml-layout":"","theme-transparent-header-meta":"","adv-header-id-meta":"","stick-header-meta":"","header-above-stick-meta":"","header-main-stick-meta":"","header-below-stick-meta":"","astra-migrate-meta-layouts":"default","ast-page-background-enabled":"default","ast-page-background-meta":{"desktop":{"background-color":"var(--ast-global-color-4)","background-image":"","background-repeat":"repeat","background-position":"center center","background-size":"auto","background-attachment":"scroll","background-type":"","background-media":"","overlay-type":"","overlay-color":"","overlay-opacity":"","overlay-gradient":""},"tablet":{"background-color":"","background-image":"","background-repeat":"repeat","background-position":"center center","background-size":"auto","background-attachment":"scroll","background-type":"","background-media":"","overlay-type":"","overlay-color":"","overlay-opacity":"","overlay-gradient":""},"mobile":{"background-color":"","background-image":"","background-repeat":"repeat","background-position":"center center","background-size":"auto","background-attachment":"scroll","background-type":"","background-media":"","overlay-type":"","overlay-color":"","overlay-opacity":"","overlay-gradient":""}},"ast-content-background-meta":{"desktop":{"background-color":"var(--ast-global-color-5)","background-image":"","background-repeat":"repeat","background-position":"center center","background-size":"auto","background-attachment":"scroll","background-type":"","background-media":"","overlay-type":"","overlay-color":"","overlay-opacity":"","overlay-gradient":""},"tablet":{"background-color":"var(--ast-global-color-5)","background-image":"","background-repeat":"repeat","background-position":"center center","background-size":"auto","background-attachment":"scroll","background-type":"","background-media":"","overlay-type":"","overlay-color":"","overlay-opacity":"","overlay-gradient":""},"mobile":{"background-color":"var(--ast-global-color-5)","background-image":"","background-repeat":"repeat","background-position":"center center","background-size":"auto","background-attachment":"scroll","background-type":"","background-media":"","overlay-type":"","overlay-color":"","overlay-opacity":"","overlay-gradient":""}},"footnotes":""},"categories":[1,2,9],"tags":[],"class_list":["post-10405","post","type-post","status-publish","format-standard","has-post-thumbnail","hentry","category-general","category-infantil","category-p5"],"post_mailing_queue_ids":[],"_links":{"self":[{"href":"https:\/\/agora.xtec.cat\/ceip-torrojaimiret\/wp-json\/wp\/v2\/posts\/10405","targetHints":{"allow":["GET"]}}],"collection":[{"href":"https:\/\/agora.xtec.cat\/ceip-torrojaimiret\/wp-json\/wp\/v2\/posts"}],"about":[{"href":"https:\/\/agora.xtec.cat\/ceip-torrojaimiret\/wp-json\/wp\/v2\/types\/post"}],"author":[{"embeddable":true,"href":"https:\/\/agora.xtec.cat\/ceip-torrojaimiret\/wp-json\/wp\/v2\/users\/1"}],"replies":[{"embeddable":true,"href":"https:\/\/agora.xtec.cat\/ceip-torrojaimiret\/wp-json\/wp\/v2\/comments?post=10405"}],"version-history":[{"count":1,"href":"https:\/\/agora.xtec.cat\/ceip-torrojaimiret\/wp-json\/wp\/v2\/posts\/10405\/revisions"}],"predecessor-version":[{"id":10407,"href":"https:\/\/agora.xtec.cat\/ceip-torrojaimiret\/wp-json\/wp\/v2\/posts\/10405\/revisions\/10407"}],"wp:featuredmedia":[{"embeddable":true,"href":"https:\/\/agora.xtec.cat\/ceip-torrojaimiret\/wp-json\/wp\/v2\/media\/10406"}],"wp:attachment":[{"href":"https:\/\/agora.xtec.cat\/ceip-torrojaimiret\/wp-json\/wp\/v2\/media?parent=10405"}],"wp:term":[{"taxonomy":"category","embeddable":true,"href":"https:\/\/agora.xtec.cat\/ceip-torrojaimiret\/wp-json\/wp\/v2\/categories?post=10405"},{"taxonomy":"post_tag","embeddable":true,"href":"https:\/\/agora.xtec.cat\/ceip-torrojaimiret\/wp-json\/wp\/v2\/tags?post=10405"}],"curies":[{"name":"wp","href":"https:\/\/api.w.org\/{rel}","templated":true}]}}