{"id":10357,"date":"2018-05-19T10:56:04","date_gmt":"2018-05-19T08:56:04","guid":{"rendered":"http:\/\/agora.xtec.cat\/ceip-torrojaimiret\/?p=10357"},"modified":"2018-05-19T10:56:04","modified_gmt":"2018-05-19T08:56:04","slug":"p5b-noticies-per-compartir-gisela","status":"publish","type":"post","link":"https:\/\/agora.xtec.cat\/ceip-torrojaimiret\/general\/p5b-noticies-per-compartir-gisela\/","title":{"rendered":"P5B Not\u00edcies per compartir : GISELA"},"content":{"rendered":"<p>Aquesta setmana hem tingut una nova periodista, la Gisela! La Gisela aquesta setmana s<span class=\"hiddenGrammarError\">&#8216;<\/span>ha convertit en la reportera de la classe dels pirates, fins i tot portava un micr\u00f2fon de veritat! Cada dia ens ha portat un v\u00eddeo explicant una not\u00edcia.<\/p>\n<p>La primera not\u00edcia que ens va portar anava relacionada amb l&#8217;arribada del bon temps, a la Gisela li encanta anar a la platja de la Pineda, ja que all\u00ed hi ha tamb\u00e9 hi ha un parc, el segon dia ens va informar que hi havia un vaixell ple de pirates al port aventura on ballaven i cantaven, el tercer dia vam poder veure un truc de m\u00e0gia amb el seu pare, ens vam quedar tots bocabadats.<br \/>\nPer explicar l&#8217;\u00faltima not\u00edcia de la setmana la Gisela va estar acompanyada pel seu pare i van aprofitar que era el dia mundial del reciclatge per explicar-nos la import\u00e0ncia de reciclar, com ho hem de fer, qu\u00e8 podem reciclar, com podem fer per donar \u00fas a les coses utilitzades&#8230;. Per \u00faltim ens van ensenyar un munt de jocs que havien fet amb material reciclat: unes dames, un tres en ratlla, jocs de punteria, entre altres. Sou uns artistes!<br \/>\nPer acabar la sessi\u00f3 vam fer una votaci\u00f3 entre totes les not\u00edcies, i la veritat \u00e9s que va ser una decisi\u00f3 molt dif\u00edcil per\u00f2\u00a0 finalment la not\u00edcia m\u00e9s votada\u00a0 va ser la del reciclatge.<\/p>\n<p>Moltes <span class=\"hiddenGrammarError\">gr\u00e0cies fam\u00edlia<\/span> per la vostra col\u00b7laboraci\u00f3.<\/p>\n<p><a href=\"https:\/\/photos.app.goo.gl\/QiC7NTtQftH9tj8e2\">Periodista GISELA<\/a><\/p>\n","protected":false},"excerpt":{"rendered":"<p>Aquesta setmana hem tingut una nova periodista, la Gisela! La Gisela aquesta setmana s&#8216;ha convertit en la reportera de la classe dels pirates, fins i tot portava un micr\u00f2fon de veritat! Cada dia ens ha portat un v\u00eddeo explicant una not\u00edcia. La primera not\u00edcia que ens va portar anava relacionada amb l&#8217;arribada del bon temps, [&hellip;]<\/p>\n","protected":false},"author":1,"featured_media":10358,"comment_status":"closed","ping_status":"closed","sticky":false,"template":"","format":"standard","meta":{"_bbp_topic_count":0,"_bbp_reply_count":0,"_bbp_total_topic_count":0,"_bbp_total_reply_count":0,"_bbp_voice_count":0,"_bbp_anonymous_reply_count":0,"_bbp_topic_count_hidden":0,"_bbp_reply_count_hidden":0,"_bbp_forum_subforum_count":0,"site-sidebar-layout":"default","site-content-layout":"","ast-site-content-layout":"","site-content-style":"default","site-sidebar-style":"default","ast-global-header-display":"","ast-banner-title-visibility":"","ast-main-header-display":"","ast-hfb-above-header-display":"","ast-hfb-below-header-display":"","ast-hfb-mobile-header-display":"","site-post-title":"","ast-breadcrumbs-content":"","ast-featured-img":"","footer-sml-layout":"","theme-transparent-header-meta":"","adv-header-id-meta":"","stick-header-meta":"","header-above-stick-meta":"","header-main-stick-meta":"","header-below-stick-meta":"","astra-migrate-meta-layouts":"default","ast-page-background-enabled":"default","ast-page-background-meta":{"desktop":{"background-color":"var(--ast-global-color-4)","background-image":"","background-repeat":"repeat","background-position":"center center","background-size":"auto","background-attachment":"scroll","background-type":"","background-media":"","overlay-type":"","overlay-color":"","overlay-opacity":"","overlay-gradient":""},"tablet":{"background-color":"","background-image":"","background-repeat":"repeat","background-position":"center center","background-size":"auto","background-attachment":"scroll","background-type":"","background-media":"","overlay-type":"","overlay-color":"","overlay-opacity":"","overlay-gradient":""},"mobile":{"background-color":"","background-image":"","background-repeat":"repeat","background-position":"center center","background-size":"auto","background-attachment":"scroll","background-type":"","background-media":"","overlay-type":"","overlay-color":"","overlay-opacity":"","overlay-gradient":""}},"ast-content-background-meta":{"desktop":{"background-color":"var(--ast-global-color-5)","background-image":"","background-repeat":"repeat","background-position":"center center","background-size":"auto","background-attachment":"scroll","background-type":"","background-media":"","overlay-type":"","overlay-color":"","overlay-opacity":"","overlay-gradient":""},"tablet":{"background-color":"var(--ast-global-color-5)","background-image":"","background-repeat":"repeat","background-position":"center center","background-size":"auto","background-attachment":"scroll","background-type":"","background-media":"","overlay-type":"","overlay-color":"","overlay-opacity":"","overlay-gradient":""},"mobile":{"background-color":"var(--ast-global-color-5)","background-image":"","background-repeat":"repeat","background-position":"center center","background-size":"auto","background-attachment":"scroll","background-type":"","background-media":"","overlay-type":"","overlay-color":"","overlay-opacity":"","overlay-gradient":""}},"footnotes":""},"categories":[1,2,9],"tags":[],"class_list":["post-10357","post","type-post","status-publish","format-standard","has-post-thumbnail","hentry","category-general","category-infantil","category-p5"],"post_mailing_queue_ids":[],"_links":{"self":[{"href":"https:\/\/agora.xtec.cat\/ceip-torrojaimiret\/wp-json\/wp\/v2\/posts\/10357","targetHints":{"allow":["GET"]}}],"collection":[{"href":"https:\/\/agora.xtec.cat\/ceip-torrojaimiret\/wp-json\/wp\/v2\/posts"}],"about":[{"href":"https:\/\/agora.xtec.cat\/ceip-torrojaimiret\/wp-json\/wp\/v2\/types\/post"}],"author":[{"embeddable":true,"href":"https:\/\/agora.xtec.cat\/ceip-torrojaimiret\/wp-json\/wp\/v2\/users\/1"}],"replies":[{"embeddable":true,"href":"https:\/\/agora.xtec.cat\/ceip-torrojaimiret\/wp-json\/wp\/v2\/comments?post=10357"}],"version-history":[{"count":1,"href":"https:\/\/agora.xtec.cat\/ceip-torrojaimiret\/wp-json\/wp\/v2\/posts\/10357\/revisions"}],"predecessor-version":[{"id":10359,"href":"https:\/\/agora.xtec.cat\/ceip-torrojaimiret\/wp-json\/wp\/v2\/posts\/10357\/revisions\/10359"}],"wp:featuredmedia":[{"embeddable":true,"href":"https:\/\/agora.xtec.cat\/ceip-torrojaimiret\/wp-json\/wp\/v2\/media\/10358"}],"wp:attachment":[{"href":"https:\/\/agora.xtec.cat\/ceip-torrojaimiret\/wp-json\/wp\/v2\/media?parent=10357"}],"wp:term":[{"taxonomy":"category","embeddable":true,"href":"https:\/\/agora.xtec.cat\/ceip-torrojaimiret\/wp-json\/wp\/v2\/categories?post=10357"},{"taxonomy":"post_tag","embeddable":true,"href":"https:\/\/agora.xtec.cat\/ceip-torrojaimiret\/wp-json\/wp\/v2\/tags?post=10357"}],"curies":[{"name":"wp","href":"https:\/\/api.w.org\/{rel}","templated":true}]}}