{"id":10354,"date":"2018-05-19T10:41:20","date_gmt":"2018-05-19T08:41:20","guid":{"rendered":"http:\/\/agora.xtec.cat\/ceip-torrojaimiret\/?p=10354"},"modified":"2018-05-19T10:56:27","modified_gmt":"2018-05-19T08:56:27","slug":"p5b-noticies-per-compartir-marta","status":"publish","type":"post","link":"https:\/\/agora.xtec.cat\/ceip-torrojaimiret\/general\/p5b-noticies-per-compartir-marta\/","title":{"rendered":"P5B Not\u00edcies per compartir: MARTA"},"content":{"rendered":"<p>La setmana passada vam tenir a la Marta fent de periodista. Durant tota la setmana va portar diferents objectes i murals per explicar les seves not\u00edcies m\u00e9s importants per a ella.<\/p>\n<p>El primer dia ens va sorprendre amb un mural amb fotos seves i de la seva fam\u00edlia, ens va encantar veure com era de petita i el seu entorn m\u00e9s proper, la seva segona not\u00edcia, <span class=\"hiddenGrammarError\">va estar relacionada amb el seu viatje <\/span>a Disney<span class=\"hiddenGrammarError\"> ,<\/span> ens va explicar molt\u00edssimes coses, com per exemple: quina va ser la seva atracci\u00f3 favorita, a quins personatges va veure, amb qui va anar &#8230;.. El tercer dia ens va portar una capsa plena de treballs manuals i \u00e9s que a la Marta li encanta fer <span class=\"hiddenGreenError\">manualitats<\/span>, el quart dia va portar una fusta que va trobar amb els seus cosins i ens va explicar que estaven buscant un tresor pirata!!!!<br \/>\nPer explicar l&#8217;\u00faltima not\u00edcia de la setmana la Marta va estar acompanyada pel seu pare i per la mare. Ens van explicar que als seus cosins i a ella els hi agrada molt jugar a fer de detectius. Tamb\u00e9 ens va ensenyar tot el seu <span class=\"hiddenSpellError\">kit<\/span> de detectiu: llibretes, c\u00e0mera de fotos, lupa, carnet&#8230;.<br \/>\nPer acabar ens van regalar un carnet de detectiu per cada nen i cada nena i aquesta vegada no vam poder fer votaci\u00f3, ja que una vegada van tenir el seu carnet, van comen\u00e7ar a buscar pistes per la classe i el passad\u00eds . Sens dubte va ser la not\u00edcia guanyadora, nom\u00e9s va fer falta com estaven de emocionats.<\/p>\n<p>Moltes gr\u00e0cies fam\u00edlia per la vostra col\u00b7laboraci\u00f3<\/p>\n<p><a href=\"https:\/\/photos.app.goo.gl\/H1WqCnWE0DhAsmgU2\">Periodista MARTA<\/a><\/p>\n","protected":false},"excerpt":{"rendered":"<p>La setmana passada vam tenir a la Marta fent de periodista. Durant tota la setmana va portar diferents objectes i murals per explicar les seves not\u00edcies m\u00e9s importants per a ella. El primer dia ens va sorprendre amb un mural amb fotos seves i de la seva fam\u00edlia, ens va encantar veure com era de [&hellip;]<\/p>\n","protected":false},"author":1,"featured_media":10355,"comment_status":"closed","ping_status":"closed","sticky":false,"template":"","format":"standard","meta":{"_bbp_topic_count":0,"_bbp_reply_count":0,"_bbp_total_topic_count":0,"_bbp_total_reply_count":0,"_bbp_voice_count":0,"_bbp_anonymous_reply_count":0,"_bbp_topic_count_hidden":0,"_bbp_reply_count_hidden":0,"_bbp_forum_subforum_count":0,"site-sidebar-layout":"default","site-content-layout":"","ast-site-content-layout":"","site-content-style":"default","site-sidebar-style":"default","ast-global-header-display":"","ast-banner-title-visibility":"","ast-main-header-display":"","ast-hfb-above-header-display":"","ast-hfb-below-header-display":"","ast-hfb-mobile-header-display":"","site-post-title":"","ast-breadcrumbs-content":"","ast-featured-img":"","footer-sml-layout":"","theme-transparent-header-meta":"","adv-header-id-meta":"","stick-header-meta":"","header-above-stick-meta":"","header-main-stick-meta":"","header-below-stick-meta":"","astra-migrate-meta-layouts":"default","ast-page-background-enabled":"default","ast-page-background-meta":{"desktop":{"background-color":"var(--ast-global-color-4)","background-image":"","background-repeat":"repeat","background-position":"center center","background-size":"auto","background-attachment":"scroll","background-type":"","background-media":"","overlay-type":"","overlay-color":"","overlay-opacity":"","overlay-gradient":""},"tablet":{"background-color":"","background-image":"","background-repeat":"repeat","background-position":"center center","background-size":"auto","background-attachment":"scroll","background-type":"","background-media":"","overlay-type":"","overlay-color":"","overlay-opacity":"","overlay-gradient":""},"mobile":{"background-color":"","background-image":"","background-repeat":"repeat","background-position":"center center","background-size":"auto","background-attachment":"scroll","background-type":"","background-media":"","overlay-type":"","overlay-color":"","overlay-opacity":"","overlay-gradient":""}},"ast-content-background-meta":{"desktop":{"background-color":"var(--ast-global-color-5)","background-image":"","background-repeat":"repeat","background-position":"center center","background-size":"auto","background-attachment":"scroll","background-type":"","background-media":"","overlay-type":"","overlay-color":"","overlay-opacity":"","overlay-gradient":""},"tablet":{"background-color":"var(--ast-global-color-5)","background-image":"","background-repeat":"repeat","background-position":"center center","background-size":"auto","background-attachment":"scroll","background-type":"","background-media":"","overlay-type":"","overlay-color":"","overlay-opacity":"","overlay-gradient":""},"mobile":{"background-color":"var(--ast-global-color-5)","background-image":"","background-repeat":"repeat","background-position":"center center","background-size":"auto","background-attachment":"scroll","background-type":"","background-media":"","overlay-type":"","overlay-color":"","overlay-opacity":"","overlay-gradient":""}},"footnotes":""},"categories":[1,2,9],"tags":[],"class_list":["post-10354","post","type-post","status-publish","format-standard","has-post-thumbnail","hentry","category-general","category-infantil","category-p5"],"post_mailing_queue_ids":[],"_links":{"self":[{"href":"https:\/\/agora.xtec.cat\/ceip-torrojaimiret\/wp-json\/wp\/v2\/posts\/10354","targetHints":{"allow":["GET"]}}],"collection":[{"href":"https:\/\/agora.xtec.cat\/ceip-torrojaimiret\/wp-json\/wp\/v2\/posts"}],"about":[{"href":"https:\/\/agora.xtec.cat\/ceip-torrojaimiret\/wp-json\/wp\/v2\/types\/post"}],"author":[{"embeddable":true,"href":"https:\/\/agora.xtec.cat\/ceip-torrojaimiret\/wp-json\/wp\/v2\/users\/1"}],"replies":[{"embeddable":true,"href":"https:\/\/agora.xtec.cat\/ceip-torrojaimiret\/wp-json\/wp\/v2\/comments?post=10354"}],"version-history":[{"count":1,"href":"https:\/\/agora.xtec.cat\/ceip-torrojaimiret\/wp-json\/wp\/v2\/posts\/10354\/revisions"}],"predecessor-version":[{"id":10356,"href":"https:\/\/agora.xtec.cat\/ceip-torrojaimiret\/wp-json\/wp\/v2\/posts\/10354\/revisions\/10356"}],"wp:featuredmedia":[{"embeddable":true,"href":"https:\/\/agora.xtec.cat\/ceip-torrojaimiret\/wp-json\/wp\/v2\/media\/10355"}],"wp:attachment":[{"href":"https:\/\/agora.xtec.cat\/ceip-torrojaimiret\/wp-json\/wp\/v2\/media?parent=10354"}],"wp:term":[{"taxonomy":"category","embeddable":true,"href":"https:\/\/agora.xtec.cat\/ceip-torrojaimiret\/wp-json\/wp\/v2\/categories?post=10354"},{"taxonomy":"post_tag","embeddable":true,"href":"https:\/\/agora.xtec.cat\/ceip-torrojaimiret\/wp-json\/wp\/v2\/tags?post=10354"}],"curies":[{"name":"wp","href":"https:\/\/api.w.org\/{rel}","templated":true}]}}