{"id":10313,"date":"2018-05-04T11:21:17","date_gmt":"2018-05-04T09:21:17","guid":{"rendered":"http:\/\/agora.xtec.cat\/ceip-torrojaimiret\/?p=10313"},"modified":"2018-05-04T11:22:51","modified_gmt":"2018-05-04T09:22:51","slug":"la-llegenda-de-sant-jordi-a-psico","status":"publish","type":"post","link":"https:\/\/agora.xtec.cat\/ceip-torrojaimiret\/general\/la-llegenda-de-sant-jordi-a-psico\/","title":{"rendered":"LA LLEGENDA DE SANT JORDI A PSICO"},"content":{"rendered":"<p>Aprofitant \u00a0la diada de Sant Jordi,\u00a0 a psico hem volgut tamb\u00e9 celebrar-la aprofitant els recursos que tenim a l\u2019aula.<\/p>\n<p>Aix\u00ed, vam construir un castell, que ens va ajudar a endinsar-nos m\u00e9s i millor en la llegenda.<\/p>\n<p>Ens vam disfressar dels diferents personatges del conte: la vaca, el bou, els cavallers, les princeses, el rei i la reina i com no, el drac. Vam escenificar els diferents espais de cada personatge i incl\u00fas algunes escenes molt caracter\u00edstiques, com la d\u2019agafar els paperets \u00a0i que surti elegida la princesa.<\/p>\n<p>A m\u00e9s a m\u00e9s, ha sigut molt divertit i sobretot molt coeducatiu veure com moltes nenes volien fer de cavallers i de dracs i alguns nens que feien de princeses. Tot aix\u00f2 els ajuda a llan\u00e7ar els etiquetatges, prejudicis i, en definitiva, molt del joc sexista i tradicional que tenen. Que cada \u00fa jugui al que t\u00e9 ganes i no al que li toca per ser nen o nena!!!!!!<\/p>\n<p><a href=\"https:\/\/photos.app.goo.gl\/WRMrInunvf6j29y33\">P3A<\/a><\/p>\n<p><a href=\"https:\/\/photos.app.goo.gl\/5FPxm0VVbAC8Y66O2\">P3B<\/a><\/p>\n<p><a href=\"https:\/\/photos.app.goo.gl\/xNYWQeYNdVIJwkdx1\">P4A<\/a><\/p>\n<p><a href=\"https:\/\/photos.app.goo.gl\/9T9mfS4Y4X12iUaV8\">P5A<\/a><\/p>\n<p><a href=\"https:\/\/photos.app.goo.gl\/CkXXMJ4mg2HXvG6i7\">P5B<\/a><\/p>\n","protected":false},"excerpt":{"rendered":"<p>Aprofitant \u00a0la diada de Sant Jordi,\u00a0 a psico hem volgut tamb\u00e9 celebrar-la aprofitant els recursos que tenim a l\u2019aula. Aix\u00ed, vam construir un castell, que ens va ajudar a endinsar-nos m\u00e9s i millor en la llegenda. Ens vam disfressar dels diferents personatges del conte: la vaca, el bou, els cavallers, les princeses, el rei i [&hellip;]<\/p>\n","protected":false},"author":37,"featured_media":10310,"comment_status":"closed","ping_status":"closed","sticky":false,"template":"","format":"standard","meta":{"_bbp_topic_count":0,"_bbp_reply_count":0,"_bbp_total_topic_count":0,"_bbp_total_reply_count":0,"_bbp_voice_count":0,"_bbp_anonymous_reply_count":0,"_bbp_topic_count_hidden":0,"_bbp_reply_count_hidden":0,"_bbp_forum_subforum_count":0,"site-sidebar-layout":"default","site-content-layout":"","ast-site-content-layout":"","site-content-style":"default","site-sidebar-style":"default","ast-global-header-display":"","ast-banner-title-visibility":"","ast-main-header-display":"","ast-hfb-above-header-display":"","ast-hfb-below-header-display":"","ast-hfb-mobile-header-display":"","site-post-title":"","ast-breadcrumbs-content":"","ast-featured-img":"","footer-sml-layout":"","theme-transparent-header-meta":"","adv-header-id-meta":"","stick-header-meta":"","header-above-stick-meta":"","header-main-stick-meta":"","header-below-stick-meta":"","astra-migrate-meta-layouts":"default","ast-page-background-enabled":"default","ast-page-background-meta":{"desktop":{"background-color":"var(--ast-global-color-4)","background-image":"","background-repeat":"repeat","background-position":"center center","background-size":"auto","background-attachment":"scroll","background-type":"","background-media":"","overlay-type":"","overlay-color":"","overlay-opacity":"","overlay-gradient":""},"tablet":{"background-color":"","background-image":"","background-repeat":"repeat","background-position":"center center","background-size":"auto","background-attachment":"scroll","background-type":"","background-media":"","overlay-type":"","overlay-color":"","overlay-opacity":"","overlay-gradient":""},"mobile":{"background-color":"","background-image":"","background-repeat":"repeat","background-position":"center center","background-size":"auto","background-attachment":"scroll","background-type":"","background-media":"","overlay-type":"","overlay-color":"","overlay-opacity":"","overlay-gradient":""}},"ast-content-background-meta":{"desktop":{"background-color":"var(--ast-global-color-5)","background-image":"","background-repeat":"repeat","background-position":"center center","background-size":"auto","background-attachment":"scroll","background-type":"","background-media":"","overlay-type":"","overlay-color":"","overlay-opacity":"","overlay-gradient":""},"tablet":{"background-color":"var(--ast-global-color-5)","background-image":"","background-repeat":"repeat","background-position":"center center","background-size":"auto","background-attachment":"scroll","background-type":"","background-media":"","overlay-type":"","overlay-color":"","overlay-opacity":"","overlay-gradient":""},"mobile":{"background-color":"var(--ast-global-color-5)","background-image":"","background-repeat":"repeat","background-position":"center center","background-size":"auto","background-attachment":"scroll","background-type":"","background-media":"","overlay-type":"","overlay-color":"","overlay-opacity":"","overlay-gradient":""}},"footnotes":""},"categories":[1,2,3,8,9,74],"tags":[],"class_list":["post-10313","post","type-post","status-publish","format-standard","has-post-thumbnail","hentry","category-general","category-infantil","category-p3","category-p4","category-p5","category-psicomotricitat"],"post_mailing_queue_ids":[],"_links":{"self":[{"href":"https:\/\/agora.xtec.cat\/ceip-torrojaimiret\/wp-json\/wp\/v2\/posts\/10313","targetHints":{"allow":["GET"]}}],"collection":[{"href":"https:\/\/agora.xtec.cat\/ceip-torrojaimiret\/wp-json\/wp\/v2\/posts"}],"about":[{"href":"https:\/\/agora.xtec.cat\/ceip-torrojaimiret\/wp-json\/wp\/v2\/types\/post"}],"author":[{"embeddable":true,"href":"https:\/\/agora.xtec.cat\/ceip-torrojaimiret\/wp-json\/wp\/v2\/users\/37"}],"replies":[{"embeddable":true,"href":"https:\/\/agora.xtec.cat\/ceip-torrojaimiret\/wp-json\/wp\/v2\/comments?post=10313"}],"version-history":[{"count":1,"href":"https:\/\/agora.xtec.cat\/ceip-torrojaimiret\/wp-json\/wp\/v2\/posts\/10313\/revisions"}],"predecessor-version":[{"id":10314,"href":"https:\/\/agora.xtec.cat\/ceip-torrojaimiret\/wp-json\/wp\/v2\/posts\/10313\/revisions\/10314"}],"wp:featuredmedia":[{"embeddable":true,"href":"https:\/\/agora.xtec.cat\/ceip-torrojaimiret\/wp-json\/wp\/v2\/media\/10310"}],"wp:attachment":[{"href":"https:\/\/agora.xtec.cat\/ceip-torrojaimiret\/wp-json\/wp\/v2\/media?parent=10313"}],"wp:term":[{"taxonomy":"category","embeddable":true,"href":"https:\/\/agora.xtec.cat\/ceip-torrojaimiret\/wp-json\/wp\/v2\/categories?post=10313"},{"taxonomy":"post_tag","embeddable":true,"href":"https:\/\/agora.xtec.cat\/ceip-torrojaimiret\/wp-json\/wp\/v2\/tags?post=10313"}],"curies":[{"name":"wp","href":"https:\/\/api.w.org\/{rel}","templated":true}]}}