{"id":10104,"date":"2018-04-13T11:23:00","date_gmt":"2018-04-13T09:23:00","guid":{"rendered":"http:\/\/agora.xtec.cat\/ceip-torrojaimiret\/?p=10104"},"modified":"2018-04-13T11:36:44","modified_gmt":"2018-04-13T09:36:44","slug":"la-cantata-la-canco-mes-bonica-del-mon","status":"publish","type":"post","link":"https:\/\/agora.xtec.cat\/ceip-torrojaimiret\/general\/la-cantata-la-canco-mes-bonica-del-mon\/","title":{"rendered":"LA CANTATA &#8220;LA CAN\u00c7\u00d3 M\u00c9S BONICA DEL M\u00d3N&#8221;"},"content":{"rendered":"<p><img loading=\"lazy\" decoding=\"async\" class=\"alignleft\" src=\"http:\/\/www.daniramosgimeno.com\/wp-content\/uploads\/2015\/03\/TIMBALER-DEL-BRUC-petit-e1425930694208.jpg\" alt=\"Resultat d'imatges de timbaler\" width=\"121\" height=\"154\" \/>Aquest any els alumnes de 2n, 3r i 4t de les set escoles de Vila-seca participarem a\u00a0la tradicional cantata de Sant\u00a0Jordi el dia 23 d&#8217;abril al mat\u00ed.<\/p>\n<p>Enguany farem la cantata &#8220;<strong>LA CAN\u00c7\u00d3 M\u00c9S BONICA DEL M\u00d3N<\/strong>&#8221; on el protagonista \u00e9s un\u00a0simp\u00e0tic\u00a0timbaler.<\/p>\n<p><strong>INFORMACI\u00d3 IMPORTANT:<\/strong><\/p>\n<p><strong><img loading=\"lazy\" decoding=\"async\" class=\"alignright\" src=\"http:\/\/www.lavanguardia.com\/r\/GODO\/LV\/p4\/WebSite\/2017\/04\/20\/Recortada\/img_illorente_20170420-192949_imagenes_lv_otras_fuentes_rosa-vanguardia-20170420-knFC-U421868831287HxC-992x558@LaVanguardia-Web.jpg\" alt=\"La rosa de Sant Jordi ganadora del concurso de ilustraciones 2017\" width=\"196\" height=\"112\" \/>&#8211; LLOC<\/strong>: Pavell\u00f3 Municipal d&#8217;Esports de Vila-seca<\/p>\n<p><strong>&#8211; DIA<\/strong>: Dilluns, 23 d&#8217;abril de 2018<\/p>\n<p><strong>&#8211; HORARI<\/strong>:<\/p>\n<p>9:00h. Sortirem de l&#8217;escola.<\/p>\n<p>9.45h. Esmorzarem davant del pavell\u00f3. (Portar un petit <strong>esmorzar<\/strong>)<\/p>\n<p>10.30h. Farem un <strong>assaig<\/strong>.<\/p>\n<p>11.15h. Les <strong>fam\u00edlies<\/strong> podran entrar dins del pavell\u00f3.<\/p>\n<p>11.30h. Comen\u00e7ar\u00e0 el <strong>concert<\/strong>.<\/p>\n<p><strong>&#8211; ROBA<\/strong>: Els infants hauran de portat pantalons <strong>texans<\/strong> i <strong>samarreta<\/strong> <strong>blanca<\/strong>.<\/p>\n<p>&nbsp;<\/p>\n<p>A continuaci\u00f3, podreu veure el llistat de les can\u00e7ons que estem preparant i els recursos necessaris per treballar-les.<\/p>\n<p><strong>EL CAN\u00c7ONER:\u00a0<\/strong><a href=\"https:\/\/drive.google.com\/file\/d\/1ujgPmLikXn2d0MAdkc0FU1CroyNCzNyF\/view?usp=sharing\" target=\"_blank\" rel=\"noopener noreferrer\">Aqu\u00ed<\/a>\u00a0\u00a0<a href=\"https:\/\/drive.google.com\/file\/d\/1ujgPmLikXn2d0MAdkc0FU1CroyNCzNyF\/view?usp=sharing\"><img loading=\"lazy\" decoding=\"async\" class=\"alignnone\" src=\"http:\/\/blocs.xtec.cat\/mariafortunymusic\/files\/2014\/09\/portada-241x300.png\" alt=\"Resultat d'imatges de can\u00e7oner\" width=\"51\" height=\"63\" \/><\/a><\/p>\n<p><strong>LES CAN\u00c7ONS:\u00a0<img loading=\"lazy\" decoding=\"async\" class=\"alignright\" src=\"http:\/\/clipground.com\/images\/hill-view-clipart-2.png\" alt=\"Showing post &amp; media for Cartoon hill clip art.\" width=\"123\" height=\"122\" \/><\/strong><\/p>\n<ol>\n<li><strong>La pastoreta (Tots)\u00a0<\/strong><\/li>\n<\/ol>\n<p><a href=\"https:\/\/drive.google.com\/file\/d\/1w0JFtjwgUwoBbY2drxlSZAszgE-WDnwM\/view?usp=sharing\" target=\"_blank\" rel=\"noopener noreferrer\">M\u00fasica amb lletra<\/a><\/p>\n<p><strong>2. La griva, el tord i el gall (2n)<img loading=\"lazy\" decoding=\"async\" class=\"alignright\" src=\"https:\/\/mir-s3-cdn-cf.behance.net\/project_modules\/disp\/7cc95620744755.562f086205d8c.jpg\" alt=\"Imatge relacionada\" width=\"107\" height=\"138\" \/><\/strong><\/p>\n<p><a href=\"https:\/\/drive.google.com\/file\/d\/1jFQB1VueK9EAj8vcmLik2s42ASdsIeRQ\/view?usp=sharing\" target=\"_blank\" rel=\"noopener noreferrer\">M\u00fasica amb lletra<\/a><\/p>\n<p><strong>3. La Margarideta (3r)\u00a0\u00a0<\/strong><\/p>\n<p><a href=\"https:\/\/drive.google.com\/file\/d\/0B7GrmkVrB2mQMnN1V3pmWnNZTG5ab1pHLXhsN1BkamFFbU5V\/view?usp=sharing\" target=\"_blank\" rel=\"noopener noreferrer\">M\u00fasica amb lletra<\/a><\/p>\n<p><a href=\"https:\/\/drive.google.com\/file\/d\/0B7GrmkVrB2mQQktKdU8zV0pKWXA0akpNTmR1QTVIc0ZBeC1j\/view?usp=sharing\" target=\"_blank\" rel=\"noopener noreferrer\">M\u00fasica sense lletra<img loading=\"lazy\" decoding=\"async\" class=\"alignright\" src=\"https:\/\/101clipart.com\/wp-content\/uploads\/08\/Girl%20Sleeping%20Clipart%2009.jpg\" alt=\"Resultat d'imatges de girl sleeping\" width=\"140\" height=\"95\" \/><\/a><\/p>\n<p><a href=\"https:\/\/drive.google.com\/file\/d\/1w9HvRO_PUIpKfM2dJGsMaWUO1jAERuE9\/view?usp=sharing\" target=\"_blank\" rel=\"noopener noreferrer\">V\u00eddeo karaoke<\/a><\/p>\n<p><strong>4. En Pere Galler\u00ed (4t)<img loading=\"lazy\" decoding=\"async\" class=\"alignright\" src=\"https:\/\/upload.wikimedia.org\/wikipedia\/commons\/9\/9d\/Tetraophasis_obscurus.jpg\" alt=\"Imatge relacionada\" width=\"186\" height=\"119\" \/><\/strong><\/p>\n<p><a href=\"https:\/\/drive.google.com\/file\/d\/1nilcuHzTwj1Z6S0pIstPpwQ5pzTobhRR\/view?usp=sharing\" target=\"_blank\" rel=\"noopener noreferrer\">M\u00fasica amb lletra<\/a><\/p>\n<p><strong>5. Els tres tambors (Tots)<\/strong><\/p>\n<p><a href=\"https:\/\/drive.google.com\/file\/d\/1GRgQyOMom28aWqG_fhnN2oTMKVYIesu-\/view?usp=sharing\" target=\"_blank\" rel=\"noopener noreferrer\">M\u00fasica amb lletra<img loading=\"lazy\" decoding=\"async\" class=\"alignright\" src=\"https:\/\/images-na.ssl-images-amazon.com\/images\/I\/51ZvPeaStjL._SX355_.jpg\" alt=\"Resultat d'imatges de timbal\" width=\"109\" height=\"105\" \/><\/a><\/p>\n<p><a href=\"https:\/\/www.youtube.com\/watch?v=H82uvXyGn3Y\" target=\"_blank\" rel=\"noopener noreferrer\">V\u00eddeo amb lletra<\/a><\/p>\n<p><a href=\"https:\/\/www.youtube.com\/watch?v=3cZO5qI5tpM\" target=\"_blank\" rel=\"noopener noreferrer\">El Conte<\/a><\/p>\n<p><strong>6. El Drac de Sant Jordi (Tots)<\/strong><\/p>\n<p><a href=\"https:\/\/drive.google.com\/file\/d\/1PR6mVEJqmH2ZHlKPvE2Iis9P5W9AXQgJ\/view?usp=sharing\" target=\"_blank\" rel=\"noopener noreferrer\">V\u00eddeo amb els moviments<\/a>\u00a0<a href=\"https:\/\/drive.google.com\/file\/d\/1PR6mVEJqmH2ZHlKPvE2Iis9P5W9AXQgJ\/view?usp=sharing\" target=\"_blank\" rel=\"noopener noreferrer\"><img loading=\"lazy\" decoding=\"async\" class=\"alignnone\" src=\"https:\/\/cdn2.techadvisor.co.uk\/cmsdata\/features\/3511087\/how-to-fix-youtube-videos-that-wont-play_thumb800.jpg\" alt=\"Resultado de imagen para video\" width=\"77\" height=\"43\" \/><\/a><\/p>\n<p><a href=\"https:\/\/drive.google.com\/file\/d\/13AowndVfiBBndlICUup-ulQgw3suLWvC\/view?usp=sharing\" target=\"_blank\" rel=\"noopener noreferrer\">M\u00fasica amb lletra<img loading=\"lazy\" decoding=\"async\" class=\"alignright\" src=\"https:\/\/escolafasiasarria.files.wordpress.com\/2017\/04\/drac.jpg?w=816\" alt=\"Resultat d'imatges de drac sant jordi\" width=\"253\" height=\"147\" \/><\/a><\/p>\n<p><a href=\"https:\/\/www.youtube.com\/watch?v=1-FbrOgWlnE\" target=\"_blank\" rel=\"noopener noreferrer\">V\u00eddeo amb lletra<\/a><\/p>\n<p><a href=\"https:\/\/www.youtube.com\/watch?v=2zdFaj0DdO0\" target=\"_blank\" rel=\"noopener noreferrer\">Karaoke<\/a><\/p>\n<p>&nbsp;<\/p>\n<p>&nbsp;<\/p>\n<p><img loading=\"lazy\" decoding=\"async\" class=\"aligncenter\" src=\"http:\/\/agora.xtec.cat\/iesbarribesos\/wp-content\/uploads\/usu960\/2017\/03\/FF.jpg\" alt=\"Resultat d'imatges de rosa sant jordi\" width=\"185\" height=\"139\" \/><\/p>\n","protected":false},"excerpt":{"rendered":"<p>Aquest any els alumnes de 2n, 3r i 4t de les set escoles de Vila-seca participarem a\u00a0la tradicional cantata de Sant\u00a0Jordi el dia 23 d&#8217;abril al mat\u00ed. Enguany farem la cantata &#8220;LA CAN\u00c7\u00d3 M\u00c9S BONICA DEL M\u00d3N&#8221; on el protagonista \u00e9s un\u00a0simp\u00e0tic\u00a0timbaler. INFORMACI\u00d3 IMPORTANT: &#8211; LLOC: Pavell\u00f3 Municipal d&#8217;Esports de Vila-seca &#8211; DIA: Dilluns, 23 [&hellip;]<\/p>\n","protected":false},"author":37,"featured_media":10106,"comment_status":"closed","ping_status":"closed","sticky":false,"template":"","format":"standard","meta":{"_bbp_topic_count":0,"_bbp_reply_count":0,"_bbp_total_topic_count":0,"_bbp_total_reply_count":0,"_bbp_voice_count":0,"_bbp_anonymous_reply_count":0,"_bbp_topic_count_hidden":0,"_bbp_reply_count_hidden":0,"_bbp_forum_subforum_count":0,"site-sidebar-layout":"default","site-content-layout":"","ast-site-content-layout":"","site-content-style":"default","site-sidebar-style":"default","ast-global-header-display":"","ast-banner-title-visibility":"","ast-main-header-display":"","ast-hfb-above-header-display":"","ast-hfb-below-header-display":"","ast-hfb-mobile-header-display":"","site-post-title":"","ast-breadcrumbs-content":"","ast-featured-img":"","footer-sml-layout":"","theme-transparent-header-meta":"","adv-header-id-meta":"","stick-header-meta":"","header-above-stick-meta":"","header-main-stick-meta":"","header-below-stick-meta":"","astra-migrate-meta-layouts":"default","ast-page-background-enabled":"default","ast-page-background-meta":{"desktop":{"background-color":"var(--ast-global-color-4)","background-image":"","background-repeat":"repeat","background-position":"center center","background-size":"auto","background-attachment":"scroll","background-type":"","background-media":"","overlay-type":"","overlay-color":"","overlay-opacity":"","overlay-gradient":""},"tablet":{"background-color":"","background-image":"","background-repeat":"repeat","background-position":"center center","background-size":"auto","background-attachment":"scroll","background-type":"","background-media":"","overlay-type":"","overlay-color":"","overlay-opacity":"","overlay-gradient":""},"mobile":{"background-color":"","background-image":"","background-repeat":"repeat","background-position":"center center","background-size":"auto","background-attachment":"scroll","background-type":"","background-media":"","overlay-type":"","overlay-color":"","overlay-opacity":"","overlay-gradient":""}},"ast-content-background-meta":{"desktop":{"background-color":"var(--ast-global-color-5)","background-image":"","background-repeat":"repeat","background-position":"center center","background-size":"auto","background-attachment":"scroll","background-type":"","background-media":"","overlay-type":"","overlay-color":"","overlay-opacity":"","overlay-gradient":""},"tablet":{"background-color":"var(--ast-global-color-5)","background-image":"","background-repeat":"repeat","background-position":"center center","background-size":"auto","background-attachment":"scroll","background-type":"","background-media":"","overlay-type":"","overlay-color":"","overlay-opacity":"","overlay-gradient":""},"mobile":{"background-color":"var(--ast-global-color-5)","background-image":"","background-repeat":"repeat","background-position":"center center","background-size":"auto","background-attachment":"scroll","background-type":"","background-media":"","overlay-type":"","overlay-color":"","overlay-opacity":"","overlay-gradient":""}},"footnotes":""},"categories":[11,12,13,1,70,72,4,5],"tags":[],"class_list":["post-10104","post","type-post","status-publish","format-standard","has-post-thumbnail","hentry","category-2n","category-3r","category-4t","category-general","category-laula-de-musica","category-noticies","category-portada","category-primaria"],"post_mailing_queue_ids":[],"_links":{"self":[{"href":"https:\/\/agora.xtec.cat\/ceip-torrojaimiret\/wp-json\/wp\/v2\/posts\/10104","targetHints":{"allow":["GET"]}}],"collection":[{"href":"https:\/\/agora.xtec.cat\/ceip-torrojaimiret\/wp-json\/wp\/v2\/posts"}],"about":[{"href":"https:\/\/agora.xtec.cat\/ceip-torrojaimiret\/wp-json\/wp\/v2\/types\/post"}],"author":[{"embeddable":true,"href":"https:\/\/agora.xtec.cat\/ceip-torrojaimiret\/wp-json\/wp\/v2\/users\/37"}],"replies":[{"embeddable":true,"href":"https:\/\/agora.xtec.cat\/ceip-torrojaimiret\/wp-json\/wp\/v2\/comments?post=10104"}],"version-history":[{"count":3,"href":"https:\/\/agora.xtec.cat\/ceip-torrojaimiret\/wp-json\/wp\/v2\/posts\/10104\/revisions"}],"predecessor-version":[{"id":10112,"href":"https:\/\/agora.xtec.cat\/ceip-torrojaimiret\/wp-json\/wp\/v2\/posts\/10104\/revisions\/10112"}],"wp:featuredmedia":[{"embeddable":true,"href":"https:\/\/agora.xtec.cat\/ceip-torrojaimiret\/wp-json\/wp\/v2\/media\/10106"}],"wp:attachment":[{"href":"https:\/\/agora.xtec.cat\/ceip-torrojaimiret\/wp-json\/wp\/v2\/media?parent=10104"}],"wp:term":[{"taxonomy":"category","embeddable":true,"href":"https:\/\/agora.xtec.cat\/ceip-torrojaimiret\/wp-json\/wp\/v2\/categories?post=10104"},{"taxonomy":"post_tag","embeddable":true,"href":"https:\/\/agora.xtec.cat\/ceip-torrojaimiret\/wp-json\/wp\/v2\/tags?post=10104"}],"curies":[{"name":"wp","href":"https:\/\/api.w.org\/{rel}","templated":true}]}}