{"id":6271,"date":"2025-04-22T19:36:34","date_gmt":"2025-04-22T17:36:34","guid":{"rendered":"https:\/\/agora.xtec.cat\/ceip-torrescasana-espoia\/?p=6271"},"modified":"2025-04-22T19:36:34","modified_gmt":"2025-04-22T17:36:34","slug":"beques-menjador-curs-2025-26","status":"publish","type":"post","link":"https:\/\/agora.xtec.cat\/ceip-torrescasana-espoia\/general\/beques-menjador-curs-2025-26\/","title":{"rendered":"BEQUES MENJADOR CURS 2025-26"},"content":{"rendered":"<div class=\"aju\">\n<div>S&#8217;ha obert el termini per sol\u00b7licitar els Ajuts Individuals de Menjador (AIM) pel curs 2025-26.<\/div>\n<div><\/div>\n<div>La convocat\u00f2ria est\u00e0 oberta fins al 31 de maig (incl\u00f2s).<\/div>\n<div><\/div>\n<div><\/div>\n<div>Al web: <a id=\"m_1523893208018402520m_-542859759920566992OWA50a857a4-14ae-a1e9-7167-df5f6f3ba7a7\" href=\"http:\/\/www.anoia.cat\/departaments\/ensenyament\/ajuts-individuals-de-menjador\/\" target=\"_blank\" rel=\"noopener\" data-saferedirecturl=\"https:\/\/www.google.com\/url?q=http:\/\/www.anoia.cat\/departaments\/ensenyament\/ajuts-individuals-de-menjador\/&amp;source=gmail&amp;ust=1745428719969000&amp;usg=AOvVaw0bj5dXaBom0UbC2mbZjIQk\"> www.anoia.cat\/departaments\/<wbr \/>ensenyament\/ajuts-individuals-<wbr \/>de-menjador\/<\/a><\/div>\n<div><\/div>\n<div>trobareu:<\/div>\n<div><\/div>\n<ul>\n<li>\n<div><b>l&#8217;enlla\u00e7 per tramitar la sol\u00b7licitud\/renovaci\u00f3 de l&#8217;ajut<\/b><\/div>\n<\/li>\n<li>\n<div><b>les Bases 25-26<\/b><\/div>\n<\/li>\n<li>\n<div><b>la Convocat\u00f2ria 25-26<\/b><\/div>\n<\/li>\n<li>\n<div><b>la Guia de tramitaci\u00f3<\/b><\/div>\n<\/li>\n<li>\n<div><b>i la resposta a algunes preguntes freq\u00fcents<\/b><\/div>\n<\/li>\n<\/ul>\n<div class=\"aCi\"><\/div>\n<\/div>\n","protected":false},"excerpt":{"rendered":"<p>S&#8217;ha obert el termini per sol\u00b7licitar els Ajuts Individuals de Menjador (AIM) pel curs 2025-26. La convocat\u00f2ria est\u00e0 oberta fins al 31 de maig (incl\u00f2s). Al web: www.anoia.cat\/departaments\/ensenyament\/ajuts-individuals-de-menjador\/ trobareu: l&#8217;enlla\u00e7 per tramitar la sol\u00b7licitud\/renovaci\u00f3 de l&#8217;ajut les Bases 25-26 la Convocat\u00f2ria 25-26 la Guia de tramitaci\u00f3 i la resposta a algunes preguntes freq\u00fcents<\/p>\n","protected":false},"author":1,"featured_media":0,"comment_status":"open","ping_status":"closed","sticky":false,"template":"","format":"standard","meta":{"_bbp_topic_count":0,"_bbp_reply_count":0,"_bbp_total_topic_count":0,"_bbp_total_reply_count":0,"_bbp_voice_count":0,"_bbp_anonymous_reply_count":0,"_bbp_topic_count_hidden":0,"_bbp_reply_count_hidden":0,"_bbp_forum_subforum_count":0,"site-sidebar-layout":"default","site-content-layout":"","ast-site-content-layout":"","site-content-style":"default","site-sidebar-style":"default","ast-global-header-display":"","ast-banner-title-visibility":"","ast-main-header-display":"","ast-hfb-above-header-display":"","ast-hfb-below-header-display":"","ast-hfb-mobile-header-display":"","site-post-title":"","ast-breadcrumbs-content":"","ast-featured-img":"","footer-sml-layout":"","theme-transparent-header-meta":"","adv-header-id-meta":"","stick-header-meta":"","header-above-stick-meta":"","header-main-stick-meta":"","header-below-stick-meta":"","astra-migrate-meta-layouts":"default","ast-page-background-enabled":"default","ast-page-background-meta":{"desktop":{"background-color":"var(--ast-global-color-4)","background-image":"","background-repeat":"repeat","background-position":"center center","background-size":"auto","background-attachment":"scroll","background-type":"","background-media":"","overlay-type":"","overlay-color":"","overlay-opacity":"","overlay-gradient":""},"tablet":{"background-color":"","background-image":"","background-repeat":"repeat","background-position":"center center","background-size":"auto","background-attachment":"scroll","background-type":"","background-media":"","overlay-type":"","overlay-color":"","overlay-opacity":"","overlay-gradient":""},"mobile":{"background-color":"","background-image":"","background-repeat":"repeat","background-position":"center center","background-size":"auto","background-attachment":"scroll","background-type":"","background-media":"","overlay-type":"","overlay-color":"","overlay-opacity":"","overlay-gradient":""}},"ast-content-background-meta":{"desktop":{"background-color":"var(--ast-global-color-5)","background-image":"","background-repeat":"repeat","background-position":"center center","background-size":"auto","background-attachment":"scroll","background-type":"","background-media":"","overlay-type":"","overlay-color":"","overlay-opacity":"","overlay-gradient":""},"tablet":{"background-color":"var(--ast-global-color-5)","background-image":"","background-repeat":"repeat","background-position":"center center","background-size":"auto","background-attachment":"scroll","background-type":"","background-media":"","overlay-type":"","overlay-color":"","overlay-opacity":"","overlay-gradient":""},"mobile":{"background-color":"var(--ast-global-color-5)","background-image":"","background-repeat":"repeat","background-position":"center center","background-size":"auto","background-attachment":"scroll","background-type":"","background-media":"","overlay-type":"","overlay-color":"","overlay-opacity":"","overlay-gradient":""}},"footnotes":""},"categories":[4,1],"tags":[],"class_list":["post-6271","post","type-post","status-publish","format-standard","hentry","category-portada","category-general"],"post_mailing_queue_ids":[],"_links":{"self":[{"href":"https:\/\/agora.xtec.cat\/ceip-torrescasana-espoia\/wp-json\/wp\/v2\/posts\/6271","targetHints":{"allow":["GET"]}}],"collection":[{"href":"https:\/\/agora.xtec.cat\/ceip-torrescasana-espoia\/wp-json\/wp\/v2\/posts"}],"about":[{"href":"https:\/\/agora.xtec.cat\/ceip-torrescasana-espoia\/wp-json\/wp\/v2\/types\/post"}],"author":[{"embeddable":true,"href":"https:\/\/agora.xtec.cat\/ceip-torrescasana-espoia\/wp-json\/wp\/v2\/users\/1"}],"replies":[{"embeddable":true,"href":"https:\/\/agora.xtec.cat\/ceip-torrescasana-espoia\/wp-json\/wp\/v2\/comments?post=6271"}],"version-history":[{"count":1,"href":"https:\/\/agora.xtec.cat\/ceip-torrescasana-espoia\/wp-json\/wp\/v2\/posts\/6271\/revisions"}],"predecessor-version":[{"id":6272,"href":"https:\/\/agora.xtec.cat\/ceip-torrescasana-espoia\/wp-json\/wp\/v2\/posts\/6271\/revisions\/6272"}],"wp:attachment":[{"href":"https:\/\/agora.xtec.cat\/ceip-torrescasana-espoia\/wp-json\/wp\/v2\/media?parent=6271"}],"wp:term":[{"taxonomy":"category","embeddable":true,"href":"https:\/\/agora.xtec.cat\/ceip-torrescasana-espoia\/wp-json\/wp\/v2\/categories?post=6271"},{"taxonomy":"post_tag","embeddable":true,"href":"https:\/\/agora.xtec.cat\/ceip-torrescasana-espoia\/wp-json\/wp\/v2\/tags?post=6271"}],"curies":[{"name":"wp","href":"https:\/\/api.w.org\/{rel}","templated":true}]}}