{"id":21386,"date":"2024-04-08T10:42:37","date_gmt":"2024-04-08T08:42:37","guid":{"rendered":"https:\/\/agora.xtec.cat\/ceip-torremiranda-cornella\/?p=21386"},"modified":"2024-04-08T10:42:37","modified_gmt":"2024-04-08T08:42:37","slug":"dia-mundial-de-lactivitat-fisica","status":"publish","type":"post","link":"https:\/\/agora.xtec.cat\/ceip-torremiranda-cornella\/general\/dia-mundial-de-lactivitat-fisica\/","title":{"rendered":"Dia Mundial de l&#8217;Activitat F\u00edsica"},"content":{"rendered":"<p>El passat divendres vam celebrar a l&#8217;escola el Dia Mundial de l&#8217;Activitat F\u00edsica. Ens vam animar a fer diferents tipus d&#8217;accions per prendre consci\u00e8ncia de la import\u00e0ncia de fer activitat f\u00edsica.<\/p>\n<p>Vam fer Zumba dinamitzada per mestres i vam ballar tota l&#8217;estona!<\/p>\n<p>Cliqueu a la seg\u00fcent imatge per visualitzar diferents fotos d&#8217;aquest dia. Esperem que us agradin.<\/p>\n<p><a href=\"https:\/\/photos.app.goo.gl\/9quUufMidcTiWdMbA\"><img loading=\"lazy\" decoding=\"async\" class=\"aligncenter wp-image-21387\" src=\"https:\/\/agora.xtec.cat\/ceip-torremiranda-cornella\/wp-content\/uploads\/usu62\/2024\/04\/WhatsApp-Image-2024-04-08-at-10.39.10.jpeg\" alt=\"\" width=\"530\" height=\"447\" srcset=\"https:\/\/agora.xtec.cat\/ceip-torremiranda-cornella\/wp-content\/uploads\/usu62\/2024\/04\/WhatsApp-Image-2024-04-08-at-10.39.10.jpeg 1280w, https:\/\/agora.xtec.cat\/ceip-torremiranda-cornella\/wp-content\/uploads\/usu62\/2024\/04\/WhatsApp-Image-2024-04-08-at-10.39.10-300x253.jpeg 300w, https:\/\/agora.xtec.cat\/ceip-torremiranda-cornella\/wp-content\/uploads\/usu62\/2024\/04\/WhatsApp-Image-2024-04-08-at-10.39.10-1024x864.jpeg 1024w, https:\/\/agora.xtec.cat\/ceip-torremiranda-cornella\/wp-content\/uploads\/usu62\/2024\/04\/WhatsApp-Image-2024-04-08-at-10.39.10-768x648.jpeg 768w\" sizes=\"auto, (max-width: 530px) 100vw, 530px\" \/><\/a><\/p>\n<p>&nbsp;<\/p>\n","protected":false},"excerpt":{"rendered":"<p>El passat divendres vam celebrar a l&#8217;escola el Dia Mundial de l&#8217;Activitat F\u00edsica. Ens vam animar a fer diferents tipus d&#8217;accions per prendre consci\u00e8ncia de la import\u00e0ncia de fer activitat f\u00edsica. Vam fer Zumba dinamitzada per mestres i vam ballar tota l&#8217;estona! Cliqueu a la seg\u00fcent imatge per visualitzar diferents fotos d&#8217;aquest dia. Esperem que [&hellip;]<\/p>\n","protected":false},"author":1,"featured_media":21387,"comment_status":"closed","ping_status":"closed","sticky":false,"template":"","format":"standard","meta":{"_bbp_topic_count":0,"_bbp_reply_count":0,"_bbp_total_topic_count":0,"_bbp_total_reply_count":0,"_bbp_voice_count":0,"_bbp_anonymous_reply_count":0,"_bbp_topic_count_hidden":0,"_bbp_reply_count_hidden":0,"_bbp_forum_subforum_count":0,"site-sidebar-layout":"default","site-content-layout":"","ast-site-content-layout":"","site-content-style":"default","site-sidebar-style":"default","ast-global-header-display":"","ast-banner-title-visibility":"","ast-main-header-display":"","ast-hfb-above-header-display":"","ast-hfb-below-header-display":"","ast-hfb-mobile-header-display":"","site-post-title":"","ast-breadcrumbs-content":"","ast-featured-img":"","footer-sml-layout":"","theme-transparent-header-meta":"","adv-header-id-meta":"","stick-header-meta":"","header-above-stick-meta":"","header-main-stick-meta":"","header-below-stick-meta":"","astra-migrate-meta-layouts":"default","ast-page-background-enabled":"default","ast-page-background-meta":{"desktop":{"background-color":"var(--ast-global-color-4)","background-image":"","background-repeat":"repeat","background-position":"center center","background-size":"auto","background-attachment":"scroll","background-type":"","background-media":"","overlay-type":"","overlay-color":"","overlay-opacity":"","overlay-gradient":""},"tablet":{"background-color":"","background-image":"","background-repeat":"repeat","background-position":"center center","background-size":"auto","background-attachment":"scroll","background-type":"","background-media":"","overlay-type":"","overlay-color":"","overlay-opacity":"","overlay-gradient":""},"mobile":{"background-color":"","background-image":"","background-repeat":"repeat","background-position":"center center","background-size":"auto","background-attachment":"scroll","background-type":"","background-media":"","overlay-type":"","overlay-color":"","overlay-opacity":"","overlay-gradient":""}},"ast-content-background-meta":{"desktop":{"background-color":"var(--ast-global-color-5)","background-image":"","background-repeat":"repeat","background-position":"center center","background-size":"auto","background-attachment":"scroll","background-type":"","background-media":"","overlay-type":"","overlay-color":"","overlay-opacity":"","overlay-gradient":""},"tablet":{"background-color":"var(--ast-global-color-5)","background-image":"","background-repeat":"repeat","background-position":"center center","background-size":"auto","background-attachment":"scroll","background-type":"","background-media":"","overlay-type":"","overlay-color":"","overlay-opacity":"","overlay-gradient":""},"mobile":{"background-color":"var(--ast-global-color-5)","background-image":"","background-repeat":"repeat","background-position":"center center","background-size":"auto","background-attachment":"scroll","background-type":"","background-media":"","overlay-type":"","overlay-color":"","overlay-opacity":"","overlay-gradient":""}},"footnotes":""},"categories":[1,61,2,4,5],"tags":[],"class_list":["post-21386","post","type-post","status-publish","format-standard","has-post-thumbnail","hentry","category-general","category-activitats-comunes-a-tots-els-cursos-de-lescola","category-infantil","category-portada","category-primaria"],"post_mailing_queue_ids":[],"_links":{"self":[{"href":"https:\/\/agora.xtec.cat\/ceip-torremiranda-cornella\/wp-json\/wp\/v2\/posts\/21386","targetHints":{"allow":["GET"]}}],"collection":[{"href":"https:\/\/agora.xtec.cat\/ceip-torremiranda-cornella\/wp-json\/wp\/v2\/posts"}],"about":[{"href":"https:\/\/agora.xtec.cat\/ceip-torremiranda-cornella\/wp-json\/wp\/v2\/types\/post"}],"author":[{"embeddable":true,"href":"https:\/\/agora.xtec.cat\/ceip-torremiranda-cornella\/wp-json\/wp\/v2\/users\/1"}],"replies":[{"embeddable":true,"href":"https:\/\/agora.xtec.cat\/ceip-torremiranda-cornella\/wp-json\/wp\/v2\/comments?post=21386"}],"version-history":[{"count":2,"href":"https:\/\/agora.xtec.cat\/ceip-torremiranda-cornella\/wp-json\/wp\/v2\/posts\/21386\/revisions"}],"predecessor-version":[{"id":21389,"href":"https:\/\/agora.xtec.cat\/ceip-torremiranda-cornella\/wp-json\/wp\/v2\/posts\/21386\/revisions\/21389"}],"wp:featuredmedia":[{"embeddable":true,"href":"https:\/\/agora.xtec.cat\/ceip-torremiranda-cornella\/wp-json\/wp\/v2\/media\/21387"}],"wp:attachment":[{"href":"https:\/\/agora.xtec.cat\/ceip-torremiranda-cornella\/wp-json\/wp\/v2\/media?parent=21386"}],"wp:term":[{"taxonomy":"category","embeddable":true,"href":"https:\/\/agora.xtec.cat\/ceip-torremiranda-cornella\/wp-json\/wp\/v2\/categories?post=21386"},{"taxonomy":"post_tag","embeddable":true,"href":"https:\/\/agora.xtec.cat\/ceip-torremiranda-cornella\/wp-json\/wp\/v2\/tags?post=21386"}],"curies":[{"name":"wp","href":"https:\/\/api.w.org\/{rel}","templated":true}]}}