{"id":19079,"date":"2022-01-27T15:00:47","date_gmt":"2022-01-27T14:00:47","guid":{"rendered":"https:\/\/agora.xtec.cat\/ceip-torremiranda-cornella\/?p=19079"},"modified":"2022-01-27T13:11:24","modified_gmt":"2022-01-27T12:11:24","slug":"cicle-inicial-per-la-pau-i-la-no-violencia","status":"publish","type":"post","link":"https:\/\/agora.xtec.cat\/ceip-torremiranda-cornella\/general\/cicle-inicial-per-la-pau-i-la-no-violencia\/","title":{"rendered":"Cicle Inicial per la Pau i la No viol\u00e8ncia"},"content":{"rendered":"<p>El dia 30 de gener \u00e9s el \ud83d\udd4a\ufe0f \u262e\ufe0f <span style=\"color: #339966;\"><strong>Dia Escolar de la Pau i la No-viol\u00e8ncia \u262e\ufe0f<\/strong><\/span> \ud83d\udd4a\ufe0f i l&#8217;escola ha volgut promoure aquests valors fent part\u00edcips als infants de diferents activitats que convidaven a la reflexi\u00f3. A Cicle Inicial es va partir de la seg\u00fcent pregunta: Si tinguessis un llapis i una goma qu\u00e8 faries? \u2049\ufe0f Pensant en totes aquelles paraules que ens agrada escoltar i les que no ens agrada escoltar tant, v\u00e0rem situar als infants en la possibilitat d&#8217;escollir quines es quedaven en el m\u00f3n i quines, simplement, f\u00e8iem desapar\u00e8ixer. I \u00e9s que els canvis comencen sempre en un mateix. \ud83d\udcaa\ud83d\udcaa\ud83d\udcaa<\/p>\n<p>Us deixem aquest recull de moments perqu\u00e8\u00a0pugueu\u00a0apropar-vos una mica m\u00e9s a aquesta experi\u00e8ncia\u00a0tan\u00a0enriquidora i us convidem a comen\u00e7ar a canviar totes aquelles paraules negatives que us aneu trobant per d&#8217;altres m\u00e9s boniques.<\/p>\n<p><iframe loading=\"lazy\" src=\"https:\/\/drive.google.com\/file\/d\/1yjVFtsDLXj5U1MmH21K5puiYk0U3tJQB\/preview\" width=\"640\" height=\"480\"><\/iframe><\/p>\n","protected":false},"excerpt":{"rendered":"<p>El dia 30 de gener \u00e9s el \ud83d\udd4a\ufe0f \u262e\ufe0f Dia Escolar de la Pau i la No-viol\u00e8ncia \u262e\ufe0f \ud83d\udd4a\ufe0f i l&#8217;escola ha volgut promoure aquests valors fent part\u00edcips als infants de diferents activitats que convidaven a la reflexi\u00f3. A Cicle Inicial es va partir de la seg\u00fcent pregunta: Si tinguessis un llapis i una goma [&hellip;]<\/p>\n","protected":false},"author":1,"featured_media":19081,"comment_status":"closed","ping_status":"closed","sticky":false,"template":"","format":"standard","meta":{"_bbp_topic_count":0,"_bbp_reply_count":0,"_bbp_total_topic_count":0,"_bbp_total_reply_count":0,"_bbp_voice_count":0,"_bbp_anonymous_reply_count":0,"_bbp_topic_count_hidden":0,"_bbp_reply_count_hidden":0,"_bbp_forum_subforum_count":0,"site-sidebar-layout":"default","site-content-layout":"","ast-site-content-layout":"","site-content-style":"default","site-sidebar-style":"default","ast-global-header-display":"","ast-banner-title-visibility":"","ast-main-header-display":"","ast-hfb-above-header-display":"","ast-hfb-below-header-display":"","ast-hfb-mobile-header-display":"","site-post-title":"","ast-breadcrumbs-content":"","ast-featured-img":"","footer-sml-layout":"","theme-transparent-header-meta":"","adv-header-id-meta":"","stick-header-meta":"","header-above-stick-meta":"","header-main-stick-meta":"","header-below-stick-meta":"","astra-migrate-meta-layouts":"default","ast-page-background-enabled":"default","ast-page-background-meta":{"desktop":{"background-color":"var(--ast-global-color-4)","background-image":"","background-repeat":"repeat","background-position":"center center","background-size":"auto","background-attachment":"scroll","background-type":"","background-media":"","overlay-type":"","overlay-color":"","overlay-opacity":"","overlay-gradient":""},"tablet":{"background-color":"","background-image":"","background-repeat":"repeat","background-position":"center center","background-size":"auto","background-attachment":"scroll","background-type":"","background-media":"","overlay-type":"","overlay-color":"","overlay-opacity":"","overlay-gradient":""},"mobile":{"background-color":"","background-image":"","background-repeat":"repeat","background-position":"center center","background-size":"auto","background-attachment":"scroll","background-type":"","background-media":"","overlay-type":"","overlay-color":"","overlay-opacity":"","overlay-gradient":""}},"ast-content-background-meta":{"desktop":{"background-color":"var(--ast-global-color-5)","background-image":"","background-repeat":"repeat","background-position":"center center","background-size":"auto","background-attachment":"scroll","background-type":"","background-media":"","overlay-type":"","overlay-color":"","overlay-opacity":"","overlay-gradient":""},"tablet":{"background-color":"var(--ast-global-color-5)","background-image":"","background-repeat":"repeat","background-position":"center center","background-size":"auto","background-attachment":"scroll","background-type":"","background-media":"","overlay-type":"","overlay-color":"","overlay-opacity":"","overlay-gradient":""},"mobile":{"background-color":"var(--ast-global-color-5)","background-image":"","background-repeat":"repeat","background-position":"center center","background-size":"auto","background-attachment":"scroll","background-type":"","background-media":"","overlay-type":"","overlay-color":"","overlay-opacity":"","overlay-gradient":""}},"footnotes":""},"categories":[10,11,62,1,61,4],"tags":[],"class_list":["post-19079","post","type-post","status-publish","format-standard","has-post-thumbnail","hentry","category-1r","category-2n","category-activitats-realitzades-a-1er-i-a-2n","category-general","category-activitats-comunes-a-tots-els-cursos-de-lescola","category-portada"],"post_mailing_queue_ids":[],"_links":{"self":[{"href":"https:\/\/agora.xtec.cat\/ceip-torremiranda-cornella\/wp-json\/wp\/v2\/posts\/19079","targetHints":{"allow":["GET"]}}],"collection":[{"href":"https:\/\/agora.xtec.cat\/ceip-torremiranda-cornella\/wp-json\/wp\/v2\/posts"}],"about":[{"href":"https:\/\/agora.xtec.cat\/ceip-torremiranda-cornella\/wp-json\/wp\/v2\/types\/post"}],"author":[{"embeddable":true,"href":"https:\/\/agora.xtec.cat\/ceip-torremiranda-cornella\/wp-json\/wp\/v2\/users\/1"}],"replies":[{"embeddable":true,"href":"https:\/\/agora.xtec.cat\/ceip-torremiranda-cornella\/wp-json\/wp\/v2\/comments?post=19079"}],"version-history":[{"count":3,"href":"https:\/\/agora.xtec.cat\/ceip-torremiranda-cornella\/wp-json\/wp\/v2\/posts\/19079\/revisions"}],"predecessor-version":[{"id":19083,"href":"https:\/\/agora.xtec.cat\/ceip-torremiranda-cornella\/wp-json\/wp\/v2\/posts\/19079\/revisions\/19083"}],"wp:featuredmedia":[{"embeddable":true,"href":"https:\/\/agora.xtec.cat\/ceip-torremiranda-cornella\/wp-json\/wp\/v2\/media\/19081"}],"wp:attachment":[{"href":"https:\/\/agora.xtec.cat\/ceip-torremiranda-cornella\/wp-json\/wp\/v2\/media?parent=19079"}],"wp:term":[{"taxonomy":"category","embeddable":true,"href":"https:\/\/agora.xtec.cat\/ceip-torremiranda-cornella\/wp-json\/wp\/v2\/categories?post=19079"},{"taxonomy":"post_tag","embeddable":true,"href":"https:\/\/agora.xtec.cat\/ceip-torremiranda-cornella\/wp-json\/wp\/v2\/tags?post=19079"}],"curies":[{"name":"wp","href":"https:\/\/api.w.org\/{rel}","templated":true}]}}