{"id":17076,"date":"2020-05-25T08:30:35","date_gmt":"2020-05-25T06:30:35","guid":{"rendered":"https:\/\/agora.xtec.cat\/ceip-torremiranda-cornella\/?p=17076"},"modified":"2020-05-24T12:28:15","modified_gmt":"2020-05-24T10:28:15","slug":"contacontes-quatre-petites-cantonades-de-no-res","status":"publish","type":"post","link":"https:\/\/agora.xtec.cat\/ceip-torremiranda-cornella\/general\/contacontes-quatre-petites-cantonades-de-no-res\/","title":{"rendered":"CONTACONTES: Quatre petites cantonades de no res"},"content":{"rendered":"<h5><span style=\"color: #99cc00;\">BON DIA S\u00daPER LECTORS!<\/span><\/h5>\n<p><span style=\"color: #000000;\">Una setmana m\u00e9s us volem desitjar que estigueu feli\u00e7os i amb ganes d&#8217;escoltar un nou conte \ud83d\ude1b<\/span><\/p>\n<p><span style=\"color: #000000;\">Aquesta setmana, la GEMMA ens explica una hist\u00f2ria amb uns protagonistes molt especials&#8230;..<\/span><\/p>\n<h4><\/h4>\n<h4 style=\"text-align: center;\"><span style=\"color: #ff00ff;\"><strong>&#8220;QUATRE PETITES CANTONADES DE NO RES&#8221;<\/strong><\/span><\/h4>\n<h6 style=\"text-align: center;\"><strong>de l&#8217;autor J\u00e9rome Ruillier.<\/strong><\/h6>\n<p>&nbsp;<\/p>\n<h5 style=\"text-align: center;\"><span style=\"color: #99cc00;\">Quatre petites cantonades de no res \u00e9s un llibre que parla de l&#8217;amistat i de la individualitat m\u00e0gica de cadasc\u00fa.<\/span><\/h5>\n<h5><\/h5>\n<p style=\"text-align: center;\"><span style=\"color: #000000;\">&#8220;El petit Quadrat vol jugar a casa dels seus amics els Petits Rodons, per\u00f2 no passa per la porta perqu\u00e8\u0085 La porta \u00e9s rodona com els seus amics! \u00abHaur\u00edem de retallar-te les cantonades!\u00bb, diuen els Petits Rodons. \u00abOh, no! \u0096diu el Petit Quadrat\u0096 Aix\u00f2 em faria massa mal!\u00bb Com ho farem? El Petit Quadrat \u00e9s diferent. Mai no ser\u00e0 rod\u00f3.&#8221;<br \/>\n<\/span><\/p>\n<p>&nbsp;<\/p>\n<p><span style=\"color: #000000;\">Qu\u00e8 passar\u00e0?\u00a0 <\/span><span style=\"color: #000000;\">Teniu ganes d&#8217;escoltar el conte? <span style=\"color: #ff00ff;\"><strong>ENDAVANT!!!<\/strong><\/span><\/span><\/p>\n<p>&nbsp;<\/p>\n<p>https:\/\/youtu.be\/lsu9N3KY8yo<\/p>\n<p>&nbsp;<\/p>\n<h3><\/h3>\n<h3><span style=\"color: #99cc00;\">UNA ABRA\u00c7ADA S\u00daPER FORTA!!!!<\/span><\/h3>\n","protected":false},"excerpt":{"rendered":"<p>BON DIA S\u00daPER LECTORS! Una setmana m\u00e9s us volem desitjar que estigueu feli\u00e7os i amb ganes d&#8217;escoltar un nou conte \ud83d\ude1b Aquesta setmana, la GEMMA ens explica una hist\u00f2ria amb uns protagonistes molt especials&#8230;.. &#8220;QUATRE PETITES CANTONADES DE NO RES&#8221; de l&#8217;autor J\u00e9rome Ruillier. &nbsp; Quatre petites cantonades de no res \u00e9s un llibre que [&hellip;]<\/p>\n","protected":false},"author":1,"featured_media":17077,"comment_status":"closed","ping_status":"closed","sticky":false,"template":"","format":"standard","meta":{"_bbp_topic_count":0,"_bbp_reply_count":0,"_bbp_total_topic_count":0,"_bbp_total_reply_count":0,"_bbp_voice_count":0,"_bbp_anonymous_reply_count":0,"_bbp_topic_count_hidden":0,"_bbp_reply_count_hidden":0,"_bbp_forum_subforum_count":0,"site-sidebar-layout":"default","site-content-layout":"","ast-site-content-layout":"","site-content-style":"default","site-sidebar-style":"default","ast-global-header-display":"","ast-banner-title-visibility":"","ast-main-header-display":"","ast-hfb-above-header-display":"","ast-hfb-below-header-display":"","ast-hfb-mobile-header-display":"","site-post-title":"","ast-breadcrumbs-content":"","ast-featured-img":"","footer-sml-layout":"","theme-transparent-header-meta":"","adv-header-id-meta":"","stick-header-meta":"","header-above-stick-meta":"","header-main-stick-meta":"","header-below-stick-meta":"","astra-migrate-meta-layouts":"default","ast-page-background-enabled":"default","ast-page-background-meta":{"desktop":{"background-color":"var(--ast-global-color-4)","background-image":"","background-repeat":"repeat","background-position":"center center","background-size":"auto","background-attachment":"scroll","background-type":"","background-media":"","overlay-type":"","overlay-color":"","overlay-opacity":"","overlay-gradient":""},"tablet":{"background-color":"","background-image":"","background-repeat":"repeat","background-position":"center center","background-size":"auto","background-attachment":"scroll","background-type":"","background-media":"","overlay-type":"","overlay-color":"","overlay-opacity":"","overlay-gradient":""},"mobile":{"background-color":"","background-image":"","background-repeat":"repeat","background-position":"center center","background-size":"auto","background-attachment":"scroll","background-type":"","background-media":"","overlay-type":"","overlay-color":"","overlay-opacity":"","overlay-gradient":""}},"ast-content-background-meta":{"desktop":{"background-color":"var(--ast-global-color-5)","background-image":"","background-repeat":"repeat","background-position":"center center","background-size":"auto","background-attachment":"scroll","background-type":"","background-media":"","overlay-type":"","overlay-color":"","overlay-opacity":"","overlay-gradient":""},"tablet":{"background-color":"var(--ast-global-color-5)","background-image":"","background-repeat":"repeat","background-position":"center center","background-size":"auto","background-attachment":"scroll","background-type":"","background-media":"","overlay-type":"","overlay-color":"","overlay-opacity":"","overlay-gradient":""},"mobile":{"background-color":"var(--ast-global-color-5)","background-image":"","background-repeat":"repeat","background-position":"center center","background-size":"auto","background-attachment":"scroll","background-type":"","background-media":"","overlay-type":"","overlay-color":"","overlay-opacity":"","overlay-gradient":""}},"footnotes":""},"categories":[85,1,61,4],"tags":[],"class_list":["post-17076","post","type-post","status-publish","format-standard","has-post-thumbnail","hentry","category-noticies-sobre-la-biblioteca-de-lescola","category-general","category-activitats-comunes-a-tots-els-cursos-de-lescola","category-portada"],"post_mailing_queue_ids":[],"_links":{"self":[{"href":"https:\/\/agora.xtec.cat\/ceip-torremiranda-cornella\/wp-json\/wp\/v2\/posts\/17076","targetHints":{"allow":["GET"]}}],"collection":[{"href":"https:\/\/agora.xtec.cat\/ceip-torremiranda-cornella\/wp-json\/wp\/v2\/posts"}],"about":[{"href":"https:\/\/agora.xtec.cat\/ceip-torremiranda-cornella\/wp-json\/wp\/v2\/types\/post"}],"author":[{"embeddable":true,"href":"https:\/\/agora.xtec.cat\/ceip-torremiranda-cornella\/wp-json\/wp\/v2\/users\/1"}],"replies":[{"embeddable":true,"href":"https:\/\/agora.xtec.cat\/ceip-torremiranda-cornella\/wp-json\/wp\/v2\/comments?post=17076"}],"version-history":[{"count":1,"href":"https:\/\/agora.xtec.cat\/ceip-torremiranda-cornella\/wp-json\/wp\/v2\/posts\/17076\/revisions"}],"predecessor-version":[{"id":17078,"href":"https:\/\/agora.xtec.cat\/ceip-torremiranda-cornella\/wp-json\/wp\/v2\/posts\/17076\/revisions\/17078"}],"wp:featuredmedia":[{"embeddable":true,"href":"https:\/\/agora.xtec.cat\/ceip-torremiranda-cornella\/wp-json\/wp\/v2\/media\/17077"}],"wp:attachment":[{"href":"https:\/\/agora.xtec.cat\/ceip-torremiranda-cornella\/wp-json\/wp\/v2\/media?parent=17076"}],"wp:term":[{"taxonomy":"category","embeddable":true,"href":"https:\/\/agora.xtec.cat\/ceip-torremiranda-cornella\/wp-json\/wp\/v2\/categories?post=17076"},{"taxonomy":"post_tag","embeddable":true,"href":"https:\/\/agora.xtec.cat\/ceip-torremiranda-cornella\/wp-json\/wp\/v2\/tags?post=17076"}],"curies":[{"name":"wp","href":"https:\/\/api.w.org\/{rel}","templated":true}]}}