{"id":5546,"date":"2023-05-16T13:04:31","date_gmt":"2023-05-16T11:04:31","guid":{"rendered":"https:\/\/agora.xtec.cat\/ceip-torrebarona-castelldefels\/?p=5546"},"modified":"2023-05-16T13:04:31","modified_gmt":"2023-05-16T11:04:31","slug":"formacio-digital-interna-del-professorat","status":"publish","type":"post","link":"https:\/\/agora.xtec.cat\/ceip-torrebarona-castelldefels\/portada\/formacio-digital-interna-del-professorat\/","title":{"rendered":"Formaci\u00f3 digital interna del professorat"},"content":{"rendered":"<p style=\"text-align: justify;\">Durant tot aquest curs, el professorat del centre ens hem estat formant sobre com treballar i aplicar els objectius i les compet\u00e8ncies digitals amb el nostre alumnat, tot respectant el nou curr\u00edculum educatiu.<\/p>\n<p style=\"text-align: justify;\">Dins d&#8217;aquesta formaci\u00f3, hem rebut la visita del nostre assessor digital del Centre de Recursos Pedag\u00f2gics de Castelldefels per incidir en el treball de la rob\u00f2tica i el llenguatge computacional. Hem conegut nous robots i noves formes de treballar aquests aspectes amb el nostre alumnat.<\/p>\n<p><a href=\"https:\/\/agora.xtec.cat\/ceip-torrebarona-castelldefels\/wp-content\/uploads\/usu1683\/2023\/05\/IMG20230515125145.jpg\"><img loading=\"lazy\" decoding=\"async\" class=\"wp-image-5547 aligncenter\" src=\"https:\/\/agora.xtec.cat\/ceip-torrebarona-castelldefels\/wp-content\/uploads\/usu1683\/2023\/05\/IMG20230515125145.jpg\" alt=\"\" width=\"760\" height=\"570\" srcset=\"https:\/\/agora.xtec.cat\/ceip-torrebarona-castelldefels\/wp-content\/uploads\/usu1683\/2023\/05\/IMG20230515125145.jpg 1000w, https:\/\/agora.xtec.cat\/ceip-torrebarona-castelldefels\/wp-content\/uploads\/usu1683\/2023\/05\/IMG20230515125145-300x225.jpg 300w, https:\/\/agora.xtec.cat\/ceip-torrebarona-castelldefels\/wp-content\/uploads\/usu1683\/2023\/05\/IMG20230515125145-768x576.jpg 768w, https:\/\/agora.xtec.cat\/ceip-torrebarona-castelldefels\/wp-content\/uploads\/usu1683\/2023\/05\/IMG20230515125145-200x150.jpg 200w\" sizes=\"auto, (max-width: 760px) 100vw, 760px\" \/><\/a><\/p>\n","protected":false},"excerpt":{"rendered":"<p>Durant tot aquest curs, el professorat del centre ens hem estat formant sobre com treballar i aplicar els objectius i les compet\u00e8ncies digitals amb el nostre alumnat, tot respectant el nou curr\u00edculum educatiu. Dins d&#8217;aquesta formaci\u00f3, hem rebut la visita del nostre assessor digital del Centre de Recursos Pedag\u00f2gics de Castelldefels per incidir en el [&hellip;]<\/p>\n","protected":false},"author":1,"featured_media":5547,"comment_status":"closed","ping_status":"closed","sticky":false,"template":"","format":"standard","meta":{"_bbp_topic_count":0,"_bbp_reply_count":0,"_bbp_total_topic_count":0,"_bbp_total_reply_count":0,"_bbp_voice_count":0,"_bbp_anonymous_reply_count":0,"_bbp_topic_count_hidden":0,"_bbp_reply_count_hidden":0,"_bbp_forum_subforum_count":0,"site-sidebar-layout":"default","site-content-layout":"","ast-site-content-layout":"","site-content-style":"default","site-sidebar-style":"default","ast-global-header-display":"","ast-banner-title-visibility":"","ast-main-header-display":"","ast-hfb-above-header-display":"","ast-hfb-below-header-display":"","ast-hfb-mobile-header-display":"","site-post-title":"","ast-breadcrumbs-content":"","ast-featured-img":"","footer-sml-layout":"","theme-transparent-header-meta":"","adv-header-id-meta":"","stick-header-meta":"","header-above-stick-meta":"","header-main-stick-meta":"","header-below-stick-meta":"","astra-migrate-meta-layouts":"default","ast-page-background-enabled":"default","ast-page-background-meta":{"desktop":{"background-color":"var(--ast-global-color-4)","background-image":"","background-repeat":"repeat","background-position":"center center","background-size":"auto","background-attachment":"scroll","background-type":"","background-media":"","overlay-type":"","overlay-color":"","overlay-opacity":"","overlay-gradient":""},"tablet":{"background-color":"","background-image":"","background-repeat":"repeat","background-position":"center center","background-size":"auto","background-attachment":"scroll","background-type":"","background-media":"","overlay-type":"","overlay-color":"","overlay-opacity":"","overlay-gradient":""},"mobile":{"background-color":"","background-image":"","background-repeat":"repeat","background-position":"center center","background-size":"auto","background-attachment":"scroll","background-type":"","background-media":"","overlay-type":"","overlay-color":"","overlay-opacity":"","overlay-gradient":""}},"ast-content-background-meta":{"desktop":{"background-color":"var(--ast-global-color-5)","background-image":"","background-repeat":"repeat","background-position":"center center","background-size":"auto","background-attachment":"scroll","background-type":"","background-media":"","overlay-type":"","overlay-color":"","overlay-opacity":"","overlay-gradient":""},"tablet":{"background-color":"var(--ast-global-color-5)","background-image":"","background-repeat":"repeat","background-position":"center center","background-size":"auto","background-attachment":"scroll","background-type":"","background-media":"","overlay-type":"","overlay-color":"","overlay-opacity":"","overlay-gradient":""},"mobile":{"background-color":"var(--ast-global-color-5)","background-image":"","background-repeat":"repeat","background-position":"center center","background-size":"auto","background-attachment":"scroll","background-type":"","background-media":"","overlay-type":"","overlay-color":"","overlay-opacity":"","overlay-gradient":""}},"footnotes":""},"categories":[70,4],"tags":[],"class_list":["post-5546","post","type-post","status-publish","format-standard","has-post-thumbnail","hentry","category-edc","category-portada"],"post_mailing_queue_ids":[],"_links":{"self":[{"href":"https:\/\/agora.xtec.cat\/ceip-torrebarona-castelldefels\/wp-json\/wp\/v2\/posts\/5546","targetHints":{"allow":["GET"]}}],"collection":[{"href":"https:\/\/agora.xtec.cat\/ceip-torrebarona-castelldefels\/wp-json\/wp\/v2\/posts"}],"about":[{"href":"https:\/\/agora.xtec.cat\/ceip-torrebarona-castelldefels\/wp-json\/wp\/v2\/types\/post"}],"author":[{"embeddable":true,"href":"https:\/\/agora.xtec.cat\/ceip-torrebarona-castelldefels\/wp-json\/wp\/v2\/users\/1"}],"replies":[{"embeddable":true,"href":"https:\/\/agora.xtec.cat\/ceip-torrebarona-castelldefels\/wp-json\/wp\/v2\/comments?post=5546"}],"version-history":[{"count":1,"href":"https:\/\/agora.xtec.cat\/ceip-torrebarona-castelldefels\/wp-json\/wp\/v2\/posts\/5546\/revisions"}],"predecessor-version":[{"id":5548,"href":"https:\/\/agora.xtec.cat\/ceip-torrebarona-castelldefels\/wp-json\/wp\/v2\/posts\/5546\/revisions\/5548"}],"wp:featuredmedia":[{"embeddable":true,"href":"https:\/\/agora.xtec.cat\/ceip-torrebarona-castelldefels\/wp-json\/wp\/v2\/media\/5547"}],"wp:attachment":[{"href":"https:\/\/agora.xtec.cat\/ceip-torrebarona-castelldefels\/wp-json\/wp\/v2\/media?parent=5546"}],"wp:term":[{"taxonomy":"category","embeddable":true,"href":"https:\/\/agora.xtec.cat\/ceip-torrebarona-castelldefels\/wp-json\/wp\/v2\/categories?post=5546"},{"taxonomy":"post_tag","embeddable":true,"href":"https:\/\/agora.xtec.cat\/ceip-torrebarona-castelldefels\/wp-json\/wp\/v2\/tags?post=5546"}],"curies":[{"name":"wp","href":"https:\/\/api.w.org\/{rel}","templated":true}]}}