{"id":4823,"date":"2022-05-06T09:33:40","date_gmt":"2022-05-06T07:33:40","guid":{"rendered":"https:\/\/agora.xtec.cat\/ceip-torrebarona-castelldefels\/?p=4823"},"modified":"2022-05-09T12:45:30","modified_gmt":"2022-05-09T10:45:30","slug":"colonies-5e-3","status":"publish","type":"post","link":"https:\/\/agora.xtec.cat\/ceip-torrebarona-castelldefels\/portada\/colonies-5e-3\/","title":{"rendered":"Col\u00f2nies 5\u00e8"},"content":{"rendered":"<p style=\"text-align: justify;\">Els nens i nenes de 5\u00e8 van gaudir d&#8217;unes col\u00f2nies en llengua anglesa els dies 20, 21 i 22 d&#8217;abril a Mas Llop, Caldes de Malavella. Va ser una experi\u00e8ncia inoblidable per tots ells, ja que van fer moltes activitats divertides i van gaudir molt de totes les instal\u00b7lacions. L&#8217;angl\u00e8s va ser la llengua vehicular durant tota l&#8217;estada, potenciant la comunicaci\u00f3 oral dels alumnes. We enjoyed it a lot!<\/p>\n<p style=\"text-align: justify;\">Podeu veure les fotos a l\u2019apartat de FOTOS de la web (podeu accedir directament clicant la imatge seg\u00fcent).<\/p>\n<p><a href=\"https:\/\/agora.xtec.cat\/ceip-torrebarona-castelldefels\/fotos\/\"><img loading=\"lazy\" decoding=\"async\" class=\"wp-image-4821 aligncenter\" src=\"https:\/\/agora.xtec.cat\/ceip-torrebarona-castelldefels\/wp-content\/uploads\/usu1683\/2022\/05\/076182e3-9f22-4ac1-a947-24882ee10f39-e1651821731692-951x1024.jpg\" alt=\"\" width=\"615\" height=\"662\" srcset=\"https:\/\/agora.xtec.cat\/ceip-torrebarona-castelldefels\/wp-content\/uploads\/usu1683\/2022\/05\/076182e3-9f22-4ac1-a947-24882ee10f39-e1651821731692-951x1024.jpg 951w, https:\/\/agora.xtec.cat\/ceip-torrebarona-castelldefels\/wp-content\/uploads\/usu1683\/2022\/05\/076182e3-9f22-4ac1-a947-24882ee10f39-e1651821731692-279x300.jpg 279w, https:\/\/agora.xtec.cat\/ceip-torrebarona-castelldefels\/wp-content\/uploads\/usu1683\/2022\/05\/076182e3-9f22-4ac1-a947-24882ee10f39-e1651821731692-768x827.jpg 768w, https:\/\/agora.xtec.cat\/ceip-torrebarona-castelldefels\/wp-content\/uploads\/usu1683\/2022\/05\/076182e3-9f22-4ac1-a947-24882ee10f39-e1651821731692.jpg 1192w\" sizes=\"auto, (max-width: 615px) 100vw, 615px\" \/><\/a><\/p>\n<p style=\"text-align: justify;\">\n","protected":false},"excerpt":{"rendered":"<p>Els nens i nenes de 5\u00e8 van gaudir d&#8217;unes col\u00f2nies en llengua anglesa els dies 20, 21 i 22 d&#8217;abril a Mas Llop, Caldes de Malavella. Va ser una experi\u00e8ncia inoblidable per tots ells, ja que van fer moltes activitats divertides i van gaudir molt de totes les instal\u00b7lacions. L&#8217;angl\u00e8s va ser la llengua vehicular [&hellip;]<\/p>\n","protected":false},"author":14,"featured_media":4821,"comment_status":"closed","ping_status":"closed","sticky":false,"template":"","format":"standard","meta":{"_bbp_topic_count":0,"_bbp_reply_count":0,"_bbp_total_topic_count":0,"_bbp_total_reply_count":0,"_bbp_voice_count":0,"_bbp_anonymous_reply_count":0,"_bbp_topic_count_hidden":0,"_bbp_reply_count_hidden":0,"_bbp_forum_subforum_count":0,"site-sidebar-layout":"default","site-content-layout":"","ast-site-content-layout":"","site-content-style":"default","site-sidebar-style":"default","ast-global-header-display":"","ast-banner-title-visibility":"","ast-main-header-display":"","ast-hfb-above-header-display":"","ast-hfb-below-header-display":"","ast-hfb-mobile-header-display":"","site-post-title":"","ast-breadcrumbs-content":"","ast-featured-img":"","footer-sml-layout":"","theme-transparent-header-meta":"","adv-header-id-meta":"","stick-header-meta":"","header-above-stick-meta":"","header-main-stick-meta":"","header-below-stick-meta":"","astra-migrate-meta-layouts":"default","ast-page-background-enabled":"default","ast-page-background-meta":{"desktop":{"background-color":"var(--ast-global-color-4)","background-image":"","background-repeat":"repeat","background-position":"center center","background-size":"auto","background-attachment":"scroll","background-type":"","background-media":"","overlay-type":"","overlay-color":"","overlay-opacity":"","overlay-gradient":""},"tablet":{"background-color":"","background-image":"","background-repeat":"repeat","background-position":"center center","background-size":"auto","background-attachment":"scroll","background-type":"","background-media":"","overlay-type":"","overlay-color":"","overlay-opacity":"","overlay-gradient":""},"mobile":{"background-color":"","background-image":"","background-repeat":"repeat","background-position":"center center","background-size":"auto","background-attachment":"scroll","background-type":"","background-media":"","overlay-type":"","overlay-color":"","overlay-opacity":"","overlay-gradient":""}},"ast-content-background-meta":{"desktop":{"background-color":"var(--ast-global-color-5)","background-image":"","background-repeat":"repeat","background-position":"center center","background-size":"auto","background-attachment":"scroll","background-type":"","background-media":"","overlay-type":"","overlay-color":"","overlay-opacity":"","overlay-gradient":""},"tablet":{"background-color":"var(--ast-global-color-5)","background-image":"","background-repeat":"repeat","background-position":"center center","background-size":"auto","background-attachment":"scroll","background-type":"","background-media":"","overlay-type":"","overlay-color":"","overlay-opacity":"","overlay-gradient":""},"mobile":{"background-color":"var(--ast-global-color-5)","background-image":"","background-repeat":"repeat","background-position":"center center","background-size":"auto","background-attachment":"scroll","background-type":"","background-media":"","overlay-type":"","overlay-color":"","overlay-opacity":"","overlay-gradient":""}},"footnotes":""},"categories":[4],"tags":[],"class_list":["post-4823","post","type-post","status-publish","format-standard","has-post-thumbnail","hentry","category-portada"],"post_mailing_queue_ids":[],"_links":{"self":[{"href":"https:\/\/agora.xtec.cat\/ceip-torrebarona-castelldefels\/wp-json\/wp\/v2\/posts\/4823","targetHints":{"allow":["GET"]}}],"collection":[{"href":"https:\/\/agora.xtec.cat\/ceip-torrebarona-castelldefels\/wp-json\/wp\/v2\/posts"}],"about":[{"href":"https:\/\/agora.xtec.cat\/ceip-torrebarona-castelldefels\/wp-json\/wp\/v2\/types\/post"}],"author":[{"embeddable":true,"href":"https:\/\/agora.xtec.cat\/ceip-torrebarona-castelldefels\/wp-json\/wp\/v2\/users\/14"}],"replies":[{"embeddable":true,"href":"https:\/\/agora.xtec.cat\/ceip-torrebarona-castelldefels\/wp-json\/wp\/v2\/comments?post=4823"}],"version-history":[{"count":3,"href":"https:\/\/agora.xtec.cat\/ceip-torrebarona-castelldefels\/wp-json\/wp\/v2\/posts\/4823\/revisions"}],"predecessor-version":[{"id":4826,"href":"https:\/\/agora.xtec.cat\/ceip-torrebarona-castelldefels\/wp-json\/wp\/v2\/posts\/4823\/revisions\/4826"}],"wp:featuredmedia":[{"embeddable":true,"href":"https:\/\/agora.xtec.cat\/ceip-torrebarona-castelldefels\/wp-json\/wp\/v2\/media\/4821"}],"wp:attachment":[{"href":"https:\/\/agora.xtec.cat\/ceip-torrebarona-castelldefels\/wp-json\/wp\/v2\/media?parent=4823"}],"wp:term":[{"taxonomy":"category","embeddable":true,"href":"https:\/\/agora.xtec.cat\/ceip-torrebarona-castelldefels\/wp-json\/wp\/v2\/categories?post=4823"},{"taxonomy":"post_tag","embeddable":true,"href":"https:\/\/agora.xtec.cat\/ceip-torrebarona-castelldefels\/wp-json\/wp\/v2\/tags?post=4823"}],"curies":[{"name":"wp","href":"https:\/\/api.w.org\/{rel}","templated":true}]}}