{"id":3640,"date":"2021-02-05T12:21:46","date_gmt":"2021-02-05T11:21:46","guid":{"rendered":"http:\/\/agora.xtec.cat\/ceip-torrebarona-castelldefels\/?p=3640"},"modified":"2021-03-15T12:55:21","modified_gmt":"2021-03-15T11:55:21","slug":"portes-obertes-3","status":"publish","type":"post","link":"https:\/\/agora.xtec.cat\/ceip-torrebarona-castelldefels\/portada\/portes-obertes-3\/","title":{"rendered":"PORTES OBERTES"},"content":{"rendered":"<h4 style=\"text-align: center;\"><span style=\"text-decoration: underline;\">PORTES OBERTES PRESENCIALS<\/span><\/h4>\n<h6 style=\"text-align: center;\"><strong><em>Divendres 12\/03 a les 16:35h., 17:35h. o 18:35h.<\/em><\/strong><\/h6>\n<p style=\"text-align: center;\">Si voleu venir a les portes obertes presencials cliqueu al seg\u00fcent enlla\u00e7 per reservar cita:<\/p>\n<p style=\"text-align: center;\"><strong><em><a href=\"https:\/\/aplicacions.gestioeducativa.gencat.cat\/pls\/apex\/f?p=CITA_PREVIA:4::::4:P4_TIPUS_CALENDARI,P4_DOMINI:01_JPO_O,08037929\" target=\"_blank\" rel=\"noopener noreferrer\">RESERVAR CITA<\/a><\/em><\/strong><\/p>\n<p style=\"text-align: center;\">Es faran tres torns d\u2019una hora de durada, en grups de 10 persones com a m\u00e0xim tal com marquen les instruccions del Departament.<\/p>\n<p style=\"text-align: center;\">Cal fer reserva per cadascuna de les persones que hi vinguin.<\/p>\n<p style=\"text-align: center;\">Recordeu que si no podeu assistir us atendrem individualment amb cita pr\u00e8via.<\/p>\n<h4 style=\"text-align: center;\"><span style=\"text-decoration: underline;\">PORTES OBERTES ONLINE<\/span><\/h4>\n<h6 style=\"text-align: center;\"><strong><em>Dijous 11\/03 a les 10:00h. i a les 15:30h.<\/em><\/strong><\/h6>\n<p style=\"text-align: center;\">Contacteu amb l&#8217;escola per facilitar la vostra adre\u00e7a electr\u00f2nica i us enviarem el link de la reuni\u00f3.<\/p>\n<p><a href=\"https:\/\/agora.xtec.cat\/ceip-torrebarona-castelldefels\/wp-content\/uploads\/usu1683\/2021\/02\/93_page-0001.jpg\"><img loading=\"lazy\" decoding=\"async\" class=\"wp-image-3643 aligncenter\" src=\"https:\/\/agora.xtec.cat\/ceip-torrebarona-castelldefels\/wp-content\/uploads\/usu1683\/2021\/02\/93_page-0001.jpg\" alt=\"\" width=\"388\" height=\"98\" srcset=\"https:\/\/agora.xtec.cat\/ceip-torrebarona-castelldefels\/wp-content\/uploads\/usu1683\/2021\/02\/93_page-0001.jpg 621w, https:\/\/agora.xtec.cat\/ceip-torrebarona-castelldefels\/wp-content\/uploads\/usu1683\/2021\/02\/93_page-0001-300x76.jpg 300w\" sizes=\"auto, (max-width: 388px) 100vw, 388px\" \/><\/a><\/p>\n","protected":false},"excerpt":{"rendered":"<p>PORTES OBERTES PRESENCIALS Divendres 12\/03 a les 16:35h., 17:35h. o 18:35h. Si voleu venir a les portes obertes presencials cliqueu al seg\u00fcent enlla\u00e7 per reservar cita: RESERVAR CITA Es faran tres torns d\u2019una hora de durada, en grups de 10 persones com a m\u00e0xim tal com marquen les instruccions del Departament. Cal fer reserva per [&hellip;]<\/p>\n","protected":false},"author":1,"featured_media":0,"comment_status":"closed","ping_status":"closed","sticky":false,"template":"","format":"standard","meta":{"_bbp_topic_count":0,"_bbp_reply_count":0,"_bbp_total_topic_count":0,"_bbp_total_reply_count":0,"_bbp_voice_count":0,"_bbp_anonymous_reply_count":0,"_bbp_topic_count_hidden":0,"_bbp_reply_count_hidden":0,"_bbp_forum_subforum_count":0,"site-sidebar-layout":"default","site-content-layout":"","ast-site-content-layout":"","site-content-style":"default","site-sidebar-style":"default","ast-global-header-display":"","ast-banner-title-visibility":"","ast-main-header-display":"","ast-hfb-above-header-display":"","ast-hfb-below-header-display":"","ast-hfb-mobile-header-display":"","site-post-title":"","ast-breadcrumbs-content":"","ast-featured-img":"","footer-sml-layout":"","theme-transparent-header-meta":"","adv-header-id-meta":"","stick-header-meta":"","header-above-stick-meta":"","header-main-stick-meta":"","header-below-stick-meta":"","astra-migrate-meta-layouts":"default","ast-page-background-enabled":"default","ast-page-background-meta":{"desktop":{"background-color":"var(--ast-global-color-4)","background-image":"","background-repeat":"repeat","background-position":"center center","background-size":"auto","background-attachment":"scroll","background-type":"","background-media":"","overlay-type":"","overlay-color":"","overlay-opacity":"","overlay-gradient":""},"tablet":{"background-color":"","background-image":"","background-repeat":"repeat","background-position":"center center","background-size":"auto","background-attachment":"scroll","background-type":"","background-media":"","overlay-type":"","overlay-color":"","overlay-opacity":"","overlay-gradient":""},"mobile":{"background-color":"","background-image":"","background-repeat":"repeat","background-position":"center center","background-size":"auto","background-attachment":"scroll","background-type":"","background-media":"","overlay-type":"","overlay-color":"","overlay-opacity":"","overlay-gradient":""}},"ast-content-background-meta":{"desktop":{"background-color":"var(--ast-global-color-5)","background-image":"","background-repeat":"repeat","background-position":"center center","background-size":"auto","background-attachment":"scroll","background-type":"","background-media":"","overlay-type":"","overlay-color":"","overlay-opacity":"","overlay-gradient":""},"tablet":{"background-color":"var(--ast-global-color-5)","background-image":"","background-repeat":"repeat","background-position":"center center","background-size":"auto","background-attachment":"scroll","background-type":"","background-media":"","overlay-type":"","overlay-color":"","overlay-opacity":"","overlay-gradient":""},"mobile":{"background-color":"var(--ast-global-color-5)","background-image":"","background-repeat":"repeat","background-position":"center center","background-size":"auto","background-attachment":"scroll","background-type":"","background-media":"","overlay-type":"","overlay-color":"","overlay-opacity":"","overlay-gradient":""}},"footnotes":""},"categories":[4],"tags":[],"class_list":["post-3640","post","type-post","status-publish","format-standard","hentry","category-portada"],"post_mailing_queue_ids":[],"_links":{"self":[{"href":"https:\/\/agora.xtec.cat\/ceip-torrebarona-castelldefels\/wp-json\/wp\/v2\/posts\/3640","targetHints":{"allow":["GET"]}}],"collection":[{"href":"https:\/\/agora.xtec.cat\/ceip-torrebarona-castelldefels\/wp-json\/wp\/v2\/posts"}],"about":[{"href":"https:\/\/agora.xtec.cat\/ceip-torrebarona-castelldefels\/wp-json\/wp\/v2\/types\/post"}],"author":[{"embeddable":true,"href":"https:\/\/agora.xtec.cat\/ceip-torrebarona-castelldefels\/wp-json\/wp\/v2\/users\/1"}],"replies":[{"embeddable":true,"href":"https:\/\/agora.xtec.cat\/ceip-torrebarona-castelldefels\/wp-json\/wp\/v2\/comments?post=3640"}],"version-history":[{"count":3,"href":"https:\/\/agora.xtec.cat\/ceip-torrebarona-castelldefels\/wp-json\/wp\/v2\/posts\/3640\/revisions"}],"predecessor-version":[{"id":3758,"href":"https:\/\/agora.xtec.cat\/ceip-torrebarona-castelldefels\/wp-json\/wp\/v2\/posts\/3640\/revisions\/3758"}],"wp:attachment":[{"href":"https:\/\/agora.xtec.cat\/ceip-torrebarona-castelldefels\/wp-json\/wp\/v2\/media?parent=3640"}],"wp:term":[{"taxonomy":"category","embeddable":true,"href":"https:\/\/agora.xtec.cat\/ceip-torrebarona-castelldefels\/wp-json\/wp\/v2\/categories?post=3640"},{"taxonomy":"post_tag","embeddable":true,"href":"https:\/\/agora.xtec.cat\/ceip-torrebarona-castelldefels\/wp-json\/wp\/v2\/tags?post=3640"}],"curies":[{"name":"wp","href":"https:\/\/api.w.org\/{rel}","templated":true}]}}