{"id":3450,"date":"2020-12-03T13:20:34","date_gmt":"2020-12-03T12:20:34","guid":{"rendered":"http:\/\/agora.xtec.cat\/ceip-torrebarona-castelldefels\/?p=3450"},"modified":"2020-12-03T13:20:34","modified_gmt":"2020-12-03T12:20:34","slug":"science-experiment","status":"publish","type":"post","link":"https:\/\/agora.xtec.cat\/ceip-torrebarona-castelldefels\/portada\/science-experiment\/","title":{"rendered":"Science Experiment"},"content":{"rendered":"<p style=\"text-align: justify\">Avui a la classe de <strong>Science<\/strong>, els nens i nenes de 5\u00e8\u00a0<span class=\"hiddenGrammarError\">hem<\/span>\u00a0realitzat\u00a0un experiment molt interessant on extraiem la\u00a0<span class=\"hiddenSpellError\">Chlorophyll<\/span> de les fulles. Per poder-ho fer, hem agafat unes fulles de l&#8217;hort de l&#8217;escola (sense fer malb\u00e9 l&#8217;arbre, clar!) i a continuaci\u00f3 les hem tallat en trossets petits. Despr\u00e9s la nostra mestra ha afegit l&#8217;alcohol i hem hagut d&#8217;esperar uns minuts per veure el resultat final. Com que est\u00e0vem molt interessats i interessades per veure si aquest fenomen passava a les flors, hem agafat unes quantes de l&#8217;hort per veure qu\u00e8 passava. Aqu\u00ed teniu el resultat! <span class=\"hiddenGrammarError\">S&#8217;atreviu<\/span>\u00a0a provar-ho a casa? ENDAVANT!<a href=\"https:\/\/agora.xtec.cat\/ceip-torrebarona-castelldefels\/wp-content\/uploads\/usu1683\/2020\/12\/IMG_9645.jpg\"><br \/>\n<img loading=\"lazy\" decoding=\"async\" class=\"aligncenter wp-image-3451\" src=\"https:\/\/agora.xtec.cat\/ceip-torrebarona-castelldefels\/wp-content\/uploads\/usu1683\/2020\/12\/IMG_9645.jpg\" alt=\"\" width=\"348\" height=\"464\" srcset=\"https:\/\/agora.xtec.cat\/ceip-torrebarona-castelldefels\/wp-content\/uploads\/usu1683\/2020\/12\/IMG_9645.jpg 480w, https:\/\/agora.xtec.cat\/ceip-torrebarona-castelldefels\/wp-content\/uploads\/usu1683\/2020\/12\/IMG_9645-225x300.jpg 225w\" sizes=\"auto, (max-width: 348px) 100vw, 348px\" \/><\/a><\/p>\n","protected":false},"excerpt":{"rendered":"<p>Avui a la classe de Science, els nens i nenes de 5\u00e8\u00a0hem\u00a0realitzat\u00a0un experiment molt interessant on extraiem la\u00a0Chlorophyll de les fulles. Per poder-ho fer, hem agafat unes fulles de l&#8217;hort de l&#8217;escola (sense fer malb\u00e9 l&#8217;arbre, clar!) i a continuaci\u00f3 les hem tallat en trossets petits. Despr\u00e9s la nostra mestra ha afegit l&#8217;alcohol i hem [&hellip;]<\/p>\n","protected":false},"author":14,"featured_media":3451,"comment_status":"closed","ping_status":"closed","sticky":false,"template":"","format":"standard","meta":{"_bbp_topic_count":0,"_bbp_reply_count":0,"_bbp_total_topic_count":0,"_bbp_total_reply_count":0,"_bbp_voice_count":0,"_bbp_anonymous_reply_count":0,"_bbp_topic_count_hidden":0,"_bbp_reply_count_hidden":0,"_bbp_forum_subforum_count":0,"site-sidebar-layout":"default","site-content-layout":"","ast-site-content-layout":"","site-content-style":"default","site-sidebar-style":"default","ast-global-header-display":"","ast-banner-title-visibility":"","ast-main-header-display":"","ast-hfb-above-header-display":"","ast-hfb-below-header-display":"","ast-hfb-mobile-header-display":"","site-post-title":"","ast-breadcrumbs-content":"","ast-featured-img":"","footer-sml-layout":"","theme-transparent-header-meta":"","adv-header-id-meta":"","stick-header-meta":"","header-above-stick-meta":"","header-main-stick-meta":"","header-below-stick-meta":"","astra-migrate-meta-layouts":"default","ast-page-background-enabled":"default","ast-page-background-meta":{"desktop":{"background-color":"var(--ast-global-color-4)","background-image":"","background-repeat":"repeat","background-position":"center center","background-size":"auto","background-attachment":"scroll","background-type":"","background-media":"","overlay-type":"","overlay-color":"","overlay-opacity":"","overlay-gradient":""},"tablet":{"background-color":"","background-image":"","background-repeat":"repeat","background-position":"center center","background-size":"auto","background-attachment":"scroll","background-type":"","background-media":"","overlay-type":"","overlay-color":"","overlay-opacity":"","overlay-gradient":""},"mobile":{"background-color":"","background-image":"","background-repeat":"repeat","background-position":"center center","background-size":"auto","background-attachment":"scroll","background-type":"","background-media":"","overlay-type":"","overlay-color":"","overlay-opacity":"","overlay-gradient":""}},"ast-content-background-meta":{"desktop":{"background-color":"var(--ast-global-color-5)","background-image":"","background-repeat":"repeat","background-position":"center center","background-size":"auto","background-attachment":"scroll","background-type":"","background-media":"","overlay-type":"","overlay-color":"","overlay-opacity":"","overlay-gradient":""},"tablet":{"background-color":"var(--ast-global-color-5)","background-image":"","background-repeat":"repeat","background-position":"center center","background-size":"auto","background-attachment":"scroll","background-type":"","background-media":"","overlay-type":"","overlay-color":"","overlay-opacity":"","overlay-gradient":""},"mobile":{"background-color":"var(--ast-global-color-5)","background-image":"","background-repeat":"repeat","background-position":"center center","background-size":"auto","background-attachment":"scroll","background-type":"","background-media":"","overlay-type":"","overlay-color":"","overlay-opacity":"","overlay-gradient":""}},"footnotes":""},"categories":[4],"tags":[],"class_list":["post-3450","post","type-post","status-publish","format-standard","has-post-thumbnail","hentry","category-portada"],"post_mailing_queue_ids":[],"_links":{"self":[{"href":"https:\/\/agora.xtec.cat\/ceip-torrebarona-castelldefels\/wp-json\/wp\/v2\/posts\/3450","targetHints":{"allow":["GET"]}}],"collection":[{"href":"https:\/\/agora.xtec.cat\/ceip-torrebarona-castelldefels\/wp-json\/wp\/v2\/posts"}],"about":[{"href":"https:\/\/agora.xtec.cat\/ceip-torrebarona-castelldefels\/wp-json\/wp\/v2\/types\/post"}],"author":[{"embeddable":true,"href":"https:\/\/agora.xtec.cat\/ceip-torrebarona-castelldefels\/wp-json\/wp\/v2\/users\/14"}],"replies":[{"embeddable":true,"href":"https:\/\/agora.xtec.cat\/ceip-torrebarona-castelldefels\/wp-json\/wp\/v2\/comments?post=3450"}],"version-history":[{"count":1,"href":"https:\/\/agora.xtec.cat\/ceip-torrebarona-castelldefels\/wp-json\/wp\/v2\/posts\/3450\/revisions"}],"predecessor-version":[{"id":3452,"href":"https:\/\/agora.xtec.cat\/ceip-torrebarona-castelldefels\/wp-json\/wp\/v2\/posts\/3450\/revisions\/3452"}],"wp:featuredmedia":[{"embeddable":true,"href":"https:\/\/agora.xtec.cat\/ceip-torrebarona-castelldefels\/wp-json\/wp\/v2\/media\/3451"}],"wp:attachment":[{"href":"https:\/\/agora.xtec.cat\/ceip-torrebarona-castelldefels\/wp-json\/wp\/v2\/media?parent=3450"}],"wp:term":[{"taxonomy":"category","embeddable":true,"href":"https:\/\/agora.xtec.cat\/ceip-torrebarona-castelldefels\/wp-json\/wp\/v2\/categories?post=3450"},{"taxonomy":"post_tag","embeddable":true,"href":"https:\/\/agora.xtec.cat\/ceip-torrebarona-castelldefels\/wp-json\/wp\/v2\/tags?post=3450"}],"curies":[{"name":"wp","href":"https:\/\/api.w.org\/{rel}","templated":true}]}}