{"id":2866,"date":"2020-01-23T20:34:30","date_gmt":"2020-01-23T19:34:30","guid":{"rendered":"http:\/\/agora.xtec.cat\/ceip-torrebarona-castelldefels\/?p=2866"},"modified":"2020-01-24T10:21:23","modified_gmt":"2020-01-24T09:21:23","slug":"realitat-augmentada-a-science","status":"publish","type":"post","link":"https:\/\/agora.xtec.cat\/ceip-torrebarona-castelldefels\/portada\/realitat-augmentada-a-science\/","title":{"rendered":"Realitat Augmentada a Science"},"content":{"rendered":"<p style=\"text-align: justify;\">Durant el primer trimestre els i les alumnes de 5\u00e8 hem estat treballant el m\u00f3n de les plantes a l&#8217;assignatura de SCIENCE. Gr\u00e0cies a l&#8217;hort que tenim a l&#8217;escola, hem pogut observar les diferents parts de les plantes, les seves car\u00e0cteristiques, el seu creixement i com tenir-ne cura. Per\u00f2, a m\u00e9s a m\u00e9s, amb l&#8217;\u00fas de les noves tecnologies, hem realitzat una activitat de realitat augmentada, on hav\u00edem de seleccionar el que necessita una planta per cr\u00e9ixer satisfact\u00f2riament. Si escoll\u00edem les opcions correctament, la planta anava creixent mica en mica.<\/p>\n<p><a href=\"https:\/\/agora.xtec.cat\/ceip-torrebarona-castelldefels\/wp-content\/uploads\/usu1683\/2020\/01\/IMG_5834.jpg\"><img loading=\"lazy\" decoding=\"async\" class=\"wp-image-2867 aligncenter\" src=\"https:\/\/agora.xtec.cat\/ceip-torrebarona-castelldefels\/wp-content\/uploads\/usu1683\/2020\/01\/IMG_5834-e1579807402512-1024x729.jpg\" alt=\"\" width=\"577\" height=\"411\" srcset=\"https:\/\/agora.xtec.cat\/ceip-torrebarona-castelldefels\/wp-content\/uploads\/usu1683\/2020\/01\/IMG_5834-e1579807402512-1024x729.jpg 1024w, https:\/\/agora.xtec.cat\/ceip-torrebarona-castelldefels\/wp-content\/uploads\/usu1683\/2020\/01\/IMG_5834-e1579807402512-300x214.jpg 300w, https:\/\/agora.xtec.cat\/ceip-torrebarona-castelldefels\/wp-content\/uploads\/usu1683\/2020\/01\/IMG_5834-e1579807402512-768x547.jpg 768w, https:\/\/agora.xtec.cat\/ceip-torrebarona-castelldefels\/wp-content\/uploads\/usu1683\/2020\/01\/IMG_5834-e1579807402512.jpg 1819w\" sizes=\"auto, (max-width: 577px) 100vw, 577px\" \/><\/a><\/p>\n","protected":false},"excerpt":{"rendered":"<p>Durant el primer trimestre els i les alumnes de 5\u00e8 hem estat treballant el m\u00f3n de les plantes a l&#8217;assignatura de SCIENCE. Gr\u00e0cies a l&#8217;hort que tenim a l&#8217;escola, hem pogut observar les diferents parts de les plantes, les seves car\u00e0cteristiques, el seu creixement i com tenir-ne cura. Per\u00f2, a m\u00e9s a m\u00e9s, amb l&#8217;\u00fas [&hellip;]<\/p>\n","protected":false},"author":14,"featured_media":2867,"comment_status":"closed","ping_status":"closed","sticky":false,"template":"","format":"standard","meta":{"_bbp_topic_count":0,"_bbp_reply_count":0,"_bbp_total_topic_count":0,"_bbp_total_reply_count":0,"_bbp_voice_count":0,"_bbp_anonymous_reply_count":0,"_bbp_topic_count_hidden":0,"_bbp_reply_count_hidden":0,"_bbp_forum_subforum_count":0,"site-sidebar-layout":"default","site-content-layout":"","ast-site-content-layout":"","site-content-style":"default","site-sidebar-style":"default","ast-global-header-display":"","ast-banner-title-visibility":"","ast-main-header-display":"","ast-hfb-above-header-display":"","ast-hfb-below-header-display":"","ast-hfb-mobile-header-display":"","site-post-title":"","ast-breadcrumbs-content":"","ast-featured-img":"","footer-sml-layout":"","theme-transparent-header-meta":"","adv-header-id-meta":"","stick-header-meta":"","header-above-stick-meta":"","header-main-stick-meta":"","header-below-stick-meta":"","astra-migrate-meta-layouts":"default","ast-page-background-enabled":"default","ast-page-background-meta":{"desktop":{"background-color":"var(--ast-global-color-4)","background-image":"","background-repeat":"repeat","background-position":"center center","background-size":"auto","background-attachment":"scroll","background-type":"","background-media":"","overlay-type":"","overlay-color":"","overlay-opacity":"","overlay-gradient":""},"tablet":{"background-color":"","background-image":"","background-repeat":"repeat","background-position":"center center","background-size":"auto","background-attachment":"scroll","background-type":"","background-media":"","overlay-type":"","overlay-color":"","overlay-opacity":"","overlay-gradient":""},"mobile":{"background-color":"","background-image":"","background-repeat":"repeat","background-position":"center center","background-size":"auto","background-attachment":"scroll","background-type":"","background-media":"","overlay-type":"","overlay-color":"","overlay-opacity":"","overlay-gradient":""}},"ast-content-background-meta":{"desktop":{"background-color":"var(--ast-global-color-5)","background-image":"","background-repeat":"repeat","background-position":"center center","background-size":"auto","background-attachment":"scroll","background-type":"","background-media":"","overlay-type":"","overlay-color":"","overlay-opacity":"","overlay-gradient":""},"tablet":{"background-color":"var(--ast-global-color-5)","background-image":"","background-repeat":"repeat","background-position":"center center","background-size":"auto","background-attachment":"scroll","background-type":"","background-media":"","overlay-type":"","overlay-color":"","overlay-opacity":"","overlay-gradient":""},"mobile":{"background-color":"var(--ast-global-color-5)","background-image":"","background-repeat":"repeat","background-position":"center center","background-size":"auto","background-attachment":"scroll","background-type":"","background-media":"","overlay-type":"","overlay-color":"","overlay-opacity":"","overlay-gradient":""}},"footnotes":""},"categories":[4],"tags":[],"class_list":["post-2866","post","type-post","status-publish","format-standard","has-post-thumbnail","hentry","category-portada"],"post_mailing_queue_ids":[],"_links":{"self":[{"href":"https:\/\/agora.xtec.cat\/ceip-torrebarona-castelldefels\/wp-json\/wp\/v2\/posts\/2866","targetHints":{"allow":["GET"]}}],"collection":[{"href":"https:\/\/agora.xtec.cat\/ceip-torrebarona-castelldefels\/wp-json\/wp\/v2\/posts"}],"about":[{"href":"https:\/\/agora.xtec.cat\/ceip-torrebarona-castelldefels\/wp-json\/wp\/v2\/types\/post"}],"author":[{"embeddable":true,"href":"https:\/\/agora.xtec.cat\/ceip-torrebarona-castelldefels\/wp-json\/wp\/v2\/users\/14"}],"replies":[{"embeddable":true,"href":"https:\/\/agora.xtec.cat\/ceip-torrebarona-castelldefels\/wp-json\/wp\/v2\/comments?post=2866"}],"version-history":[{"count":3,"href":"https:\/\/agora.xtec.cat\/ceip-torrebarona-castelldefels\/wp-json\/wp\/v2\/posts\/2866\/revisions"}],"predecessor-version":[{"id":2872,"href":"https:\/\/agora.xtec.cat\/ceip-torrebarona-castelldefels\/wp-json\/wp\/v2\/posts\/2866\/revisions\/2872"}],"wp:featuredmedia":[{"embeddable":true,"href":"https:\/\/agora.xtec.cat\/ceip-torrebarona-castelldefels\/wp-json\/wp\/v2\/media\/2867"}],"wp:attachment":[{"href":"https:\/\/agora.xtec.cat\/ceip-torrebarona-castelldefels\/wp-json\/wp\/v2\/media?parent=2866"}],"wp:term":[{"taxonomy":"category","embeddable":true,"href":"https:\/\/agora.xtec.cat\/ceip-torrebarona-castelldefels\/wp-json\/wp\/v2\/categories?post=2866"},{"taxonomy":"post_tag","embeddable":true,"href":"https:\/\/agora.xtec.cat\/ceip-torrebarona-castelldefels\/wp-json\/wp\/v2\/tags?post=2866"}],"curies":[{"name":"wp","href":"https:\/\/api.w.org\/{rel}","templated":true}]}}