{"id":2752,"date":"2019-12-12T13:22:38","date_gmt":"2019-12-12T12:22:38","guid":{"rendered":"http:\/\/agora.xtec.cat\/ceip-torrebarona-castelldefels\/?p=2752"},"modified":"2019-12-12T13:33:32","modified_gmt":"2019-12-12T12:33:32","slug":"mines-de-sal-de-wieliczka","status":"publish","type":"post","link":"https:\/\/agora.xtec.cat\/ceip-torrebarona-castelldefels\/portada\/mines-de-sal-de-wieliczka\/","title":{"rendered":"Mines de sal de Wieliczka"},"content":{"rendered":"<p style=\"background: white;margin: 6.0pt 0cm 6.0pt 0cm\"><span style=\"font-size: 10.5pt;font-family: 'Arial',sans-serif;color: #222222\">Durant la nostra estada a Pol\u00f2nia, vam visitar les mines de sal de Wieliczka, una ciutat pertanyent a l\u2019\u00e0rea metropolitana de Crac\u00f2via.<\/span><span style=\"font-size: 10.5pt;font-family: 'Arial',sans-serif;color: #222222\"> Aquestes mines han estat explotades sense interrupci\u00f3 des del segle XIII, i encara ara segueixen produint sal de taula. Tenen una profunditat de 327 metres i la seva llargada supera els tres-cents quil\u00f2metres. <\/span><span style=\"font-size: 10.5pt;font-family: 'Arial',sans-serif;color: #222222\">Cal dir que \u00e9s una de les mines m\u00e9s antigues del m\u00f3n, ja que la que \u00e9s atorgada amb aquest distintiu est\u00e0 a Bochnia, ciutat que nom\u00e9s es troba a vint quil\u00f2metres de Wieliczka.<\/span><\/p>\n<p style=\"background: white;margin: 6.0pt 0cm 6.0pt 0cm\"><span style=\"font-size: 10.5pt;font-family: 'Arial',sans-serif;color: #222222\">Vam poder fer un recorregut molt interessant, on vam poder veure est\u00e0tues de personatges m\u00edtics i hist\u00f2rics completament esculpides en la roca de sal pels miners. Fins i tot els cristalls dels canelobres estaven fets de sal. <\/span><span style=\"font-size: 10.5pt;font-family: 'Arial',sans-serif;color: #222222\">Aquesta foto on estem tots reunits va ser feta a una cambra, la qual va ser constru\u00efda per dos miners durant setanta anys i on gaireb\u00e9 tot el que la rodeja i compon \u00e9s sal. Tota una experi\u00e8ncia que de ben segur, mai ens n\u2019oblidarem.<\/span><\/p>\n<p>&nbsp;<\/p>\n<p style=\"background: white;margin: 6.0pt 0cm 6.0pt 0cm\"><span style=\"font-size: 10.5pt;font-family: 'Arial',sans-serif;color: #222222\"><a href=\"https:\/\/agora.xtec.cat\/ceip-torrebarona-castelldefels\/wp-content\/uploads\/usu1683\/2019\/12\/DSC03400.jpg\"><img loading=\"lazy\" decoding=\"async\" class=\"wp-image-2753 aligncenter\" src=\"https:\/\/agora.xtec.cat\/ceip-torrebarona-castelldefels\/wp-content\/uploads\/usu1683\/2019\/12\/DSC03400-1024x576.jpg\" alt=\"\" width=\"496\" height=\"279\" srcset=\"https:\/\/agora.xtec.cat\/ceip-torrebarona-castelldefels\/wp-content\/uploads\/usu1683\/2019\/12\/DSC03400-1024x576.jpg 1024w, https:\/\/agora.xtec.cat\/ceip-torrebarona-castelldefels\/wp-content\/uploads\/usu1683\/2019\/12\/DSC03400-300x169.jpg 300w, https:\/\/agora.xtec.cat\/ceip-torrebarona-castelldefels\/wp-content\/uploads\/usu1683\/2019\/12\/DSC03400-768x432.jpg 768w\" sizes=\"auto, (max-width: 496px) 100vw, 496px\" \/><\/a> <\/span><\/p>\n","protected":false},"excerpt":{"rendered":"<p>Durant la nostra estada a Pol\u00f2nia, vam visitar les mines de sal de Wieliczka, una ciutat pertanyent a l\u2019\u00e0rea metropolitana de Crac\u00f2via. Aquestes mines han estat explotades sense interrupci\u00f3 des del segle XIII, i encara ara segueixen produint sal de taula. Tenen una profunditat de 327 metres i la seva llargada supera els tres-cents quil\u00f2metres. [&hellip;]<\/p>\n","protected":false},"author":14,"featured_media":2753,"comment_status":"closed","ping_status":"closed","sticky":false,"template":"","format":"standard","meta":{"_bbp_topic_count":0,"_bbp_reply_count":0,"_bbp_total_topic_count":0,"_bbp_total_reply_count":0,"_bbp_voice_count":0,"_bbp_anonymous_reply_count":0,"_bbp_topic_count_hidden":0,"_bbp_reply_count_hidden":0,"_bbp_forum_subforum_count":0,"site-sidebar-layout":"default","site-content-layout":"","ast-site-content-layout":"","site-content-style":"default","site-sidebar-style":"default","ast-global-header-display":"","ast-banner-title-visibility":"","ast-main-header-display":"","ast-hfb-above-header-display":"","ast-hfb-below-header-display":"","ast-hfb-mobile-header-display":"","site-post-title":"","ast-breadcrumbs-content":"","ast-featured-img":"","footer-sml-layout":"","theme-transparent-header-meta":"","adv-header-id-meta":"","stick-header-meta":"","header-above-stick-meta":"","header-main-stick-meta":"","header-below-stick-meta":"","astra-migrate-meta-layouts":"default","ast-page-background-enabled":"default","ast-page-background-meta":{"desktop":{"background-color":"var(--ast-global-color-4)","background-image":"","background-repeat":"repeat","background-position":"center center","background-size":"auto","background-attachment":"scroll","background-type":"","background-media":"","overlay-type":"","overlay-color":"","overlay-opacity":"","overlay-gradient":""},"tablet":{"background-color":"","background-image":"","background-repeat":"repeat","background-position":"center center","background-size":"auto","background-attachment":"scroll","background-type":"","background-media":"","overlay-type":"","overlay-color":"","overlay-opacity":"","overlay-gradient":""},"mobile":{"background-color":"","background-image":"","background-repeat":"repeat","background-position":"center center","background-size":"auto","background-attachment":"scroll","background-type":"","background-media":"","overlay-type":"","overlay-color":"","overlay-opacity":"","overlay-gradient":""}},"ast-content-background-meta":{"desktop":{"background-color":"var(--ast-global-color-5)","background-image":"","background-repeat":"repeat","background-position":"center center","background-size":"auto","background-attachment":"scroll","background-type":"","background-media":"","overlay-type":"","overlay-color":"","overlay-opacity":"","overlay-gradient":""},"tablet":{"background-color":"var(--ast-global-color-5)","background-image":"","background-repeat":"repeat","background-position":"center center","background-size":"auto","background-attachment":"scroll","background-type":"","background-media":"","overlay-type":"","overlay-color":"","overlay-opacity":"","overlay-gradient":""},"mobile":{"background-color":"var(--ast-global-color-5)","background-image":"","background-repeat":"repeat","background-position":"center center","background-size":"auto","background-attachment":"scroll","background-type":"","background-media":"","overlay-type":"","overlay-color":"","overlay-opacity":"","overlay-gradient":""}},"footnotes":""},"categories":[4],"tags":[],"class_list":["post-2752","post","type-post","status-publish","format-standard","has-post-thumbnail","hentry","category-portada"],"post_mailing_queue_ids":[],"_links":{"self":[{"href":"https:\/\/agora.xtec.cat\/ceip-torrebarona-castelldefels\/wp-json\/wp\/v2\/posts\/2752","targetHints":{"allow":["GET"]}}],"collection":[{"href":"https:\/\/agora.xtec.cat\/ceip-torrebarona-castelldefels\/wp-json\/wp\/v2\/posts"}],"about":[{"href":"https:\/\/agora.xtec.cat\/ceip-torrebarona-castelldefels\/wp-json\/wp\/v2\/types\/post"}],"author":[{"embeddable":true,"href":"https:\/\/agora.xtec.cat\/ceip-torrebarona-castelldefels\/wp-json\/wp\/v2\/users\/14"}],"replies":[{"embeddable":true,"href":"https:\/\/agora.xtec.cat\/ceip-torrebarona-castelldefels\/wp-json\/wp\/v2\/comments?post=2752"}],"version-history":[{"count":4,"href":"https:\/\/agora.xtec.cat\/ceip-torrebarona-castelldefels\/wp-json\/wp\/v2\/posts\/2752\/revisions"}],"predecessor-version":[{"id":2759,"href":"https:\/\/agora.xtec.cat\/ceip-torrebarona-castelldefels\/wp-json\/wp\/v2\/posts\/2752\/revisions\/2759"}],"wp:featuredmedia":[{"embeddable":true,"href":"https:\/\/agora.xtec.cat\/ceip-torrebarona-castelldefels\/wp-json\/wp\/v2\/media\/2753"}],"wp:attachment":[{"href":"https:\/\/agora.xtec.cat\/ceip-torrebarona-castelldefels\/wp-json\/wp\/v2\/media?parent=2752"}],"wp:term":[{"taxonomy":"category","embeddable":true,"href":"https:\/\/agora.xtec.cat\/ceip-torrebarona-castelldefels\/wp-json\/wp\/v2\/categories?post=2752"},{"taxonomy":"post_tag","embeddable":true,"href":"https:\/\/agora.xtec.cat\/ceip-torrebarona-castelldefels\/wp-json\/wp\/v2\/tags?post=2752"}],"curies":[{"name":"wp","href":"https:\/\/api.w.org\/{rel}","templated":true}]}}