{"id":1478,"date":"2018-09-20T15:52:20","date_gmt":"2018-09-20T13:52:20","guid":{"rendered":"http:\/\/agora.xtec.cat\/ceip-torrebarona-castelldefels\/?p=1478"},"modified":"2018-09-20T16:00:59","modified_gmt":"2018-09-20T14:00:59","slug":"reunions-de-families","status":"publish","type":"post","link":"https:\/\/agora.xtec.cat\/ceip-torrebarona-castelldefels\/portada\/reunions-de-families\/","title":{"rendered":"Reunions de fam\u00edlies!!!"},"content":{"rendered":"<p style=\"text-align: center;\"><a href=\"http:\/\/agora.xtec.cat\/ceip-torrebarona-castelldefels\/wp-content\/uploads\/usu1683\/2018\/09\/article_image.jpg\"><img loading=\"lazy\" decoding=\"async\" class=\"alignnone size-full wp-image-1479\" src=\"http:\/\/agora.xtec.cat\/ceip-torrebarona-castelldefels\/wp-content\/uploads\/usu1683\/2018\/09\/article_image.jpg\" alt=\"\" width=\"1000\" height=\"811\" srcset=\"https:\/\/agora.xtec.cat\/ceip-torrebarona-castelldefels\/wp-content\/uploads\/usu1683\/2018\/09\/article_image.jpg 1000w, https:\/\/agora.xtec.cat\/ceip-torrebarona-castelldefels\/wp-content\/uploads\/usu1683\/2018\/09\/article_image-300x243.jpg 300w, https:\/\/agora.xtec.cat\/ceip-torrebarona-castelldefels\/wp-content\/uploads\/usu1683\/2018\/09\/article_image-768x623.jpg 768w\" sizes=\"auto, (max-width: 1000px) 100vw, 1000px\" \/><\/a><\/p>\n<p><strong>Benvolgudes fam\u00edlies,<\/strong><\/p>\n<p>Us convoquem a les reunions d&#8217;inici de curs, al gimn\u00e0s de l&#8217;escola a les <strong>16:45h.<\/strong><\/p>\n<p>&#8211; Dijous, 4 d&#8217;octubre: <strong>P3<\/strong><\/p>\n<p>&#8211; Dijous, 27 de setembre:<strong> P4 i P5<\/strong><\/p>\n<p>&#8211; Dilluns, 24 de setembre: Primer cicle <strong>(1r, 2n i 3r)<\/strong><\/p>\n<p>&#8211; Dimecres, 3 d&#8217;octubre: Segon cicle <strong>(4t, 5\u00e8 i 6\u00e8)<\/strong><\/p>\n<p><strong>Hi haur\u00e0 servei d&#8217;acollida,<\/strong><\/p>\n<p><strong>Us hi esperem!!!<\/strong><\/p>\n","protected":false},"excerpt":{"rendered":"<p>Benvolgudes fam\u00edlies, Us convoquem a les reunions d&#8217;inici de curs, al gimn\u00e0s de l&#8217;escola a les 16:45h. &#8211; Dijous, 4 d&#8217;octubre: P3 &#8211; Dijous, 27 de setembre: P4 i P5 &#8211; Dilluns, 24 de setembre: Primer cicle (1r, 2n i 3r) &#8211; Dimecres, 3 d&#8217;octubre: Segon cicle (4t, 5\u00e8 i 6\u00e8) Hi haur\u00e0 servei d&#8217;acollida, [&hellip;]<\/p>\n","protected":false},"author":1,"featured_media":1479,"comment_status":"closed","ping_status":"closed","sticky":false,"template":"","format":"standard","meta":{"_bbp_topic_count":0,"_bbp_reply_count":0,"_bbp_total_topic_count":0,"_bbp_total_reply_count":0,"_bbp_voice_count":0,"_bbp_anonymous_reply_count":0,"_bbp_topic_count_hidden":0,"_bbp_reply_count_hidden":0,"_bbp_forum_subforum_count":0,"site-sidebar-layout":"default","site-content-layout":"","ast-site-content-layout":"","site-content-style":"default","site-sidebar-style":"default","ast-global-header-display":"","ast-banner-title-visibility":"","ast-main-header-display":"","ast-hfb-above-header-display":"","ast-hfb-below-header-display":"","ast-hfb-mobile-header-display":"","site-post-title":"","ast-breadcrumbs-content":"","ast-featured-img":"","footer-sml-layout":"","theme-transparent-header-meta":"","adv-header-id-meta":"","stick-header-meta":"","header-above-stick-meta":"","header-main-stick-meta":"","header-below-stick-meta":"","astra-migrate-meta-layouts":"default","ast-page-background-enabled":"default","ast-page-background-meta":{"desktop":{"background-color":"var(--ast-global-color-4)","background-image":"","background-repeat":"repeat","background-position":"center center","background-size":"auto","background-attachment":"scroll","background-type":"","background-media":"","overlay-type":"","overlay-color":"","overlay-opacity":"","overlay-gradient":""},"tablet":{"background-color":"","background-image":"","background-repeat":"repeat","background-position":"center center","background-size":"auto","background-attachment":"scroll","background-type":"","background-media":"","overlay-type":"","overlay-color":"","overlay-opacity":"","overlay-gradient":""},"mobile":{"background-color":"","background-image":"","background-repeat":"repeat","background-position":"center center","background-size":"auto","background-attachment":"scroll","background-type":"","background-media":"","overlay-type":"","overlay-color":"","overlay-opacity":"","overlay-gradient":""}},"ast-content-background-meta":{"desktop":{"background-color":"var(--ast-global-color-5)","background-image":"","background-repeat":"repeat","background-position":"center center","background-size":"auto","background-attachment":"scroll","background-type":"","background-media":"","overlay-type":"","overlay-color":"","overlay-opacity":"","overlay-gradient":""},"tablet":{"background-color":"var(--ast-global-color-5)","background-image":"","background-repeat":"repeat","background-position":"center center","background-size":"auto","background-attachment":"scroll","background-type":"","background-media":"","overlay-type":"","overlay-color":"","overlay-opacity":"","overlay-gradient":""},"mobile":{"background-color":"var(--ast-global-color-5)","background-image":"","background-repeat":"repeat","background-position":"center center","background-size":"auto","background-attachment":"scroll","background-type":"","background-media":"","overlay-type":"","overlay-color":"","overlay-opacity":"","overlay-gradient":""}},"footnotes":""},"categories":[4],"tags":[],"class_list":["post-1478","post","type-post","status-publish","format-standard","has-post-thumbnail","hentry","category-portada"],"post_mailing_queue_ids":[],"_links":{"self":[{"href":"https:\/\/agora.xtec.cat\/ceip-torrebarona-castelldefels\/wp-json\/wp\/v2\/posts\/1478","targetHints":{"allow":["GET"]}}],"collection":[{"href":"https:\/\/agora.xtec.cat\/ceip-torrebarona-castelldefels\/wp-json\/wp\/v2\/posts"}],"about":[{"href":"https:\/\/agora.xtec.cat\/ceip-torrebarona-castelldefels\/wp-json\/wp\/v2\/types\/post"}],"author":[{"embeddable":true,"href":"https:\/\/agora.xtec.cat\/ceip-torrebarona-castelldefels\/wp-json\/wp\/v2\/users\/1"}],"replies":[{"embeddable":true,"href":"https:\/\/agora.xtec.cat\/ceip-torrebarona-castelldefels\/wp-json\/wp\/v2\/comments?post=1478"}],"version-history":[{"count":3,"href":"https:\/\/agora.xtec.cat\/ceip-torrebarona-castelldefels\/wp-json\/wp\/v2\/posts\/1478\/revisions"}],"predecessor-version":[{"id":1482,"href":"https:\/\/agora.xtec.cat\/ceip-torrebarona-castelldefels\/wp-json\/wp\/v2\/posts\/1478\/revisions\/1482"}],"wp:featuredmedia":[{"embeddable":true,"href":"https:\/\/agora.xtec.cat\/ceip-torrebarona-castelldefels\/wp-json\/wp\/v2\/media\/1479"}],"wp:attachment":[{"href":"https:\/\/agora.xtec.cat\/ceip-torrebarona-castelldefels\/wp-json\/wp\/v2\/media?parent=1478"}],"wp:term":[{"taxonomy":"category","embeddable":true,"href":"https:\/\/agora.xtec.cat\/ceip-torrebarona-castelldefels\/wp-json\/wp\/v2\/categories?post=1478"},{"taxonomy":"post_tag","embeddable":true,"href":"https:\/\/agora.xtec.cat\/ceip-torrebarona-castelldefels\/wp-json\/wp\/v2\/tags?post=1478"}],"curies":[{"name":"wp","href":"https:\/\/api.w.org\/{rel}","templated":true}]}}