{"id":1302,"date":"2018-05-28T12:45:21","date_gmt":"2018-05-28T10:45:21","guid":{"rendered":"http:\/\/agora.xtec.cat\/ceip-torrebarona-castelldefels\/?p=1302"},"modified":"2021-02-08T16:17:16","modified_gmt":"2021-02-08T15:17:16","slug":"erasmus","status":"publish","type":"post","link":"https:\/\/agora.xtec.cat\/ceip-torrebarona-castelldefels\/portada\/erasmus\/","title":{"rendered":"ERASMUS"},"content":{"rendered":"<p><a href=\"http:\/\/agora.xtec.cat\/ceip-torrebarona-castelldefels\/wp-content\/uploads\/usu1683\/2018\/05\/IMG_5555.jpg\"><img loading=\"lazy\" decoding=\"async\" class=\"wp-image-1303 aligncenter\" src=\"http:\/\/agora.xtec.cat\/ceip-torrebarona-castelldefels\/wp-content\/uploads\/usu1683\/2018\/05\/IMG_5555-1024x768.jpg\" alt=\"\" width=\"914\" height=\"685\" srcset=\"https:\/\/agora.xtec.cat\/ceip-torrebarona-castelldefels\/wp-content\/uploads\/usu1683\/2018\/05\/IMG_5555-1024x768.jpg 1024w, https:\/\/agora.xtec.cat\/ceip-torrebarona-castelldefels\/wp-content\/uploads\/usu1683\/2018\/05\/IMG_5555-300x225.jpg 300w, https:\/\/agora.xtec.cat\/ceip-torrebarona-castelldefels\/wp-content\/uploads\/usu1683\/2018\/05\/IMG_5555-768x576.jpg 768w, https:\/\/agora.xtec.cat\/ceip-torrebarona-castelldefels\/wp-content\/uploads\/usu1683\/2018\/05\/IMG_5555-200x150.jpg 200w\" sizes=\"auto, (max-width: 914px) 100vw, 914px\" \/><\/a><\/p>\n<p>Avui fem la cerim\u00f2nia de benvinguda a les mestres Polaques. En aquesta cerim\u00f2nia ens han acompanyat fam\u00edlies, Torre de somnis, la Regidora d&#8217;Educaci\u00f3 de l&#8217;Ajuntament, el referent del Centre de Recursos de Castelldefels, alumnes i mestres.<\/p>\n<p>Estaran amb nosaltres tota la setmana compartint diverses activitats en angl\u00e8s.<\/p>\n","protected":false},"excerpt":{"rendered":"<p>Avui fem la cerim\u00f2nia de benvinguda a les mestres Polaques. En aquesta cerim\u00f2nia ens han acompanyat fam\u00edlies, Torre de somnis, la Regidora d&#8217;Educaci\u00f3 de l&#8217;Ajuntament, el referent del Centre de Recursos de Castelldefels, alumnes i mestres. Estaran amb nosaltres tota la setmana compartint diverses activitats en angl\u00e8s.<\/p>\n","protected":false},"author":1,"featured_media":1303,"comment_status":"closed","ping_status":"closed","sticky":false,"template":"","format":"standard","meta":{"_bbp_topic_count":0,"_bbp_reply_count":0,"_bbp_total_topic_count":0,"_bbp_total_reply_count":0,"_bbp_voice_count":0,"_bbp_anonymous_reply_count":0,"_bbp_topic_count_hidden":0,"_bbp_reply_count_hidden":0,"_bbp_forum_subforum_count":0,"site-sidebar-layout":"default","site-content-layout":"","ast-site-content-layout":"","site-content-style":"default","site-sidebar-style":"default","ast-global-header-display":"","ast-banner-title-visibility":"","ast-main-header-display":"","ast-hfb-above-header-display":"","ast-hfb-below-header-display":"","ast-hfb-mobile-header-display":"","site-post-title":"","ast-breadcrumbs-content":"","ast-featured-img":"","footer-sml-layout":"","theme-transparent-header-meta":"","adv-header-id-meta":"","stick-header-meta":"","header-above-stick-meta":"","header-main-stick-meta":"","header-below-stick-meta":"","astra-migrate-meta-layouts":"default","ast-page-background-enabled":"default","ast-page-background-meta":{"desktop":{"background-color":"var(--ast-global-color-4)","background-image":"","background-repeat":"repeat","background-position":"center center","background-size":"auto","background-attachment":"scroll","background-type":"","background-media":"","overlay-type":"","overlay-color":"","overlay-opacity":"","overlay-gradient":""},"tablet":{"background-color":"","background-image":"","background-repeat":"repeat","background-position":"center center","background-size":"auto","background-attachment":"scroll","background-type":"","background-media":"","overlay-type":"","overlay-color":"","overlay-opacity":"","overlay-gradient":""},"mobile":{"background-color":"","background-image":"","background-repeat":"repeat","background-position":"center center","background-size":"auto","background-attachment":"scroll","background-type":"","background-media":"","overlay-type":"","overlay-color":"","overlay-opacity":"","overlay-gradient":""}},"ast-content-background-meta":{"desktop":{"background-color":"var(--ast-global-color-5)","background-image":"","background-repeat":"repeat","background-position":"center center","background-size":"auto","background-attachment":"scroll","background-type":"","background-media":"","overlay-type":"","overlay-color":"","overlay-opacity":"","overlay-gradient":""},"tablet":{"background-color":"var(--ast-global-color-5)","background-image":"","background-repeat":"repeat","background-position":"center center","background-size":"auto","background-attachment":"scroll","background-type":"","background-media":"","overlay-type":"","overlay-color":"","overlay-opacity":"","overlay-gradient":""},"mobile":{"background-color":"var(--ast-global-color-5)","background-image":"","background-repeat":"repeat","background-position":"center center","background-size":"auto","background-attachment":"scroll","background-type":"","background-media":"","overlay-type":"","overlay-color":"","overlay-opacity":"","overlay-gradient":""}},"footnotes":""},"categories":[4],"tags":[],"class_list":["post-1302","post","type-post","status-publish","format-standard","has-post-thumbnail","hentry","category-portada"],"post_mailing_queue_ids":[],"_links":{"self":[{"href":"https:\/\/agora.xtec.cat\/ceip-torrebarona-castelldefels\/wp-json\/wp\/v2\/posts\/1302","targetHints":{"allow":["GET"]}}],"collection":[{"href":"https:\/\/agora.xtec.cat\/ceip-torrebarona-castelldefels\/wp-json\/wp\/v2\/posts"}],"about":[{"href":"https:\/\/agora.xtec.cat\/ceip-torrebarona-castelldefels\/wp-json\/wp\/v2\/types\/post"}],"author":[{"embeddable":true,"href":"https:\/\/agora.xtec.cat\/ceip-torrebarona-castelldefels\/wp-json\/wp\/v2\/users\/1"}],"replies":[{"embeddable":true,"href":"https:\/\/agora.xtec.cat\/ceip-torrebarona-castelldefels\/wp-json\/wp\/v2\/comments?post=1302"}],"version-history":[{"count":4,"href":"https:\/\/agora.xtec.cat\/ceip-torrebarona-castelldefels\/wp-json\/wp\/v2\/posts\/1302\/revisions"}],"predecessor-version":[{"id":1307,"href":"https:\/\/agora.xtec.cat\/ceip-torrebarona-castelldefels\/wp-json\/wp\/v2\/posts\/1302\/revisions\/1307"}],"wp:featuredmedia":[{"embeddable":true,"href":"https:\/\/agora.xtec.cat\/ceip-torrebarona-castelldefels\/wp-json\/wp\/v2\/media\/1303"}],"wp:attachment":[{"href":"https:\/\/agora.xtec.cat\/ceip-torrebarona-castelldefels\/wp-json\/wp\/v2\/media?parent=1302"}],"wp:term":[{"taxonomy":"category","embeddable":true,"href":"https:\/\/agora.xtec.cat\/ceip-torrebarona-castelldefels\/wp-json\/wp\/v2\/categories?post=1302"},{"taxonomy":"post_tag","embeddable":true,"href":"https:\/\/agora.xtec.cat\/ceip-torrebarona-castelldefels\/wp-json\/wp\/v2\/tags?post=1302"}],"curies":[{"name":"wp","href":"https:\/\/api.w.org\/{rel}","templated":true}]}}